{"id":2053,"date":"2022-09-14T16:22:54","date_gmt":"2022-09-14T16:22:54","guid":{"rendered":"http:\/\/hugu.sescam.jccm.es\/noticias\/2546\/castilla-mancha-continua-apostando-por-sanidad-publica-consolidando-etapa-que-se-inicio-2015"},"modified":"2022-09-14T16:22:54","modified_gmt":"2022-09-14T16:22:54","slug":"castilla-la-mancha-continua-apostando-por-la-sanidad-publica-y-consolidando-la-etapa-que-se-inicio-en-2015","status":"publish","type":"post","link":"https:\/\/hlrnet.net\/sites\/actu-es\/2022\/09\/14\/castilla-la-mancha-continua-apostando-por-la-sanidad-publica-y-consolidando-la-etapa-que-se-inicio-en-2015\/","title":{"rendered":"Castilla-La Mancha contin\u00faa apostando por la sanidad p\u00fablica y consolidando la etapa que se inici\u00f3 en 2015"},"content":{"rendered":"\n\n<div class=\"kk-star-ratings kksr-auto kksr-align-left kksr-valign-top\"\n    data-payload='{&quot;align&quot;:&quot;left&quot;,&quot;id&quot;:&quot;2053&quot;,&quot;slug&quot;:&quot;default&quot;,&quot;valign&quot;:&quot;top&quot;,&quot;ignore&quot;:&quot;&quot;,&quot;reference&quot;:&quot;auto&quot;,&quot;class&quot;:&quot;&quot;,&quot;count&quot;:&quot;0&quot;,&quot;legendonly&quot;:&quot;&quot;,&quot;readonly&quot;:&quot;&quot;,&quot;score&quot;:&quot;0&quot;,&quot;starsonly&quot;:&quot;&quot;,&quot;best&quot;:&quot;5&quot;,&quot;gap&quot;:&quot;5&quot;,&quot;greet&quot;:&quot;Rate this post&quot;,&quot;legend&quot;:&quot;0\\\/5 - (0 votes)&quot;,&quot;size&quot;:&quot;24&quot;,&quot;title&quot;:&quot;Castilla-La Mancha contin\u00faa apostando por la sanidad p\u00fablica y consolidando la etapa que se inici\u00f3 en 2015&quot;,&quot;width&quot;:&quot;0&quot;,&quot;_legend&quot;:&quot;{score}\\\/{best} - ({count} {votes})&quot;,&quot;font_factor&quot;:&quot;1.25&quot;}'>\n            \n<div class=\"kksr-stars\">\n    \n<div class=\"kksr-stars-inactive\">\n            <div class=\"kksr-star\" data-star=\"1\" style=\"padding-right: 5px\">\n            \n\n<div class=\"kksr-icon\" style=\"width: 24px; height: 24px;\"><\/div>\n        <\/div>\n            <div class=\"kksr-star\" data-star=\"2\" style=\"padding-right: 5px\">\n            \n\n<div class=\"kksr-icon\" style=\"width: 24px; height: 24px;\"><\/div>\n        <\/div>\n            <div class=\"kksr-star\" data-star=\"3\" style=\"padding-right: 5px\">\n            \n\n<div class=\"kksr-icon\" style=\"width: 24px; height: 24px;\"><\/div>\n        <\/div>\n            <div class=\"kksr-star\" data-star=\"4\" style=\"padding-right: 5px\">\n            \n\n<div class=\"kksr-icon\" style=\"width: 24px; height: 24px;\"><\/div>\n        <\/div>\n            <div class=\"kksr-star\" data-star=\"5\" style=\"padding-right: 5px\">\n            \n\n<div class=\"kksr-icon\" style=\"width: 24px; height: 24px;\"><\/div>\n        <\/div>\n    <\/div>\n    \n<div class=\"kksr-stars-active\" style=\"width: 0px;\">\n            <div class=\"kksr-star\" style=\"padding-right: 5px\">\n            \n\n<div class=\"kksr-icon\" style=\"width: 24px; height: 24px;\"><\/div>\n        <\/div>\n            <div class=\"kksr-star\" style=\"padding-right: 5px\">\n            \n\n<div class=\"kksr-icon\" style=\"width: 24px; height: 24px;\"><\/div>\n        <\/div>\n            <div class=\"kksr-star\" style=\"padding-right: 5px\">\n            \n\n<div class=\"kksr-icon\" style=\"width: 24px; height: 24px;\"><\/div>\n        <\/div>\n            <div class=\"kksr-star\" style=\"padding-right: 5px\">\n            \n\n<div class=\"kksr-icon\" style=\"width: 24px; height: 24px;\"><\/div>\n        <\/div>\n            <div class=\"kksr-star\" style=\"padding-right: 5px\">\n            \n\n<div class=\"kksr-icon\" style=\"width: 24px; height: 24px;\"><\/div>\n        <\/div>\n    <\/div>\n<\/div>\n                \n\n<div class=\"kksr-legend\" style=\"font-size: 19.2px;\">\n            <span class=\"kksr-muted\">Rate this post<\/span>\n    <\/div>\n    <\/div>\n\n<div align=\"justify\" class=\"even entradilla\"><b>El consejero de Sanidad, Jes&uacute;s Fern&aacute;ndez Sanz, ha dado a conocer que el primer servicio del Hospital en ponerse en marcha ser&aacute;n las Urgencias Hospitalarias la pr&oacute;xima semana.<\/b> <\/div>\n<p><\/p>\n<div align=\"justify\">El Gobierno de Castilla-La Mancha &ldquo;demuestra con hechos&rdquo; la apuesta por la sanidad p&uacute;blica que se inici&oacute; con la llegada a la Presidencia de la Comunidad con Emiliano Garc&iacute;a-Page en 2015, alejando el &ldquo;fantasma&rdquo; de paralizaciones de obras y de privatizaciones.<br \/> &nbsp;<br \/> As&iacute; lo ha afirmado el consejero de Sanidad, Jes&uacute;s Fern&aacute;ndez Sanz, momentos antes de la inauguraci&oacute;n oficial por parte de sus Majestades los Reyes de Espa&ntilde;a de la ampliaci&oacute;n del Hospital de Guadalajara, donde ha acompa&ntilde;ado al presidente de Castilla-La Mancha, Emiliano Garc&iacute;a-Page.<br \/> &nbsp;<br \/> Fern&aacute;ndez Sanz ha explicado que el servicio de Urgencias comenzar&aacute; a funcionar en el nuevo edificio la pr&oacute;xima semana, explicando que, en la actualidad, la atenci&oacute;n en las Urgencias Hospitalarias de Guadalajara ha batido los r&eacute;cords de actividad.<br \/> &nbsp;<br \/> &ldquo;Hoy dejamos atr&aacute;s el tiempo de las decisiones equivocadas de paralizaciones de infraestructuras sanitarias como &eacute;sta que nos encontramos y en la que hemos invertido m&aacute;s de 180 millones de euros&rdquo;, ha destacado Fern&aacute;ndez Sanz, quien ha explicado que &ldquo;la actividad no para&rdquo;. De hecho, ha indicado, &ldquo;el pr&oacute;ximo mes inauguraremos el Centro de Salud de Cifuentes&rdquo;.<br \/> &nbsp;<br \/> Respecto a la tecnolog&iacute;a, el consejero de Sanidad ha destacado que &ldquo;a nuestra llegada, Castilla-La Mancha ocupaba uno de los puestos destacados en obsolescencia tecnol&oacute;gica y gracias a una inversi&oacute;n de m&aacute;s de 250 millones de euros, todos nuestros hospitales van a contar con Resonancia Magn&eacute;tica&rdquo;.<br \/> &nbsp;<br \/> Adem&aacute;s, &ldquo;todas las provincias cuentan con Medicina Nuclear y contar&aacute;n con Oncolog&iacute;a Radioter&aacute;pica y los servicios de imagen est&aacute;n ya digitalizados para potenciar el trabajo en red a lo largo de la regi&oacute;n y los servicios de Hemodin&aacute;mica est&aacute;n siendo renovados y ampliados&rdquo;, ha especificado.<br \/> &nbsp;<br \/> En lo que respecta a los Recursos Humanos, Fern&aacute;ndez Sanz ha destacado que actualmente 37.000 profesionales trabajan por atender y mejorar la salud de la ciudadan&iacute;a de Castilla-La Mancha, cerca de 10.000 m&aacute;s que en la legislatura 2011-2015.<br \/> &nbsp;<br \/> Otro aspecto que ha destacado el consejero de Sanidad es que tras &ldquo;esa negra legislatura&rdquo;, donde no se convoc&oacute; ninguna plaza de oferta p&uacute;blica en sanidad, &ldquo;el Gobierno de Garc&iacute;a-Page ha ofertado 6.000 plazas y ha incrementado en un 138 por ciento las de plazas de formaci&oacute;n de especialistas&rdquo;.<br \/> &nbsp;<br \/> &ldquo;Seguimos con el reto encomendado por el presidente Garc&iacute;a-Page y continuamos con las obras de los hospitales de Cuenca, Albacete y Puertollano, como compromiso con la ciudadan&iacute;a de esta tierra y con la sanidad p&uacute;blica que prestamos a los ciudadanos de esta tierra&rdquo;, ha concluido Fern&aacute;ndez Sanz.<br \/> &nbsp;<br \/><strong>Ampliaci&oacute;n del Hospital Guadalajara<\/strong><br \/> &nbsp;<br \/> Con la ampliaci&oacute;n del Hospital de Guadalajara se incorporar&aacute;n nuevos servicios como Medicina Nuclear, Oncolog&iacute;a Radioter&aacute;pica, Radiof&iacute;sica y Protecci&oacute;n Radiol&oacute;gica o Cirug&iacute;a Pedi&aacute;trica.<br \/> &nbsp;<br \/> Se da relevancia a la Cirug&iacute;a y tratamientos ambulatorios, en consonancia con las nuevas exigencias que suponen los avances m&eacute;dicos y las nuevas terapias y tratamientos.<br \/> &nbsp;<br \/> En concreto, habr&aacute; un total de 17 quir&oacute;fanos, seis m&aacute;s que los actuales, se incrementan los puestos del Hospital de D&iacute;a Oncohematol&oacute;gico, as&iacute; como el n&uacute;mero de camas, priorizando la creaci&oacute;n de habitaciones individuales y el n&uacute;mero de consultas.<\/div>\n<p> <a href=\"http:\/\/hugu.sescam.jccm.es\/noticias\/2546\/castilla-mancha-continua-apostando-por-sanidad-publica-consolidando-etapa-que-se-inicio-2015\">Fuente<\/a><\/p>\n","protected":false},"excerpt":{"rendered":"<p>El consejero de Sanidad, Jes&uacute;s Fern&aacute;ndez Sanz, ha dado a conocer que el primer servicio del Hospital en ponerse en marcha ser&aacute;n las Urgencias Hospitalarias la pr&oacute;xima semana. El Gobierno de Castilla-La Mancha &ldquo;demuestra con hechos&rdquo; la apuesta por la sanidad p&uacute;blica que se inici&oacute; con la llegada a la<\/p>\n","protected":false},"author":2,"featured_media":0,"comment_status":"closed","ping_status":"closed","sticky":false,"template":"","format":"standard","meta":{"footnotes":""},"categories":[4],"tags":[],"class_list":["post-2053","post","type-post","status-publish","format-standard","hentry","category-espana"],"publishpress_future_action":{"enabled":false,"date":"2026-05-02 06:41:15","action":"change-status","newStatus":"draft","terms":[],"taxonomy":"category","extraData":[]},"publishpress_future_workflow_manual_trigger":{"enabledWorkflows":[]},"_links":{"self":[{"href":"https:\/\/hlrnet.net\/sites\/actu-es\/wp-json\/wp\/v2\/posts\/2053","targetHints":{"allow":["GET"]}}],"collection":[{"href":"https:\/\/hlrnet.net\/sites\/actu-es\/wp-json\/wp\/v2\/posts"}],"about":[{"href":"https:\/\/hlrnet.net\/sites\/actu-es\/wp-json\/wp\/v2\/types\/post"}],"author":[{"embeddable":true,"href":"https:\/\/hlrnet.net\/sites\/actu-es\/wp-json\/wp\/v2\/users\/2"}],"replies":[{"embeddable":true,"href":"https:\/\/hlrnet.net\/sites\/actu-es\/wp-json\/wp\/v2\/comments?post=2053"}],"version-history":[{"count":0,"href":"https:\/\/hlrnet.net\/sites\/actu-es\/wp-json\/wp\/v2\/posts\/2053\/revisions"}],"wp:attachment":[{"href":"https:\/\/hlrnet.net\/sites\/actu-es\/wp-json\/wp\/v2\/media?parent=2053"}],"wp:term":[{"taxonomy":"category","embeddable":true,"href":"https:\/\/hlrnet.net\/sites\/actu-es\/wp-json\/wp\/v2\/categories?post=2053"},{"taxonomy":"post_tag","embeddable":true,"href":"https:\/\/hlrnet.net\/sites\/actu-es\/wp-json\/wp\/v2\/tags?post=2053"}],"curies":[{"name":"wp","href":"https:\/\/api.w.org\/{rel}","templated":true}]}}