{"id":2128,"date":"2022-06-01T06:25:00","date_gmt":"2022-06-01T06:25:00","guid":{"rendered":"http:\/\/coooaoptometria.com\/?p=5406"},"modified":"2022-06-01T06:25:00","modified_gmt":"2022-06-01T06:25:00","slug":"los-opticos-optometristas-andaluces-lanzan-una-campana-para-promover-una-adecuada-salud-visual-en-la-adolescencia","status":"publish","type":"post","link":"https:\/\/hlrnet.net\/sites\/actu-es\/2022\/06\/01\/los-opticos-optometristas-andaluces-lanzan-una-campana-para-promover-una-adecuada-salud-visual-en-la-adolescencia\/","title":{"rendered":"Los \u00f3pticos-optometristas andaluces lanzan una campa\u00f1a para promover una adecuada salud visual en la adolescencia"},"content":{"rendered":"\n\n<div class=\"kk-star-ratings kksr-auto kksr-align-left kksr-valign-top\"\n    data-payload='{&quot;align&quot;:&quot;left&quot;,&quot;id&quot;:&quot;2128&quot;,&quot;slug&quot;:&quot;default&quot;,&quot;valign&quot;:&quot;top&quot;,&quot;ignore&quot;:&quot;&quot;,&quot;reference&quot;:&quot;auto&quot;,&quot;class&quot;:&quot;&quot;,&quot;count&quot;:&quot;0&quot;,&quot;legendonly&quot;:&quot;&quot;,&quot;readonly&quot;:&quot;&quot;,&quot;score&quot;:&quot;0&quot;,&quot;starsonly&quot;:&quot;&quot;,&quot;best&quot;:&quot;5&quot;,&quot;gap&quot;:&quot;5&quot;,&quot;greet&quot;:&quot;Rate this post&quot;,&quot;legend&quot;:&quot;0\\\/5 - (0 votes)&quot;,&quot;size&quot;:&quot;24&quot;,&quot;title&quot;:&quot;Los \u00f3pticos-optometristas andaluces lanzan una campa\u00f1a para promover una adecuada salud visual en la adolescencia&quot;,&quot;width&quot;:&quot;0&quot;,&quot;_legend&quot;:&quot;{score}\\\/{best} - ({count} {votes})&quot;,&quot;font_factor&quot;:&quot;1.25&quot;}'>\n            \n<div class=\"kksr-stars\">\n    \n<div class=\"kksr-stars-inactive\">\n            <div class=\"kksr-star\" data-star=\"1\" style=\"padding-right: 5px\">\n            \n\n<div class=\"kksr-icon\" style=\"width: 24px; height: 24px;\"><\/div>\n        <\/div>\n            <div class=\"kksr-star\" data-star=\"2\" style=\"padding-right: 5px\">\n            \n\n<div class=\"kksr-icon\" style=\"width: 24px; height: 24px;\"><\/div>\n        <\/div>\n            <div class=\"kksr-star\" data-star=\"3\" style=\"padding-right: 5px\">\n            \n\n<div class=\"kksr-icon\" style=\"width: 24px; height: 24px;\"><\/div>\n        <\/div>\n            <div class=\"kksr-star\" data-star=\"4\" style=\"padding-right: 5px\">\n            \n\n<div class=\"kksr-icon\" style=\"width: 24px; height: 24px;\"><\/div>\n        <\/div>\n            <div class=\"kksr-star\" data-star=\"5\" style=\"padding-right: 5px\">\n            \n\n<div class=\"kksr-icon\" style=\"width: 24px; height: 24px;\"><\/div>\n        <\/div>\n    <\/div>\n    \n<div class=\"kksr-stars-active\" style=\"width: 0px;\">\n            <div class=\"kksr-star\" style=\"padding-right: 5px\">\n            \n\n<div class=\"kksr-icon\" style=\"width: 24px; height: 24px;\"><\/div>\n        <\/div>\n            <div class=\"kksr-star\" style=\"padding-right: 5px\">\n            \n\n<div class=\"kksr-icon\" style=\"width: 24px; height: 24px;\"><\/div>\n        <\/div>\n            <div class=\"kksr-star\" style=\"padding-right: 5px\">\n            \n\n<div class=\"kksr-icon\" style=\"width: 24px; height: 24px;\"><\/div>\n        <\/div>\n            <div class=\"kksr-star\" style=\"padding-right: 5px\">\n            \n\n<div class=\"kksr-icon\" style=\"width: 24px; height: 24px;\"><\/div>\n        <\/div>\n            <div class=\"kksr-star\" style=\"padding-right: 5px\">\n            \n\n<div class=\"kksr-icon\" style=\"width: 24px; height: 24px;\"><\/div>\n        <\/div>\n    <\/div>\n<\/div>\n                \n\n<div class=\"kksr-legend\" style=\"font-size: 19.2px;\">\n            <span class=\"kksr-muted\">Rate this post<\/span>\n    <\/div>\n    <\/div>\n\n<p><strong>El COOOA ofrece informaci\u00f3n y consejos a adolescentes en \u00e1mbitos relacionados con la salud visual como las disfunciones visuales, los da\u00f1os de las drogas en la visi\u00f3n o la protecci\u00f3n solar ocular<\/strong><\/p>\n<p><strong>Ametrop\u00edas como la miop\u00eda est\u00e1n cada vez m\u00e1s presentes en los j\u00f3venes andaluces. El aumento de horas de uso de dispositivos digitales y la disminuci\u00f3n de actividades al aire libre, entre otras, representan un riesgo para su salud visual<\/strong><\/p>\n<figure class=\"wp-block-image size-large\"><a href=\"https:\/\/coooaoptometria.files.wordpress.com\/2022\/06\/vision-adolescencia.jpg\"><img decoding=\"async\" data-attachment-id=\"5454\" data-permalink=\"https:\/\/coooaoptometria.com\/2022\/06\/01\/los-opticos-optometristas-andaluces-lanzan-una-campana-para-promover-una-adecuada-salud-visual-en-la-adolescencia\/vision-adolescencia\/\" data-orig-file=\"https:\/\/coooaoptometria.files.wordpress.com\/2022\/06\/vision-adolescencia.jpg\" data-orig-size=\"1082,500\" data-comments-opened=\"1\" data-image-meta=\"{&quot;aperture&quot;:&quot;0&quot;,&quot;credit&quot;:&quot;&quot;,&quot;camera&quot;:&quot;&quot;,&quot;caption&quot;:&quot;&quot;,&quot;created_timestamp&quot;:&quot;0&quot;,&quot;copyright&quot;:&quot;&quot;,&quot;focal_length&quot;:&quot;0&quot;,&quot;iso&quot;:&quot;0&quot;,&quot;shutter_speed&quot;:&quot;0&quot;,&quot;title&quot;:&quot;&quot;,&quot;orientation&quot;:&quot;1&quot;}\" data-image-title=\"vision-adolescencia\" data-image-description=\"\" data-image-caption=\"\" data-medium-file=\"https:\/\/coooaoptometria.files.wordpress.com\/2022\/06\/vision-adolescencia.jpg?w=300\" data-large-file=\"https:\/\/coooaoptometria.files.wordpress.com\/2022\/06\/vision-adolescencia.jpg?w=700\" src=\"https:\/\/coooaoptometria.files.wordpress.com\/2022\/06\/vision-adolescencia.jpg?w=1024\" alt=\"\" class=\"wp-image-5454\" srcset=\"https:\/\/coooaoptometria.files.wordpress.com\/2022\/06\/vision-adolescencia.jpg?w=1024 1024w, https:\/\/coooaoptometria.files.wordpress.com\/2022\/06\/vision-adolescencia.jpg?w=150 150w, https:\/\/coooaoptometria.files.wordpress.com\/2022\/06\/vision-adolescencia.jpg?w=300 300w, https:\/\/coooaoptometria.files.wordpress.com\/2022\/06\/vision-adolescencia.jpg?w=768 768w, https:\/\/coooaoptometria.files.wordpress.com\/2022\/06\/vision-adolescencia.jpg 1082w\" sizes=\"(max-width: 1024px) 100vw, 1024px\" \/><\/a><\/figure>\n<p>El <strong>Colegio Oficial de \u00d3pticos-Optometristas de Andaluc\u00eda (COOOA) <\/strong>puso en marcha a mediados de mayo su nueva campa\u00f1a profesional educativa y de concienciaci\u00f3n que, en esta ocasi\u00f3n, est\u00e1 dirigida a los adolescentes andaluces, una etapa muy importante en el desarrollo visual.<\/p>\n<p>La miop\u00eda, por ejemplo, puede afectar a alrededor del 30% de la poblaci\u00f3n adolescente en occidente y derivar, seg\u00fan el <strong>\u201cInforme de la Miop\u00eda en Espa\u00f1a\u201d<\/strong>, incidiendo en m\u00e1s del 40% de la poblaci\u00f3n especialmente j\u00f3venes, debido en su mayor\u00eda a componentes gen\u00e9ticos, al uso excesivo de las pantallas digitales en tareas cercanas, la reducci\u00f3n de horas realizando actividades al aire libre o la falta de controles visuales peri\u00f3dicos para aplicar procedimientos para su control, entre otros.<\/p>\n<p>Seg\u00fan <strong>Blanca Fern\u00e1ndez, decana-presidenta del COOOA<\/strong>: <em>\u201clas revisiones visuales con el \u00f3ptico-optometrista son fundamentales para detectar e identificar problemas refractivos que pueden derivar a medio y largo plazo en problemas m\u00e1s graves\u201d. \u201cA nivel visual, son las etapas de la adolescencia temprana y media, aproximadamente entre los 10 y 17 a\u00f1os, las que m\u00e1s importancia tienen debido a que las estructuras oculares siguen en proceso de desarrollo y las actividades visuales, tanto a nivel educativo en las escuelas como de ocio en visi\u00f3n cercana, aumentan exponencialmente requiriendo mayor demanda y un estado \u00f3ptimo de la visi\u00f3n\u201d.<\/em><\/p>\n<div class=\"wp-block-image\">\n<figure class=\"alignright size-large is-resized\"><a href=\"https:\/\/coooaoptometria.files.wordpress.com\/2022\/06\/cartel-tuoptometrista-campana-vision-y-adolescencia-e1652704286830.jpg\"><img decoding=\"async\" loading=\"lazy\" data-attachment-id=\"5455\" data-permalink=\"https:\/\/coooaoptometria.com\/2022\/06\/01\/los-opticos-optometristas-andaluces-lanzan-una-campana-para-promover-una-adecuada-salud-visual-en-la-adolescencia\/cartel-tuoptometrista-campana-vision-y-adolescencia-e1652704286830\/\" data-orig-file=\"https:\/\/coooaoptometria.files.wordpress.com\/2022\/06\/cartel-tuoptometrista-campana-vision-y-adolescencia-e1652704286830.jpg\" data-orig-size=\"450,632\" data-comments-opened=\"1\" data-image-meta=\"{&quot;aperture&quot;:&quot;0&quot;,&quot;credit&quot;:&quot;&quot;,&quot;camera&quot;:&quot;&quot;,&quot;caption&quot;:&quot;&quot;,&quot;created_timestamp&quot;:&quot;0&quot;,&quot;copyright&quot;:&quot;&quot;,&quot;focal_length&quot;:&quot;0&quot;,&quot;iso&quot;:&quot;0&quot;,&quot;shutter_speed&quot;:&quot;0&quot;,&quot;title&quot;:&quot;&quot;,&quot;orientation&quot;:&quot;0&quot;}\" data-image-title=\"cartel-tuoptometrista-campana-vision-y-adolescencia-e1652704286830\" data-image-description=\"\" data-image-caption=\"\" data-medium-file=\"https:\/\/coooaoptometria.files.wordpress.com\/2022\/06\/cartel-tuoptometrista-campana-vision-y-adolescencia-e1652704286830.jpg?w=214\" data-large-file=\"https:\/\/coooaoptometria.files.wordpress.com\/2022\/06\/cartel-tuoptometrista-campana-vision-y-adolescencia-e1652704286830.jpg?w=450\" src=\"https:\/\/coooaoptometria.files.wordpress.com\/2022\/06\/cartel-tuoptometrista-campana-vision-y-adolescencia-e1652704286830.jpg?w=450\" alt=\"\" class=\"wp-image-5455\" width=\"274\" height=\"384\" srcset=\"https:\/\/coooaoptometria.files.wordpress.com\/2022\/06\/cartel-tuoptometrista-campana-vision-y-adolescencia-e1652704286830.jpg?w=274 274w, https:\/\/coooaoptometria.files.wordpress.com\/2022\/06\/cartel-tuoptometrista-campana-vision-y-adolescencia-e1652704286830.jpg?w=107 107w, https:\/\/coooaoptometria.files.wordpress.com\/2022\/06\/cartel-tuoptometrista-campana-vision-y-adolescencia-e1652704286830.jpg?w=214 214w, https:\/\/coooaoptometria.files.wordpress.com\/2022\/06\/cartel-tuoptometrista-campana-vision-y-adolescencia-e1652704286830.jpg 450w\" sizes=\"auto, (max-width: 274px) 100vw, 274px\" \/><\/a><\/figure>\n<\/div>\n<p>En su campa\u00f1a, adem\u00e1s, se pone el foco en la <strong>labor del \u00f3ptico-optometrista como profesional sanitario encargado de garantizar la \u00f3ptima salud visual y aconsejar las medidas y tratamientos adecuados<\/strong>, as\u00ed como en la importancia de aumentar la frecuencia con que se acude a sus revisiones visuales. Actualmente, en base al estudio citado, <strong>el 52% de los j\u00f3venes suele acudir a los centros y gabinetes \u00f3ptico-optom\u00e9tricos al menos en una ocasi\u00f3n<\/strong>. Sin embargo, el 10% nunca se ha revisado la visi\u00f3n, el 22% lo hace una vez cada dos a\u00f1os y el 16% una vez cada tres a\u00f1os o m\u00e1s.<\/p>\n<\/p>\n<p><strong>Recomendaciones para promover una adecuada salud visual y prevenir problemas visuales en adolescentes<\/strong><\/p>\n<p>A trav\u00e9s de esta iniciativa, los \u00f3pticos-optometristas andaluces ofrecen consejos para cuidar la visi\u00f3n en la adolescencia en los <strong>m\u00e1s de 1.800 establecimientos de \u00f3ptica de Andaluc\u00eda<\/strong> mediante tr\u00edpticos divulgativos y atendiendo las consultas de la poblaci\u00f3n, as\u00ed como a trav\u00e9s del portal web digital <strong><a href=\"http:\/\/TuOptometrista.com\" target=\"_blank\" rel=\"noreferrer noopener\">TuOptometrista.com<\/a><\/strong> y sus redes sociales.<\/p>\n<p>En este sentido, se dan a conocer en qu\u00e9 consisten las ametrop\u00edas o errores refractivos m\u00e1s comunes en la adolescencia, principal y m\u00e1s com\u00fan causa de incapacidad visual en estas edades; as\u00ed como otras disfunciones u alteraciones que pueden estar presentes en esta etapa vital, como disfunciones de la acomodaci\u00f3n o la binocularidad.<\/p>\n<p>Tambi\u00e9n se informa sobre las medidas adecuadas de protecci\u00f3n solar ocular para prevenir da\u00f1os oculares asociados a la exposici\u00f3n a los rayos ultravioletas nocivos; se presta especial atenci\u00f3n a los efectos negativos que provocan en el sistema visual drogas como el alcohol, el tabaco, la coca\u00edna o el cannabis; y se ofrecen datos de inter\u00e9s relacionados con el <strong>uso intensivo de Internet y videojuegos en la adolescencia<\/strong>, as\u00ed como consejos y recomendaciones dirigidos a disminuir los efectos del s\u00edndrome visual inform\u00e1tico por el uso abusivo de dispositivos digitales en el \u00e1mbito del ocio o los estudios.<\/p>\n<\/p>\n<p><strong>Ejemplos de impactos en medios de comunicaci\u00f3n<\/strong><\/p>\n<p>Hasta la impresi\u00f3n de este n\u00famero de la Revista COOOA Optometr\u00eda, la campa\u00f1a profesional divulgativa sobre visi\u00f3n y adolescencia del COOOA ha obtenido cerca de una <strong>treintena de impactos en portales digitales, prensa y radio<\/strong>, lo que ha supuesto una <strong>audiencia potencial de m\u00e1s de 21 millones de personas y ha generado un valor de comunicaci\u00f3n de m\u00e1s de 26.000\u20ac<\/strong>.<\/p>\n<p><strong><a href=\"https:\/\/drive.google.com\/file\/d\/1gQGwNslmAXqy0GQ5N5HC0OsezPuheE8y\/view\" target=\"_blank\" rel=\"noreferrer noopener\">Click aqu\u00ed<\/a> <\/strong>para ver los impactos.<\/p>\n<figure class=\"wp-block-image size-large\"><a href=\"https:\/\/coooaoptometria.files.wordpress.com\/2022\/06\/image.png\"><img decoding=\"async\" data-attachment-id=\"5453\" data-permalink=\"https:\/\/coooaoptometria.com\/2022\/06\/01\/los-opticos-optometristas-andaluces-lanzan-una-campana-para-promover-una-adecuada-salud-visual-en-la-adolescencia\/image-3\/\" data-orig-file=\"https:\/\/coooaoptometria.files.wordpress.com\/2022\/06\/image.png\" data-orig-size=\"1070,909\" data-comments-opened=\"1\" data-image-meta=\"{&quot;aperture&quot;:&quot;0&quot;,&quot;credit&quot;:&quot;&quot;,&quot;camera&quot;:&quot;&quot;,&quot;caption&quot;:&quot;&quot;,&quot;created_timestamp&quot;:&quot;0&quot;,&quot;copyright&quot;:&quot;&quot;,&quot;focal_length&quot;:&quot;0&quot;,&quot;iso&quot;:&quot;0&quot;,&quot;shutter_speed&quot;:&quot;0&quot;,&quot;title&quot;:&quot;&quot;,&quot;orientation&quot;:&quot;0&quot;}\" data-image-title=\"image\" data-image-description=\"\" data-image-caption=\"\" data-medium-file=\"https:\/\/coooaoptometria.files.wordpress.com\/2022\/06\/image.png?w=300\" data-large-file=\"https:\/\/coooaoptometria.files.wordpress.com\/2022\/06\/image.png?w=700\" src=\"https:\/\/coooaoptometria.files.wordpress.com\/2022\/06\/image.png?w=1024\" alt=\"\" class=\"wp-image-5453\" srcset=\"https:\/\/coooaoptometria.files.wordpress.com\/2022\/06\/image.png?w=1024 1024w, https:\/\/coooaoptometria.files.wordpress.com\/2022\/06\/image.png?w=150 150w, https:\/\/coooaoptometria.files.wordpress.com\/2022\/06\/image.png?w=300 300w, https:\/\/coooaoptometria.files.wordpress.com\/2022\/06\/image.png?w=768 768w, https:\/\/coooaoptometria.files.wordpress.com\/2022\/06\/image.png 1070w\" sizes=\"(max-width: 1024px) 100vw, 1024px\" \/><\/a><\/figure>\n<p>Publicado en <a href=\"https:\/\/coooaoptometria.com\/2022\/06\/01\/los-opticos-optometristas-andaluces-lanzan-una-campana-para-promover-una-adecuada-salud-visual-en-la-adolescencia\/\" class=\"autohyperlink\">coooaoptometria.com\/2022\/06\/01\/los-opticos-optometristas-andaluces-lanzan-una-campana-para-promover-una-adecuada-salud-visual-en-la-adolescencia\/<\/a><\/p>\n","protected":false},"excerpt":{"rendered":"<p>El COOOA ofrece informaci\u00f3n y consejos a adolescentes en \u00e1mbitos relacionados con la salud visual como las disfunciones visuales, los da\u00f1os de las drogas en la visi\u00f3n o la protecci\u00f3n solar ocular Ametrop\u00edas como la miop\u00eda est\u00e1n cada vez m\u00e1s presentes en los j\u00f3venes andaluces. El aumento de horas de<\/p>\n","protected":false},"author":2,"featured_media":0,"comment_status":"closed","ping_status":"closed","sticky":false,"template":"","format":"standard","meta":{"footnotes":""},"categories":[10,4],"tags":[],"class_list":["post-2128","post","type-post","status-publish","format-standard","hentry","category-cuidado-ocular","category-espana"],"publishpress_future_action":{"enabled":false,"date":"2026-05-02 04:45:20","action":"change-status","newStatus":"draft","terms":[],"taxonomy":"category","extraData":[]},"publishpress_future_workflow_manual_trigger":{"enabledWorkflows":[]},"_links":{"self":[{"href":"https:\/\/hlrnet.net\/sites\/actu-es\/wp-json\/wp\/v2\/posts\/2128","targetHints":{"allow":["GET"]}}],"collection":[{"href":"https:\/\/hlrnet.net\/sites\/actu-es\/wp-json\/wp\/v2\/posts"}],"about":[{"href":"https:\/\/hlrnet.net\/sites\/actu-es\/wp-json\/wp\/v2\/types\/post"}],"author":[{"embeddable":true,"href":"https:\/\/hlrnet.net\/sites\/actu-es\/wp-json\/wp\/v2\/users\/2"}],"replies":[{"embeddable":true,"href":"https:\/\/hlrnet.net\/sites\/actu-es\/wp-json\/wp\/v2\/comments?post=2128"}],"version-history":[{"count":0,"href":"https:\/\/hlrnet.net\/sites\/actu-es\/wp-json\/wp\/v2\/posts\/2128\/revisions"}],"wp:attachment":[{"href":"https:\/\/hlrnet.net\/sites\/actu-es\/wp-json\/wp\/v2\/media?parent=2128"}],"wp:term":[{"taxonomy":"category","embeddable":true,"href":"https:\/\/hlrnet.net\/sites\/actu-es\/wp-json\/wp\/v2\/categories?post=2128"},{"taxonomy":"post_tag","embeddable":true,"href":"https:\/\/hlrnet.net\/sites\/actu-es\/wp-json\/wp\/v2\/tags?post=2128"}],"curies":[{"name":"wp","href":"https:\/\/api.w.org\/{rel}","templated":true}]}}