{"id":2148,"date":"2022-09-23T12:08:17","date_gmt":"2022-09-23T12:08:17","guid":{"rendered":"https:\/\/coocv.com\/?p=34179"},"modified":"2022-09-23T12:08:17","modified_gmt":"2022-09-23T12:08:17","slug":"el-coocv-realiza-una-campana-de","status":"publish","type":"post","link":"https:\/\/hlrnet.net\/sites\/actu-es\/2022\/09\/23\/el-coocv-realiza-una-campana-de\/","title":{"rendered":"EL COOCV REALIZA UNA CAMPA\u00d1A DE&#8230;"},"content":{"rendered":"\n\n<div class=\"kk-star-ratings kksr-auto kksr-align-left kksr-valign-top\"\n    data-payload='{&quot;align&quot;:&quot;left&quot;,&quot;id&quot;:&quot;2148&quot;,&quot;slug&quot;:&quot;default&quot;,&quot;valign&quot;:&quot;top&quot;,&quot;ignore&quot;:&quot;&quot;,&quot;reference&quot;:&quot;auto&quot;,&quot;class&quot;:&quot;&quot;,&quot;count&quot;:&quot;0&quot;,&quot;legendonly&quot;:&quot;&quot;,&quot;readonly&quot;:&quot;&quot;,&quot;score&quot;:&quot;0&quot;,&quot;starsonly&quot;:&quot;&quot;,&quot;best&quot;:&quot;5&quot;,&quot;gap&quot;:&quot;5&quot;,&quot;greet&quot;:&quot;Rate this post&quot;,&quot;legend&quot;:&quot;0\\\/5 - (0 votes)&quot;,&quot;size&quot;:&quot;24&quot;,&quot;title&quot;:&quot;EL COOCV REALIZA UNA CAMPA\u00d1A DE...&quot;,&quot;width&quot;:&quot;0&quot;,&quot;_legend&quot;:&quot;{score}\\\/{best} - ({count} {votes})&quot;,&quot;font_factor&quot;:&quot;1.25&quot;}'>\n            \n<div class=\"kksr-stars\">\n    \n<div class=\"kksr-stars-inactive\">\n            <div class=\"kksr-star\" data-star=\"1\" style=\"padding-right: 5px\">\n            \n\n<div class=\"kksr-icon\" style=\"width: 24px; height: 24px;\"><\/div>\n        <\/div>\n            <div class=\"kksr-star\" data-star=\"2\" style=\"padding-right: 5px\">\n            \n\n<div class=\"kksr-icon\" style=\"width: 24px; height: 24px;\"><\/div>\n        <\/div>\n            <div class=\"kksr-star\" data-star=\"3\" style=\"padding-right: 5px\">\n            \n\n<div class=\"kksr-icon\" style=\"width: 24px; height: 24px;\"><\/div>\n        <\/div>\n            <div class=\"kksr-star\" data-star=\"4\" style=\"padding-right: 5px\">\n            \n\n<div class=\"kksr-icon\" style=\"width: 24px; height: 24px;\"><\/div>\n        <\/div>\n            <div class=\"kksr-star\" data-star=\"5\" style=\"padding-right: 5px\">\n            \n\n<div class=\"kksr-icon\" style=\"width: 24px; height: 24px;\"><\/div>\n        <\/div>\n    <\/div>\n    \n<div class=\"kksr-stars-active\" style=\"width: 0px;\">\n            <div class=\"kksr-star\" style=\"padding-right: 5px\">\n            \n\n<div class=\"kksr-icon\" style=\"width: 24px; height: 24px;\"><\/div>\n        <\/div>\n            <div class=\"kksr-star\" style=\"padding-right: 5px\">\n            \n\n<div class=\"kksr-icon\" style=\"width: 24px; height: 24px;\"><\/div>\n        <\/div>\n            <div class=\"kksr-star\" style=\"padding-right: 5px\">\n            \n\n<div class=\"kksr-icon\" style=\"width: 24px; height: 24px;\"><\/div>\n        <\/div>\n            <div class=\"kksr-star\" style=\"padding-right: 5px\">\n            \n\n<div class=\"kksr-icon\" style=\"width: 24px; height: 24px;\"><\/div>\n        <\/div>\n            <div class=\"kksr-star\" style=\"padding-right: 5px\">\n            \n\n<div class=\"kksr-icon\" style=\"width: 24px; height: 24px;\"><\/div>\n        <\/div>\n    <\/div>\n<\/div>\n                \n\n<div class=\"kksr-legend\" style=\"font-size: 19.2px;\">\n            <span class=\"kksr-muted\">Rate this post<\/span>\n    <\/div>\n    <\/div>\n\n<p><strong>EL COOCV REALIZA UNA CAMPA\u00d1A DE CONCIENCIACI\u00d3N EN PRENSA, RADIO Y REDES SOCIALES PARA RECORDAR LA IMPORTANCIA DE ACUDIR AL \u00d3PTICO-OPTOMETRISTA PARA CUIDAR LA SALUD VISUAL DE LA POBLACI\u00d3N<\/strong><\/p>\n<p>Durante la \u00faltima semana de septiembre y la primera de octubre, el COOCV va a realizar una campa\u00f1a de concienciaci\u00f3n en prensa, radio y redes sociales a nivel auton\u00f3mico para recordar a la poblaci\u00f3n la importancia de acudir a los establecimientos sanitarios de \u00f3ptica para realizarse una revisi\u00f3n visual al menos una vez al a\u00f1o.<\/p>\n<p>En este sentido, la campa\u00f1a destaca la labor que realiza el \u00f3ptico-optometrista en la sanidad privada para cuidar y optimizar la visi\u00f3n de la poblaci\u00f3n, un sentido, que para el 92% de los ciudadanos es el m\u00e1s importante, tal como se\u00f1ala el Libro Blanco de la Salud Visual 2022.<\/p>\n<p>La campa\u00f1a se va a plasmar mediate una serie de faldones publicitarios en los peri\u00f3dicos Mediterr\u00e1neo de Castell\u00f3n, Informaci\u00f3n de Alicante y Las Provincias y Levante-Emv de Valencia.<\/p>\n<p>Tambi\u00e9n en prensa, se va a publicar media p\u00e1gina en Mediterr\u00e1neo, Informaci\u00f3n y Las Provincias para dar trasladar este mensaje a los lectores.<\/p>\n<p>Adem\u00e1s, se van a emitir en toda la Comunidad Valenciana 240 cu\u00f1as en La Ser, COPE y Ondacero con id\u00e9ntico contenido.<\/p>\n<p><strong>El \u00f3ptico-optometrista en la sanidad p\u00fablica<\/strong><\/p>\n<p>Dentro de la campa\u00f1a, se va a reforzar con faldones publicitarios y cu\u00f1as de radio, la demanda del COOCV para que la Conselleria de Sanitat incorpore a los \u00f3pticos-optometristas en n\u00famero suficiente a la sanidad p\u00fablica valenciana para reducir las listas de espera en los departamentos de oftalmolog\u00eda p\u00fablicos y as\u00ed mejorar la atenci\u00f3n en salud visual de la poblaci\u00f3n.<\/p>\n<p>Los faldones publicitarios y las cu\u00f1as de radio tambi\u00e9n se van a difundir en nuestras redes sociales.<\/p>\n<p>Desde el COOCV pedimos tu implicaci\u00f3n y colaboraci\u00f3n para transmitir este mensaje a trav\u00e9s de tus medios para obtener el m\u00e1ximo n\u00famero posible de impactos en la poblaci\u00f3n.<\/p>\n<p>Publicado en <a href=\"https:\/\/coocv.com\/34179-2\/\" class=\"autohyperlink\">coocv.com\/34179-2\/<\/a><\/p>\n","protected":false},"excerpt":{"rendered":"<p>EL COOCV REALIZA UNA CAMPA\u00d1A DE CONCIENCIACI\u00d3N EN PRENSA, RADIO Y REDES SOCIALES PARA RECORDAR LA IMPORTANCIA DE ACUDIR AL \u00d3PTICO-OPTOMETRISTA PARA CUIDAR LA SALUD VISUAL DE LA POBLACI\u00d3N Durante la \u00faltima semana de septiembre y la primera de octubre, el COOCV va a realizar una campa\u00f1a de concienciaci\u00f3n en<\/p>\n","protected":false},"author":2,"featured_media":0,"comment_status":"closed","ping_status":"closed","sticky":false,"template":"","format":"standard","meta":{"footnotes":""},"categories":[10,4],"tags":[],"class_list":["post-2148","post","type-post","status-publish","format-standard","hentry","category-cuidado-ocular","category-espana"],"publishpress_future_action":{"enabled":false,"date":"2026-05-02 05:40:12","action":"change-status","newStatus":"draft","terms":[],"taxonomy":"category","extraData":[]},"publishpress_future_workflow_manual_trigger":{"enabledWorkflows":[]},"_links":{"self":[{"href":"https:\/\/hlrnet.net\/sites\/actu-es\/wp-json\/wp\/v2\/posts\/2148","targetHints":{"allow":["GET"]}}],"collection":[{"href":"https:\/\/hlrnet.net\/sites\/actu-es\/wp-json\/wp\/v2\/posts"}],"about":[{"href":"https:\/\/hlrnet.net\/sites\/actu-es\/wp-json\/wp\/v2\/types\/post"}],"author":[{"embeddable":true,"href":"https:\/\/hlrnet.net\/sites\/actu-es\/wp-json\/wp\/v2\/users\/2"}],"replies":[{"embeddable":true,"href":"https:\/\/hlrnet.net\/sites\/actu-es\/wp-json\/wp\/v2\/comments?post=2148"}],"version-history":[{"count":0,"href":"https:\/\/hlrnet.net\/sites\/actu-es\/wp-json\/wp\/v2\/posts\/2148\/revisions"}],"wp:attachment":[{"href":"https:\/\/hlrnet.net\/sites\/actu-es\/wp-json\/wp\/v2\/media?parent=2148"}],"wp:term":[{"taxonomy":"category","embeddable":true,"href":"https:\/\/hlrnet.net\/sites\/actu-es\/wp-json\/wp\/v2\/categories?post=2148"},{"taxonomy":"post_tag","embeddable":true,"href":"https:\/\/hlrnet.net\/sites\/actu-es\/wp-json\/wp\/v2\/tags?post=2148"}],"curies":[{"name":"wp","href":"https:\/\/api.w.org\/{rel}","templated":true}]}}