{"id":2183,"date":"2022-09-27T10:58:50","date_gmt":"2022-09-27T10:58:50","guid":{"rendered":"https:\/\/coocv.com\/?p=34193"},"modified":"2022-09-27T10:58:50","modified_gmt":"2022-09-27T10:58:50","slug":"comienza-la-emision-de-cunas","status":"publish","type":"post","link":"https:\/\/hlrnet.net\/sites\/actu-es\/2022\/09\/27\/comienza-la-emision-de-cunas\/","title":{"rendered":"COMIENZA LA EMISI\u00d3N DE CU\u00d1AS&#8230;"},"content":{"rendered":"\n\n<div class=\"kk-star-ratings kksr-auto kksr-align-left kksr-valign-top\"\n    data-payload='{&quot;align&quot;:&quot;left&quot;,&quot;id&quot;:&quot;2183&quot;,&quot;slug&quot;:&quot;default&quot;,&quot;valign&quot;:&quot;top&quot;,&quot;ignore&quot;:&quot;&quot;,&quot;reference&quot;:&quot;auto&quot;,&quot;class&quot;:&quot;&quot;,&quot;count&quot;:&quot;0&quot;,&quot;legendonly&quot;:&quot;&quot;,&quot;readonly&quot;:&quot;&quot;,&quot;score&quot;:&quot;0&quot;,&quot;starsonly&quot;:&quot;&quot;,&quot;best&quot;:&quot;5&quot;,&quot;gap&quot;:&quot;5&quot;,&quot;greet&quot;:&quot;Rate this post&quot;,&quot;legend&quot;:&quot;0\\\/5 - (0 votes)&quot;,&quot;size&quot;:&quot;24&quot;,&quot;title&quot;:&quot;COMIENZA LA EMISI\u00d3N DE CU\u00d1AS...&quot;,&quot;width&quot;:&quot;0&quot;,&quot;_legend&quot;:&quot;{score}\\\/{best} - ({count} {votes})&quot;,&quot;font_factor&quot;:&quot;1.25&quot;}'>\n            \n<div class=\"kksr-stars\">\n    \n<div class=\"kksr-stars-inactive\">\n            <div class=\"kksr-star\" data-star=\"1\" style=\"padding-right: 5px\">\n            \n\n<div class=\"kksr-icon\" style=\"width: 24px; height: 24px;\"><\/div>\n        <\/div>\n            <div class=\"kksr-star\" data-star=\"2\" style=\"padding-right: 5px\">\n            \n\n<div class=\"kksr-icon\" style=\"width: 24px; height: 24px;\"><\/div>\n        <\/div>\n            <div class=\"kksr-star\" data-star=\"3\" style=\"padding-right: 5px\">\n            \n\n<div class=\"kksr-icon\" style=\"width: 24px; height: 24px;\"><\/div>\n        <\/div>\n            <div class=\"kksr-star\" data-star=\"4\" style=\"padding-right: 5px\">\n            \n\n<div class=\"kksr-icon\" style=\"width: 24px; height: 24px;\"><\/div>\n        <\/div>\n            <div class=\"kksr-star\" data-star=\"5\" style=\"padding-right: 5px\">\n            \n\n<div class=\"kksr-icon\" style=\"width: 24px; height: 24px;\"><\/div>\n        <\/div>\n    <\/div>\n    \n<div class=\"kksr-stars-active\" style=\"width: 0px;\">\n            <div class=\"kksr-star\" style=\"padding-right: 5px\">\n            \n\n<div class=\"kksr-icon\" style=\"width: 24px; height: 24px;\"><\/div>\n        <\/div>\n            <div class=\"kksr-star\" style=\"padding-right: 5px\">\n            \n\n<div class=\"kksr-icon\" style=\"width: 24px; height: 24px;\"><\/div>\n        <\/div>\n            <div class=\"kksr-star\" style=\"padding-right: 5px\">\n            \n\n<div class=\"kksr-icon\" style=\"width: 24px; height: 24px;\"><\/div>\n        <\/div>\n            <div class=\"kksr-star\" style=\"padding-right: 5px\">\n            \n\n<div class=\"kksr-icon\" style=\"width: 24px; height: 24px;\"><\/div>\n        <\/div>\n            <div class=\"kksr-star\" style=\"padding-right: 5px\">\n            \n\n<div class=\"kksr-icon\" style=\"width: 24px; height: 24px;\"><\/div>\n        <\/div>\n    <\/div>\n<\/div>\n                \n\n<div class=\"kksr-legend\" style=\"font-size: 19.2px;\">\n            <span class=\"kksr-muted\">Rate this post<\/span>\n    <\/div>\n    <\/div>\n\n<div style=\"width: 940px;\" class=\"wp-video\"><!--[if lt IE 9]><script>document.createElement('video');<\/script><![endif]--><br \/>\n<video class=\"wp-video-shortcode\" id=\"video-34193-1\" width=\"940\" height=\"788\" loop=\"1\" preload=\"metadata\" controls=\"controls\"><source type=\"video\/mp4\" src=\"https:\/\/coocv.com\/wp-content\/uploads\/2022\/09\/COMIENZA-LA-EMISIO\u0301N-DE-CUN\u0303AS-RADIOFO\u0301NICAS.mp4?_=1\" \/><a href=\"https:\/\/coocv.com\/wp-content\/uploads\/2022\/09\/COMIENZA-LA-EMISIO\u0301N-DE-CUN\u0303AS-RADIOFO\u0301NICAS.mp4\">coocv.com\/wp-content\/uploads\/2022\/09\/COMIENZA-LA-EMISIO\u0301N-DE-CUN\u0303AS-RADIOFO\u0301NICAS.mp4<\/a><\/video><\/div>\n<div class=\"\" dir=\"auto\">\n<div id=\"jsc_c_b\" class=\"d2hqwtrz r227ecj6 ez8dtbzv gt60zsk1\" data-ad-comet-preview=\"message\" data-ad-preview=\"message\">\n<div class=\"alzwoclg cqf1kptm siwo0mpr gu5uzgus\">\n<div class=\"jroqu855 nthtkgg5\">\n<div class=\"m8h3af8h l7ghb35v kjdc1dyq kmwttqpk gh25dzvf n3t5jt4f\">\n<div dir=\"auto\"><span class=\"fxk3tzhb b2rh1bv3 gh55jysx m8h3af8h ewco64xe kjdc1dyq ms56khn7 bq6c9xl4 eohcrkr5 akh3l2rg\"><img loading=\"lazy\" decoding=\"async\" src=\"https:\/\/static.xx.fbcdn.net\/images\/emoji.php\/v9\/t34\/2\/16\/1f508.png\" alt=\"&#x1f508;\" width=\"16\" height=\"16\" \/><\/span><span class=\"fxk3tzhb b2rh1bv3 gh55jysx m8h3af8h ewco64xe kjdc1dyq ms56khn7 bq6c9xl4 eohcrkr5 akh3l2rg\"><img loading=\"lazy\" decoding=\"async\" src=\"https:\/\/static.xx.fbcdn.net\/images\/emoji.php\/v9\/t34\/2\/16\/1f508.png\" alt=\"&#x1f508;\" width=\"16\" height=\"16\" \/><\/span>COMIENZA LA EMISI\u00d3N DE CU\u00d1AS RADIOF\u00d3NICAS EN LA SER, COPE Y ONDACERO RECORDANDO A LA POBLACI\u00d3N LA IMPORTANCIA DE ACUDIR AL \u00d3PTICO-OPTOMETRISTA PARA CUIDAR LA SALUD VISUAL <span class=\"fxk3tzhb b2rh1bv3 gh55jysx m8h3af8h ewco64xe kjdc1dyq ms56khn7 bq6c9xl4 eohcrkr5 akh3l2rg\"><img loading=\"lazy\" decoding=\"async\" src=\"https:\/\/static.xx.fbcdn.net\/images\/emoji.php\/v9\/tf8\/2\/16\/203c.png\" alt=\"&#x203c;\" width=\"16\" height=\"16\" \/><\/span><\/div>\n<div dir=\"auto\"><\/div>\n<\/div>\n<div class=\"l7ghb35v kjdc1dyq kmwttqpk gh25dzvf jikcssrz n3t5jt4f\">\n<div dir=\"auto\">Desde este pasado lunes y hasta el pr\u00f3ximo 9 de octubre se est\u00e1n emitiendo a nivel regional en la Cadena Ser, COPE y Ondacero una serie de cu\u00f1as radiof\u00f3nicas recordando a la poblaci\u00f3n la de acudir a los establecimientos sanitarios de \u00f3ptica para realizarse una revisi\u00f3n visual al menos una vez al a\u00f1o.<\/div>\n<div dir=\"auto\">Durante estas dos semanas van a emitirse dos cu\u00f1as diferenciadas que se incluyen dentro de la campa\u00f1a de concienciaci\u00f3n iniciada por el COOCV.<\/div>\n<div dir=\"auto\">En la primera de las cu\u00f1as se destaca la labor que realizamos los \u00f3pticos-optometristas en la sanidad privada para cuidar y optimizar la visi\u00f3n de la poblaci\u00f3n, un sentido, que para el 92% de los ciudadanos es el m\u00e1s importante, tal como se\u00f1ala el Libro Blanco de la Salud Visual 2022.<\/div>\n<div dir=\"auto\">En la segunda cu\u00f1a se insiste una vez m\u00e1s en la demanda de nuestro colectivo para que la Conselleria de Sanitat incorpore a los \u00f3pticos-optometristas en n\u00famero suficiente a la sanidad p\u00fablica valenciana para reducir las listas de espera en los departamentos de oftalmolog\u00eda p\u00fablicos y as\u00ed mejorar la atenci\u00f3n en salud visual de la poblaci\u00f3n.<\/div>\n<div dir=\"auto\"><\/div>\n<\/div>\n<div class=\"l7ghb35v kjdc1dyq kmwttqpk gh25dzvf jikcssrz n3t5jt4f\">\n<div dir=\"auto\">FALDONES EN PRENSA<\/div>\n<div dir=\"auto\">Junto a las cu\u00f1as, la campa\u00f1a de concienciaci\u00f3n incluye la publicaci\u00f3n a partir de este mi\u00e9rcoles y durante dos semanas, de dos tipos de faldones publicitarios en los peri\u00f3dicos Mediterr\u00e1neo de Castell\u00f3n, Informaci\u00f3n de Alicante y Las Provincias y Levante-Emv de Valencia.<\/div>\n<div dir=\"auto\">Al igual que en las cu\u00f1as, en uno de los faldones se incide en la labor del \u00f3ptico-optometrista en la sanidad privada, mientras que en el segundo se incide en reclamaci\u00f3n hist\u00f3rica del COOCV para conseguir la incorporaci\u00f3n efectiva de los \u00f3pticos-optometristas en la sanidad p\u00fablica valenciana.<\/div>\n<\/div>\n<div dir=\"auto\"><img loading=\"lazy\" decoding=\"async\" class=\"size-medium wp-image-34209 alignleft\" src=\"https:\/\/coocv.com\/wp-content\/uploads\/2022\/09\/INFORMACIO\u0301N-225x300.jpg\" alt=\"\" width=\"225\" height=\"300\" srcset=\"https:\/\/coocv.com\/wp-content\/uploads\/2022\/09\/INFORMACIO\u0301N-225x300.jpg 225w, https:\/\/coocv.com\/wp-content\/uploads\/2022\/09\/INFORMACIO\u0301N-768x1024.jpg 768w, https:\/\/coocv.com\/wp-content\/uploads\/2022\/09\/INFORMACIO\u0301N-600x800.jpg 600w, https:\/\/coocv.com\/wp-content\/uploads\/2022\/09\/INFORMACIO\u0301N-360x480.jpg 360w, https:\/\/coocv.com\/wp-content\/uploads\/2022\/09\/INFORMACIO\u0301N.jpg 1200w\" sizes=\"auto, (max-width: 225px) 100vw, 225px\" \/> <img loading=\"lazy\" decoding=\"async\" class=\"size-medium wp-image-34210 alignleft\" src=\"https:\/\/coocv.com\/wp-content\/uploads\/2022\/09\/LAS-PROVINCIAS-225x300.jpg\" alt=\"\" width=\"225\" height=\"300\" srcset=\"https:\/\/coocv.com\/wp-content\/uploads\/2022\/09\/LAS-PROVINCIAS-225x300.jpg 225w, https:\/\/coocv.com\/wp-content\/uploads\/2022\/09\/LAS-PROVINCIAS-768x1024.jpg 768w, https:\/\/coocv.com\/wp-content\/uploads\/2022\/09\/LAS-PROVINCIAS-600x800.jpg 600w, https:\/\/coocv.com\/wp-content\/uploads\/2022\/09\/LAS-PROVINCIAS-360x480.jpg 360w, https:\/\/coocv.com\/wp-content\/uploads\/2022\/09\/LAS-PROVINCIAS.jpg 1200w\" sizes=\"auto, (max-width: 225px) 100vw, 225px\" \/> <img loading=\"lazy\" decoding=\"async\" class=\"size-medium wp-image-34211 alignleft\" src=\"https:\/\/coocv.com\/wp-content\/uploads\/2022\/09\/MEDITERRANEO-225x300.jpg\" alt=\"\" width=\"225\" height=\"300\" srcset=\"https:\/\/coocv.com\/wp-content\/uploads\/2022\/09\/MEDITERRANEO-225x300.jpg 225w, https:\/\/coocv.com\/wp-content\/uploads\/2022\/09\/MEDITERRANEO-768x1024.jpg 768w, https:\/\/coocv.com\/wp-content\/uploads\/2022\/09\/MEDITERRANEO-600x800.jpg 600w, https:\/\/coocv.com\/wp-content\/uploads\/2022\/09\/MEDITERRANEO-360x480.jpg 360w, https:\/\/coocv.com\/wp-content\/uploads\/2022\/09\/MEDITERRANEO.jpg 1200w\" sizes=\"auto, (max-width: 225px) 100vw, 225px\" \/><\/div>\n<\/div>\n<\/div>\n<\/div>\n<\/div>\n<p>Publicado en <a href=\"https:\/\/coocv.com\/34193-2\/\" class=\"autohyperlink\">coocv.com\/34193-2\/<\/a><\/p>\n","protected":false},"excerpt":{"rendered":"<p><a href=\"http:\/\/coocv.com\/wp-content\/uploads\/2022\/09\/COMIENZA-LA-EMISIO\u0301N-DE-CUN\u0303AS-RADIOFO\u0301NICAS.mp4\" class=\"autohyperlink\">coocv.com\/wp-content\/uploads\/2022\/09\/COMIENZA-LA-EMISIO\u0301N-DE-CUN\u0303AS-RADIOFO\u0301NICAS.mp4<\/a> COMIENZA LA EMISI\u00d3N DE CU\u00d1AS RADIOF\u00d3NICAS EN LA SER, COPE Y ONDACERO RECORDANDO A LA POBLACI\u00d3N LA IMPORTANCIA DE ACUDIR AL \u00d3PTICO-OPTOMETRISTA PARA CUIDAR LA SALUD VISUAL Desde este pasado lunes y hasta el pr\u00f3ximo 9 de octubre se est\u00e1n emitiendo a nivel regional en la Cadena Ser, COPE<\/p>\n","protected":false},"author":2,"featured_media":0,"comment_status":"closed","ping_status":"closed","sticky":false,"template":"","format":"standard","meta":{"footnotes":""},"categories":[10,4],"tags":[],"class_list":["post-2183","post","type-post","status-publish","format-standard","hentry","category-cuidado-ocular","category-espana"],"publishpress_future_action":{"enabled":false,"date":"2026-05-02 07:19:21","action":"change-status","newStatus":"draft","terms":[],"taxonomy":"category","extraData":[]},"publishpress_future_workflow_manual_trigger":{"enabledWorkflows":[]},"_links":{"self":[{"href":"https:\/\/hlrnet.net\/sites\/actu-es\/wp-json\/wp\/v2\/posts\/2183","targetHints":{"allow":["GET"]}}],"collection":[{"href":"https:\/\/hlrnet.net\/sites\/actu-es\/wp-json\/wp\/v2\/posts"}],"about":[{"href":"https:\/\/hlrnet.net\/sites\/actu-es\/wp-json\/wp\/v2\/types\/post"}],"author":[{"embeddable":true,"href":"https:\/\/hlrnet.net\/sites\/actu-es\/wp-json\/wp\/v2\/users\/2"}],"replies":[{"embeddable":true,"href":"https:\/\/hlrnet.net\/sites\/actu-es\/wp-json\/wp\/v2\/comments?post=2183"}],"version-history":[{"count":0,"href":"https:\/\/hlrnet.net\/sites\/actu-es\/wp-json\/wp\/v2\/posts\/2183\/revisions"}],"wp:attachment":[{"href":"https:\/\/hlrnet.net\/sites\/actu-es\/wp-json\/wp\/v2\/media?parent=2183"}],"wp:term":[{"taxonomy":"category","embeddable":true,"href":"https:\/\/hlrnet.net\/sites\/actu-es\/wp-json\/wp\/v2\/categories?post=2183"},{"taxonomy":"post_tag","embeddable":true,"href":"https:\/\/hlrnet.net\/sites\/actu-es\/wp-json\/wp\/v2\/tags?post=2183"}],"curies":[{"name":"wp","href":"https:\/\/api.w.org\/{rel}","templated":true}]}}