{"id":2189,"date":"2022-09-29T09:02:19","date_gmt":"2022-09-29T09:02:19","guid":{"rendered":"http:\/\/hugu.sescam.jccm.es\/noticias\/2554\/el-servicio-pediatria-guadalajara-participa-reunion-que-agrupa-profesionales-castilla-mancha-madrid-torno-ultimos-conocimientos-especialidad"},"modified":"2022-09-29T09:02:19","modified_gmt":"2022-09-29T09:02:19","slug":"el-servicio-de-pediatria-de-guadalajara-participa-en-la-reunion-que-agrupa-a-profesionales-de-castilla-la-mancha-y-madrid-en-torno-a-los-ultimos-conocimientos-de-la-especialidad","status":"publish","type":"post","link":"https:\/\/hlrnet.net\/sites\/actu-es\/2022\/09\/29\/el-servicio-de-pediatria-de-guadalajara-participa-en-la-reunion-que-agrupa-a-profesionales-de-castilla-la-mancha-y-madrid-en-torno-a-los-ultimos-conocimientos-de-la-especialidad\/","title":{"rendered":"El servicio de Pediatr\u00eda de Guadalajara participa en la Reuni\u00f3n que agrupa a profesionales de Castilla-La Mancha y Madrid en torno a los \u00faltimos conocimientos de la especialidad"},"content":{"rendered":"\n\n<div class=\"kk-star-ratings kksr-auto kksr-align-left kksr-valign-top\"\n    data-payload='{&quot;align&quot;:&quot;left&quot;,&quot;id&quot;:&quot;2189&quot;,&quot;slug&quot;:&quot;default&quot;,&quot;valign&quot;:&quot;top&quot;,&quot;ignore&quot;:&quot;&quot;,&quot;reference&quot;:&quot;auto&quot;,&quot;class&quot;:&quot;&quot;,&quot;count&quot;:&quot;0&quot;,&quot;legendonly&quot;:&quot;&quot;,&quot;readonly&quot;:&quot;&quot;,&quot;score&quot;:&quot;0&quot;,&quot;starsonly&quot;:&quot;&quot;,&quot;best&quot;:&quot;5&quot;,&quot;gap&quot;:&quot;5&quot;,&quot;greet&quot;:&quot;Rate this post&quot;,&quot;legend&quot;:&quot;0\\\/5 - (0 votes)&quot;,&quot;size&quot;:&quot;24&quot;,&quot;title&quot;:&quot;El servicio de Pediatr\u00eda de Guadalajara participa en la Reuni\u00f3n que agrupa a profesionales de Castilla-La Mancha y Madrid en torno a los \u00faltimos conocimientos de la especialidad&quot;,&quot;width&quot;:&quot;0&quot;,&quot;_legend&quot;:&quot;{score}\\\/{best} - ({count} {votes})&quot;,&quot;font_factor&quot;:&quot;1.25&quot;}'>\n            \n<div class=\"kksr-stars\">\n    \n<div class=\"kksr-stars-inactive\">\n            <div class=\"kksr-star\" data-star=\"1\" style=\"padding-right: 5px\">\n            \n\n<div class=\"kksr-icon\" style=\"width: 24px; height: 24px;\"><\/div>\n        <\/div>\n            <div class=\"kksr-star\" data-star=\"2\" style=\"padding-right: 5px\">\n            \n\n<div class=\"kksr-icon\" style=\"width: 24px; height: 24px;\"><\/div>\n        <\/div>\n            <div class=\"kksr-star\" data-star=\"3\" style=\"padding-right: 5px\">\n            \n\n<div class=\"kksr-icon\" style=\"width: 24px; height: 24px;\"><\/div>\n        <\/div>\n            <div class=\"kksr-star\" data-star=\"4\" style=\"padding-right: 5px\">\n            \n\n<div class=\"kksr-icon\" style=\"width: 24px; height: 24px;\"><\/div>\n        <\/div>\n            <div class=\"kksr-star\" data-star=\"5\" style=\"padding-right: 5px\">\n            \n\n<div class=\"kksr-icon\" style=\"width: 24px; height: 24px;\"><\/div>\n        <\/div>\n    <\/div>\n    \n<div class=\"kksr-stars-active\" style=\"width: 0px;\">\n            <div class=\"kksr-star\" style=\"padding-right: 5px\">\n            \n\n<div class=\"kksr-icon\" style=\"width: 24px; height: 24px;\"><\/div>\n        <\/div>\n            <div class=\"kksr-star\" style=\"padding-right: 5px\">\n            \n\n<div class=\"kksr-icon\" style=\"width: 24px; height: 24px;\"><\/div>\n        <\/div>\n            <div class=\"kksr-star\" style=\"padding-right: 5px\">\n            \n\n<div class=\"kksr-icon\" style=\"width: 24px; height: 24px;\"><\/div>\n        <\/div>\n            <div class=\"kksr-star\" style=\"padding-right: 5px\">\n            \n\n<div class=\"kksr-icon\" style=\"width: 24px; height: 24px;\"><\/div>\n        <\/div>\n            <div class=\"kksr-star\" style=\"padding-right: 5px\">\n            \n\n<div class=\"kksr-icon\" style=\"width: 24px; height: 24px;\"><\/div>\n        <\/div>\n    <\/div>\n<\/div>\n                \n\n<div class=\"kksr-legend\" style=\"font-size: 19.2px;\">\n            <span class=\"kksr-muted\">Rate this post<\/span>\n    <\/div>\n    <\/div>\n\n<div align=\"justify\"><b>Varios profesionales del servicio de Pediatr&iacute;a del Hospital de Guadalajara participan en las ponencias y comunicaciones de un encuentro que retoma plenamente su presencialidad con el objetivo de abordar los &uacute;ltimos conocimientos en temas de gran actualidad y relevancia en Pediatr&iacute;a. <\/b><\/div>\n<p> <\/p>\n<p align=\"justify\">El Hospital Universitario de Guadalajara, dependiente del Servicio de Salud de Castilla-La Mancha, tendr&aacute; una notable participaci&oacute;n en la XXV Reuni&oacute;n Anual de la Sociedad de Pediatr&iacute;a de Madrid y Castilla-La Mancha que va a reunir en la capital de Espa&ntilde;a a un centenar de pediatras de Atenci&oacute;n Primaria y Hospitalaria de ambas Comunidades Aut&oacute;nomas. <\/p>\n<p align=\"justify\">Este evento cient&iacute;fico, que tambi&eacute;n podr&aacute; seguirse de manera telem&aacute;tica, tendr&aacute; lugar del 29 de septiembre al 1 de octubre y presenta un ambicioso programa elaborado por expertos de reconocido prestigio y l&iacute;deres de opini&oacute;n. Con ello se pretende abordar temas de gran relevancia para esta especialidad y reflexionar sobre el estado actual de la Pediatr&iacute;a y las perspectivas de futuro de la misma. <\/p>\n<p align=\"justify\">El jefe del servicio de Pediatr&iacute;a del Hospital de Guadalajara, Alfonso Ortigado, impartir&aacute; un simposio que versar&aacute; sobre vacunas contra el rotavirus. Por su parte, el pediatra Gonzalo Galicia, que forma parte del Comit&eacute; Organizador y Cient&iacute;fico de la cita, moderar&aacute; una de las mesas, relativa a Nefrolog&iacute;a sobre la infecci&oacute;n de orina y su seguimiento, y ser&aacute; adem&aacute;s el ponente de un simposio en torno a la alergia a la prote&iacute;na de la leche de vaca. Por otra parte, varios residentes del servicio participar&aacute;n en el apartado de comunicaciones orales.<\/p>\n<p align=\"justify\">Durante el encuentro se abordar&aacute;n otros temas de notable actualidad como las controversias en materia de nutrici&oacute;n, que expondr&aacute; la pediatra conquense Mar&iacute;a Gasc&oacute;n, as&iacute; como la obesidad, la celiaqu&iacute;a, los trastornos del espectro autista, la vacunaci&oacute;n, la prevenci&oacute;n de enfermedades infecciosas o el abuso sexual.<\/p>\n<p align=\"justify\">La Reuni&oacute;n cuenta tambi&eacute;n un apartado de talleres pr&aacute;cticos en temas como las redes sociales, casos cl&iacute;nicos en la urgencia de Pediatr&iacute;a, Cardiolog&iacute;a, problemas oculares y tambi&eacute;n un apartado de Enfermer&iacute;a para el abordaje de curas, vendajes, quemaduras o &uacute;lceras.<\/p>\n<p align=\"justify\">Se trata de un encuentro que recupera plenamente la presencialidad y que el pasado a&ntilde;o celebraba su XXIV edici&oacute;n en Guadalajara. Como destaca el pediatra Gonzalo Galicia, estos encuentros resultan fundamentales para actualizar conocimientos y para el intercambio de opiniones y experiencias, siempre con el objetivo de la continua mejora de la atenci&oacute;n que se da a los pacientes.<\/p>\n<p> <a href=\"http:\/\/hugu.sescam.jccm.es\/noticias\/2554\/el-servicio-pediatria-guadalajara-participa-reunion-que-agrupa-profesionales-castilla-mancha-madrid-torno-ultimos-conocimientos-especialidad\">Fuente<\/a><\/p>\n","protected":false},"excerpt":{"rendered":"<p>Varios profesionales del servicio de Pediatr&iacute;a del Hospital de Guadalajara participan en las ponencias y comunicaciones de un encuentro que retoma plenamente su presencialidad con el objetivo de abordar los &uacute;ltimos conocimientos en temas de gran actualidad y relevancia en Pediatr&iacute;a. El Hospital Universitario de Guadalajara, dependiente del Servicio de<\/p>\n","protected":false},"author":2,"featured_media":0,"comment_status":"closed","ping_status":"closed","sticky":false,"template":"","format":"standard","meta":{"footnotes":""},"categories":[4],"tags":[],"class_list":["post-2189","post","type-post","status-publish","format-standard","hentry","category-espana"],"publishpress_future_action":{"enabled":false,"date":"2026-05-02 07:19:21","action":"change-status","newStatus":"draft","terms":[],"taxonomy":"category","extraData":[]},"publishpress_future_workflow_manual_trigger":{"enabledWorkflows":[]},"_links":{"self":[{"href":"https:\/\/hlrnet.net\/sites\/actu-es\/wp-json\/wp\/v2\/posts\/2189","targetHints":{"allow":["GET"]}}],"collection":[{"href":"https:\/\/hlrnet.net\/sites\/actu-es\/wp-json\/wp\/v2\/posts"}],"about":[{"href":"https:\/\/hlrnet.net\/sites\/actu-es\/wp-json\/wp\/v2\/types\/post"}],"author":[{"embeddable":true,"href":"https:\/\/hlrnet.net\/sites\/actu-es\/wp-json\/wp\/v2\/users\/2"}],"replies":[{"embeddable":true,"href":"https:\/\/hlrnet.net\/sites\/actu-es\/wp-json\/wp\/v2\/comments?post=2189"}],"version-history":[{"count":0,"href":"https:\/\/hlrnet.net\/sites\/actu-es\/wp-json\/wp\/v2\/posts\/2189\/revisions"}],"wp:attachment":[{"href":"https:\/\/hlrnet.net\/sites\/actu-es\/wp-json\/wp\/v2\/media?parent=2189"}],"wp:term":[{"taxonomy":"category","embeddable":true,"href":"https:\/\/hlrnet.net\/sites\/actu-es\/wp-json\/wp\/v2\/categories?post=2189"},{"taxonomy":"post_tag","embeddable":true,"href":"https:\/\/hlrnet.net\/sites\/actu-es\/wp-json\/wp\/v2\/tags?post=2189"}],"curies":[{"name":"wp","href":"https:\/\/api.w.org\/{rel}","templated":true}]}}