{"id":2219,"date":"2022-09-01T11:18:00","date_gmt":"2022-09-01T11:18:00","guid":{"rendered":"http:\/\/coooaoptometria.com\/?p=5593"},"modified":"2022-09-01T11:18:00","modified_gmt":"2022-09-01T11:18:00","slug":"elegidos-y-renovados-los-nuevos-miembros-de-la-junta-de-gobierno-del-coooa","status":"publish","type":"post","link":"https:\/\/hlrnet.net\/sites\/actu-es\/2022\/09\/01\/elegidos-y-renovados-los-nuevos-miembros-de-la-junta-de-gobierno-del-coooa\/","title":{"rendered":"Elegidos y renovados los nuevos miembros de la Junta de Gobierno del COOOA"},"content":{"rendered":"\n\n<div class=\"kk-star-ratings kksr-auto kksr-align-left kksr-valign-top\"\n    data-payload='{&quot;align&quot;:&quot;left&quot;,&quot;id&quot;:&quot;2219&quot;,&quot;slug&quot;:&quot;default&quot;,&quot;valign&quot;:&quot;top&quot;,&quot;ignore&quot;:&quot;&quot;,&quot;reference&quot;:&quot;auto&quot;,&quot;class&quot;:&quot;&quot;,&quot;count&quot;:&quot;0&quot;,&quot;legendonly&quot;:&quot;&quot;,&quot;readonly&quot;:&quot;&quot;,&quot;score&quot;:&quot;0&quot;,&quot;starsonly&quot;:&quot;&quot;,&quot;best&quot;:&quot;5&quot;,&quot;gap&quot;:&quot;5&quot;,&quot;greet&quot;:&quot;Rate this post&quot;,&quot;legend&quot;:&quot;0\\\/5 - (0 votes)&quot;,&quot;size&quot;:&quot;24&quot;,&quot;title&quot;:&quot;Elegidos y renovados los nuevos miembros de la Junta de Gobierno del COOOA&quot;,&quot;width&quot;:&quot;0&quot;,&quot;_legend&quot;:&quot;{score}\\\/{best} - ({count} {votes})&quot;,&quot;font_factor&quot;:&quot;1.25&quot;}'>\n            \n<div class=\"kksr-stars\">\n    \n<div class=\"kksr-stars-inactive\">\n            <div class=\"kksr-star\" data-star=\"1\" style=\"padding-right: 5px\">\n            \n\n<div class=\"kksr-icon\" style=\"width: 24px; height: 24px;\"><\/div>\n        <\/div>\n            <div class=\"kksr-star\" data-star=\"2\" style=\"padding-right: 5px\">\n            \n\n<div class=\"kksr-icon\" style=\"width: 24px; height: 24px;\"><\/div>\n        <\/div>\n            <div class=\"kksr-star\" data-star=\"3\" style=\"padding-right: 5px\">\n            \n\n<div class=\"kksr-icon\" style=\"width: 24px; height: 24px;\"><\/div>\n        <\/div>\n            <div class=\"kksr-star\" data-star=\"4\" style=\"padding-right: 5px\">\n            \n\n<div class=\"kksr-icon\" style=\"width: 24px; height: 24px;\"><\/div>\n        <\/div>\n            <div class=\"kksr-star\" data-star=\"5\" style=\"padding-right: 5px\">\n            \n\n<div class=\"kksr-icon\" style=\"width: 24px; height: 24px;\"><\/div>\n        <\/div>\n    <\/div>\n    \n<div class=\"kksr-stars-active\" style=\"width: 0px;\">\n            <div class=\"kksr-star\" style=\"padding-right: 5px\">\n            \n\n<div class=\"kksr-icon\" style=\"width: 24px; height: 24px;\"><\/div>\n        <\/div>\n            <div class=\"kksr-star\" style=\"padding-right: 5px\">\n            \n\n<div class=\"kksr-icon\" style=\"width: 24px; height: 24px;\"><\/div>\n        <\/div>\n            <div class=\"kksr-star\" style=\"padding-right: 5px\">\n            \n\n<div class=\"kksr-icon\" style=\"width: 24px; height: 24px;\"><\/div>\n        <\/div>\n            <div class=\"kksr-star\" style=\"padding-right: 5px\">\n            \n\n<div class=\"kksr-icon\" style=\"width: 24px; height: 24px;\"><\/div>\n        <\/div>\n            <div class=\"kksr-star\" style=\"padding-right: 5px\">\n            \n\n<div class=\"kksr-icon\" style=\"width: 24px; height: 24px;\"><\/div>\n        <\/div>\n    <\/div>\n<\/div>\n                \n\n<div class=\"kksr-legend\" style=\"font-size: 19.2px;\">\n            <span class=\"kksr-muted\">Rate this post<\/span>\n    <\/div>\n    <\/div>\n<br \/>\n<figure class=\"wp-block-image size-large\"><a href=\"https:\/\/coooaoptometria.files.wordpress.com\/2022\/10\/image-1.png\"><img decoding=\"async\" data-attachment-id=\"5610\" data-permalink=\"https:\/\/coooaoptometria.com\/2022\/09\/01\/elegidos-y-renovados-los-nuevos-miembros-de-la-junta-de-gobierno-del-coooa\/image-1-2\/\" data-orig-file=\"https:\/\/coooaoptometria.files.wordpress.com\/2022\/10\/image-1.png\" data-orig-size=\"1362,639\" data-comments-opened=\"1\" data-image-meta=\"{&quot;aperture&quot;:&quot;0&quot;,&quot;credit&quot;:&quot;&quot;,&quot;camera&quot;:&quot;&quot;,&quot;caption&quot;:&quot;&quot;,&quot;created_timestamp&quot;:&quot;0&quot;,&quot;copyright&quot;:&quot;&quot;,&quot;focal_length&quot;:&quot;0&quot;,&quot;iso&quot;:&quot;0&quot;,&quot;shutter_speed&quot;:&quot;0&quot;,&quot;title&quot;:&quot;&quot;,&quot;orientation&quot;:&quot;0&quot;}\" data-image-title=\"image-1\" data-image-description=\"\" data-image-caption=\"\" data-medium-file=\"https:\/\/coooaoptometria.files.wordpress.com\/2022\/10\/image-1.png?w=300\" data-large-file=\"https:\/\/coooaoptometria.files.wordpress.com\/2022\/10\/image-1.png?w=700\" src=\"https:\/\/coooaoptometria.files.wordpress.com\/2022\/10\/image-1.png?w=1024\" alt=\"\" class=\"wp-image-5610\" srcset=\"https:\/\/coooaoptometria.files.wordpress.com\/2022\/10\/image-1.png?w=1024 1024w, https:\/\/coooaoptometria.files.wordpress.com\/2022\/10\/image-1.png?w=150 150w, https:\/\/coooaoptometria.files.wordpress.com\/2022\/10\/image-1.png?w=300 300w, https:\/\/coooaoptometria.files.wordpress.com\/2022\/10\/image-1.png?w=768 768w, https:\/\/coooaoptometria.files.wordpress.com\/2022\/10\/image-1.png 1362w\" sizes=\"(max-width: 1024px) 100vw, 1024px\" \/><\/a><\/figure>\n<p>El pasado 30 de junio, la decana-presidenta del Colegio Oficial de \u00d3pticos-Optometristas de Andaluc\u00eda, en uso de las facultades atribuidas por el art\u00edculo 56.1\u00ba de los Estatutos del COOOA, convoc\u00f3 <strong>elecciones para los cargos de vicedecano, secretario, contador y vocales-provinciales en Granada, Huelva, M\u00e1laga y Sevilla<\/strong>.<\/p>\n<p>Tal como indica el punto 2 del art\u00edculo 56 de sus Estatutos, la convocatoria se anunci\u00f3 mediante publicaci\u00f3n en el tabl\u00f3n de anuncios de la entidad colegial, publicaci\u00f3n en la web corporativa colegial y mediante el env\u00edo de una circular por correo ordinario* a todos los colegiados.<\/p>\n<blockquote class=\"wp-block-quote\">\n<p>A trav\u00e9s de las \u00faltimas elecciones del COOOA se han elegido los cargos de vicedecano, secretario, contador, y vocales provinciales en Granada, Huelva, M\u00e1laga y Sevilla de la entidad profesional sanitaria<\/p>\n<\/blockquote>\n<p>La <strong>Mesa Electoral<\/strong>, atendiendo a lo dispuesto en el \u00faltimo inciso del apartado 7, del Art\u00edculo 54 de los Estatutos, adopt\u00f3 el pasado 15 de julio el acuerdo de proclamaci\u00f3n definitiva electa de los siguientes cargos por ser las \u00fanicas candidaturas presentadas:<\/p>\n<ul>\n<li>Para <strong>vicedecana<\/strong>: Inmaculada Morales P\u00e9rez (colegiada n\u00ba 3.764).<\/li>\n<li>Para <strong>secretaria<\/strong>: M\u00aa del Carmen Garc\u00eda Guti\u00e9rrez (colegiada n\u00ba 5.152).<\/li>\n<li>Para <strong>contador<\/strong>: Manuel Aguilar Jim\u00e9nez (colegiado n\u00ba 5.167).<\/li>\n<li>Para <strong>vocal-provincial en Granada<\/strong>: Raimundo Jim\u00e9nez Rodr\u00edguez (colegiado n\u00ba 7.705).<\/li>\n<li>Para <strong>vocal-provincial en Huelva<\/strong>: Jos\u00e9 Noval Bernab\u00e9 (colegiado n\u00ba 21.140).<\/li>\n<li>Para <strong>vocal-provincial en M\u00e1laga<\/strong>: Alberto Talero Sequera (colegiado n\u00ba 11.995).<\/li>\n<li>Para <strong>vocal-provincial en Sevilla<\/strong>: Bego\u00f1a Antol\u00edn Mir\u00f3 (colegiada n\u00ba 9.878).<\/li>\n<\/ul>\n<p>De esta forma queda renovada y conformada la nueva <strong>Junta de Gobierno del Colegio Oficial de \u00d3pticos-Optometristas de Andaluc\u00eda<\/strong>.<\/p>\n<p><em>*Cada colegiado tiene obligaci\u00f3n de actualizar sus datos personales, entre otros el domicilio postal, para recibir adecuadamente este tipo de comunicaciones.<\/em><\/p>\n<div class=\"wp-block-image\">\n<figure class=\"aligncenter size-large is-resized\"><a href=\"https:\/\/coooaoptometria.files.wordpress.com\/2022\/10\/image-2.png\"><img decoding=\"async\" loading=\"lazy\" data-attachment-id=\"5611\" data-permalink=\"https:\/\/coooaoptometria.com\/2022\/09\/01\/elegidos-y-renovados-los-nuevos-miembros-de-la-junta-de-gobierno-del-coooa\/image-2-2\/\" data-orig-file=\"https:\/\/coooaoptometria.files.wordpress.com\/2022\/10\/image-2.png\" data-orig-size=\"571,855\" data-comments-opened=\"1\" data-image-meta=\"{&quot;aperture&quot;:&quot;0&quot;,&quot;credit&quot;:&quot;&quot;,&quot;camera&quot;:&quot;&quot;,&quot;caption&quot;:&quot;&quot;,&quot;created_timestamp&quot;:&quot;0&quot;,&quot;copyright&quot;:&quot;&quot;,&quot;focal_length&quot;:&quot;0&quot;,&quot;iso&quot;:&quot;0&quot;,&quot;shutter_speed&quot;:&quot;0&quot;,&quot;title&quot;:&quot;&quot;,&quot;orientation&quot;:&quot;0&quot;}\" data-image-title=\"image-2\" data-image-description=\"\" data-image-caption=\"\" data-medium-file=\"https:\/\/coooaoptometria.files.wordpress.com\/2022\/10\/image-2.png?w=200\" data-large-file=\"https:\/\/coooaoptometria.files.wordpress.com\/2022\/10\/image-2.png?w=571\" src=\"https:\/\/coooaoptometria.files.wordpress.com\/2022\/10\/image-2.png?w=571\" alt=\"\" class=\"wp-image-5611\" width=\"643\" height=\"963\" srcset=\"https:\/\/coooaoptometria.files.wordpress.com\/2022\/10\/image-2.png 571w, https:\/\/coooaoptometria.files.wordpress.com\/2022\/10\/image-2.png?w=100 100w, https:\/\/coooaoptometria.files.wordpress.com\/2022\/10\/image-2.png?w=200 200w\" sizes=\"auto, (max-width: 643px) 100vw, 643px\" \/><\/a><\/figure>\n<\/div>\n<p>Publicado en <a href=\"https:\/\/coooaoptometria.com\/2022\/09\/01\/elegidos-y-renovados-los-nuevos-miembros-de-la-junta-de-gobierno-del-coooa\/\" class=\"autohyperlink\">coooaoptometria.com\/2022\/09\/01\/elegidos-y-renovados-los-nuevos-miembros-de-la-junta-de-gobierno-del-coooa\/<\/a><\/p>\n","protected":false},"excerpt":{"rendered":"<p>El pasado 30 de junio, la decana-presidenta del Colegio Oficial de \u00d3pticos-Optometristas de Andaluc\u00eda, en uso de las facultades atribuidas por el art\u00edculo 56.1\u00ba de los Estatutos del COOOA, convoc\u00f3 elecciones para los cargos de vicedecano, secretario, contador y vocales-provinciales en Granada, Huelva, M\u00e1laga y Sevilla. Tal como indica el<\/p>\n","protected":false},"author":2,"featured_media":0,"comment_status":"closed","ping_status":"closed","sticky":false,"template":"","format":"standard","meta":{"footnotes":""},"categories":[10,4],"tags":[],"class_list":["post-2219","post","type-post","status-publish","format-standard","hentry","category-cuidado-ocular","category-espana"],"publishpress_future_action":{"enabled":false,"date":"2026-05-02 05:23:54","action":"change-status","newStatus":"draft","terms":[],"taxonomy":"category","extraData":[]},"publishpress_future_workflow_manual_trigger":{"enabledWorkflows":[]},"_links":{"self":[{"href":"https:\/\/hlrnet.net\/sites\/actu-es\/wp-json\/wp\/v2\/posts\/2219","targetHints":{"allow":["GET"]}}],"collection":[{"href":"https:\/\/hlrnet.net\/sites\/actu-es\/wp-json\/wp\/v2\/posts"}],"about":[{"href":"https:\/\/hlrnet.net\/sites\/actu-es\/wp-json\/wp\/v2\/types\/post"}],"author":[{"embeddable":true,"href":"https:\/\/hlrnet.net\/sites\/actu-es\/wp-json\/wp\/v2\/users\/2"}],"replies":[{"embeddable":true,"href":"https:\/\/hlrnet.net\/sites\/actu-es\/wp-json\/wp\/v2\/comments?post=2219"}],"version-history":[{"count":0,"href":"https:\/\/hlrnet.net\/sites\/actu-es\/wp-json\/wp\/v2\/posts\/2219\/revisions"}],"wp:attachment":[{"href":"https:\/\/hlrnet.net\/sites\/actu-es\/wp-json\/wp\/v2\/media?parent=2219"}],"wp:term":[{"taxonomy":"category","embeddable":true,"href":"https:\/\/hlrnet.net\/sites\/actu-es\/wp-json\/wp\/v2\/categories?post=2219"},{"taxonomy":"post_tag","embeddable":true,"href":"https:\/\/hlrnet.net\/sites\/actu-es\/wp-json\/wp\/v2\/tags?post=2219"}],"curies":[{"name":"wp","href":"https:\/\/api.w.org\/{rel}","templated":true}]}}