{"id":2223,"date":"2022-09-01T11:11:00","date_gmt":"2022-09-01T11:11:00","guid":{"rendered":"http:\/\/coooaoptometria.com\/?p=5581"},"modified":"2022-09-01T11:11:00","modified_gmt":"2022-09-01T11:11:00","slug":"antequera-acoge-la-junta-de-gobierno-y-la-asamblea-general-ordinaria-de-colegiados","status":"publish","type":"post","link":"https:\/\/hlrnet.net\/sites\/actu-es\/2022\/09\/01\/antequera-acoge-la-junta-de-gobierno-y-la-asamblea-general-ordinaria-de-colegiados\/","title":{"rendered":"Antequera acoge la Junta de Gobierno y la Asamblea General Ordinaria de Colegiados"},"content":{"rendered":"\n\n<div class=\"kk-star-ratings kksr-auto kksr-align-left kksr-valign-top\"\n    data-payload='{&quot;align&quot;:&quot;left&quot;,&quot;id&quot;:&quot;2223&quot;,&quot;slug&quot;:&quot;default&quot;,&quot;valign&quot;:&quot;top&quot;,&quot;ignore&quot;:&quot;&quot;,&quot;reference&quot;:&quot;auto&quot;,&quot;class&quot;:&quot;&quot;,&quot;count&quot;:&quot;0&quot;,&quot;legendonly&quot;:&quot;&quot;,&quot;readonly&quot;:&quot;&quot;,&quot;score&quot;:&quot;0&quot;,&quot;starsonly&quot;:&quot;&quot;,&quot;best&quot;:&quot;5&quot;,&quot;gap&quot;:&quot;5&quot;,&quot;greet&quot;:&quot;Rate this post&quot;,&quot;legend&quot;:&quot;0\\\/5 - (0 votes)&quot;,&quot;size&quot;:&quot;24&quot;,&quot;title&quot;:&quot;Antequera acoge la Junta de Gobierno y la Asamblea General Ordinaria de Colegiados&quot;,&quot;width&quot;:&quot;0&quot;,&quot;_legend&quot;:&quot;{score}\\\/{best} - ({count} {votes})&quot;,&quot;font_factor&quot;:&quot;1.25&quot;}'>\n            \n<div class=\"kksr-stars\">\n    \n<div class=\"kksr-stars-inactive\">\n            <div class=\"kksr-star\" data-star=\"1\" style=\"padding-right: 5px\">\n            \n\n<div class=\"kksr-icon\" style=\"width: 24px; height: 24px;\"><\/div>\n        <\/div>\n            <div class=\"kksr-star\" data-star=\"2\" style=\"padding-right: 5px\">\n            \n\n<div class=\"kksr-icon\" style=\"width: 24px; height: 24px;\"><\/div>\n        <\/div>\n            <div class=\"kksr-star\" data-star=\"3\" style=\"padding-right: 5px\">\n            \n\n<div class=\"kksr-icon\" style=\"width: 24px; height: 24px;\"><\/div>\n        <\/div>\n            <div class=\"kksr-star\" data-star=\"4\" style=\"padding-right: 5px\">\n            \n\n<div class=\"kksr-icon\" style=\"width: 24px; height: 24px;\"><\/div>\n        <\/div>\n            <div class=\"kksr-star\" data-star=\"5\" style=\"padding-right: 5px\">\n            \n\n<div class=\"kksr-icon\" style=\"width: 24px; height: 24px;\"><\/div>\n        <\/div>\n    <\/div>\n    \n<div class=\"kksr-stars-active\" style=\"width: 0px;\">\n            <div class=\"kksr-star\" style=\"padding-right: 5px\">\n            \n\n<div class=\"kksr-icon\" style=\"width: 24px; height: 24px;\"><\/div>\n        <\/div>\n            <div class=\"kksr-star\" style=\"padding-right: 5px\">\n            \n\n<div class=\"kksr-icon\" style=\"width: 24px; height: 24px;\"><\/div>\n        <\/div>\n            <div class=\"kksr-star\" style=\"padding-right: 5px\">\n            \n\n<div class=\"kksr-icon\" style=\"width: 24px; height: 24px;\"><\/div>\n        <\/div>\n            <div class=\"kksr-star\" style=\"padding-right: 5px\">\n            \n\n<div class=\"kksr-icon\" style=\"width: 24px; height: 24px;\"><\/div>\n        <\/div>\n            <div class=\"kksr-star\" style=\"padding-right: 5px\">\n            \n\n<div class=\"kksr-icon\" style=\"width: 24px; height: 24px;\"><\/div>\n        <\/div>\n    <\/div>\n<\/div>\n                \n\n<div class=\"kksr-legend\" style=\"font-size: 19.2px;\">\n            <span class=\"kksr-muted\">Rate this post<\/span>\n    <\/div>\n    <\/div>\n\n<p><strong>La localidad malague\u00f1a de Antequera acogi\u00f3 el pasado 28 de junio, en un ambiente distendido, la celebraci\u00f3n de la Asamblea General Ordinaria 2022 del Colegio Oficial de \u00d3pticos-Optometristas de Andaluc\u00eda.<\/strong><\/p>\n<figure class=\"wp-block-image size-large\"><a href=\"https:\/\/coooaoptometria.files.wordpress.com\/2022\/10\/image-3.png\"><img decoding=\"async\" data-attachment-id=\"5613\" data-permalink=\"https:\/\/coooaoptometria.com\/2022\/09\/01\/antequera-acoge-la-junta-de-gobierno-y-la-asamblea-general-ordinaria-de-colegiados\/image-3-2\/\" data-orig-file=\"https:\/\/coooaoptometria.files.wordpress.com\/2022\/10\/image-3.png\" data-orig-size=\"996,634\" data-comments-opened=\"1\" data-image-meta=\"{&quot;aperture&quot;:&quot;0&quot;,&quot;credit&quot;:&quot;&quot;,&quot;camera&quot;:&quot;&quot;,&quot;caption&quot;:&quot;&quot;,&quot;created_timestamp&quot;:&quot;0&quot;,&quot;copyright&quot;:&quot;&quot;,&quot;focal_length&quot;:&quot;0&quot;,&quot;iso&quot;:&quot;0&quot;,&quot;shutter_speed&quot;:&quot;0&quot;,&quot;title&quot;:&quot;&quot;,&quot;orientation&quot;:&quot;0&quot;}\" data-image-title=\"image-3\" data-image-description=\"\" data-image-caption=\"\" data-medium-file=\"https:\/\/coooaoptometria.files.wordpress.com\/2022\/10\/image-3.png?w=300\" data-large-file=\"https:\/\/coooaoptometria.files.wordpress.com\/2022\/10\/image-3.png?w=700\" src=\"https:\/\/coooaoptometria.files.wordpress.com\/2022\/10\/image-3.png?w=996\" alt=\"\" class=\"wp-image-5613\" srcset=\"https:\/\/coooaoptometria.files.wordpress.com\/2022\/10\/image-3.png 996w, https:\/\/coooaoptometria.files.wordpress.com\/2022\/10\/image-3.png?w=150 150w, https:\/\/coooaoptometria.files.wordpress.com\/2022\/10\/image-3.png?w=300 300w, https:\/\/coooaoptometria.files.wordpress.com\/2022\/10\/image-3.png?w=768 768w\" sizes=\"(max-width: 996px) 100vw, 996px\" \/><\/a><figcaption class=\"wp-element-caption\">Asamblea General Ordinaria de Colegiados celebrada en Antequera<\/figcaption><\/figure>\n<p>En el acto, que estuvo presidido por <strong>Blanca Fern\u00e1ndez<\/strong>, decana-presidenta; <strong>Carmen Garc\u00eda<\/strong>, secretaria general; <strong>Jorge Maguilla<\/strong>, tesorero y vocal de Comunicaci\u00f3n; y <strong>Antonio S\u00e1nchez<\/strong>, representante de la Asesor\u00eda Jur\u00eddica; la presidenta ofreci\u00f3 a todos los colegiados congregados en la sala un <strong>repaso de todas las actividades y proyectos realizados a lo largo del \u00faltimo a\u00f1o desde la Junta de Gobierno<\/strong> del colegio profesional sanitario andaluz, para el beneficio de todos los \u00f3pticos-optometristas andaluces.<\/p>\n<p>Adem\u00e1s, durante el encuentro <strong>se adoptaron por unanimidad los siguientes acuerdos<\/strong>:<br \/>\u2022 Aprobaci\u00f3n del <strong>Acta de la Asamblea General Ordinaria<\/strong> de colegiados de fecha de 21 de noviembre de 2021.<br \/>\u2022 Aprobaci\u00f3n de la <strong>Memoria de Actividades<\/strong> 2021.<br \/>\u2022 Presentaci\u00f3n del <strong>Informe favorable de Auditor\u00eda<\/strong> y aprobaci\u00f3n de la <strong>Cuenta General de Ingresos y Gastos del ejercicio 2021<\/strong>. Aprobaci\u00f3n del <strong>traspaso del excedente<\/strong> al fondo patrimonial.<br \/>\u2022 Aprobaci\u00f3n del <strong>Presupuesto Ordinario de Ingresos y Gastos y cuotas<\/strong> para 2022.<br \/>\u2022 Aprobaci\u00f3n del <strong>Reglamento de R\u00e9gimen Interior<\/strong>.<\/p>\n<p>Previamente al acto, el s\u00e1bado 25 de junio,<strong> el nuevo vocal-delegado interino de la provincia de Granada, Raimundo Jim\u00e9nez<\/strong>, tom\u00f3 posesi\u00f3n de su cargo en la Junta de Gobierno celebrada tambi\u00e9n en la misma localidad, con la participaci\u00f3n de todos los miembros de dicho \u00f3rgano del COOOA.<\/p>\n<div class=\"wp-block-image\">\n<figure class=\"aligncenter size-large\"><a href=\"https:\/\/coooaoptometria.files.wordpress.com\/2022\/10\/image-4.png\"><img decoding=\"async\" data-attachment-id=\"5614\" data-permalink=\"https:\/\/coooaoptometria.com\/2022\/09\/01\/antequera-acoge-la-junta-de-gobierno-y-la-asamblea-general-ordinaria-de-colegiados\/image-4-2\/\" data-orig-file=\"https:\/\/coooaoptometria.files.wordpress.com\/2022\/10\/image-4.png\" data-orig-size=\"680,354\" data-comments-opened=\"1\" data-image-meta=\"{&quot;aperture&quot;:&quot;0&quot;,&quot;credit&quot;:&quot;&quot;,&quot;camera&quot;:&quot;&quot;,&quot;caption&quot;:&quot;&quot;,&quot;created_timestamp&quot;:&quot;0&quot;,&quot;copyright&quot;:&quot;&quot;,&quot;focal_length&quot;:&quot;0&quot;,&quot;iso&quot;:&quot;0&quot;,&quot;shutter_speed&quot;:&quot;0&quot;,&quot;title&quot;:&quot;&quot;,&quot;orientation&quot;:&quot;0&quot;}\" data-image-title=\"image-4\" data-image-description=\"\" data-image-caption=\"\" data-medium-file=\"https:\/\/coooaoptometria.files.wordpress.com\/2022\/10\/image-4.png?w=300\" data-large-file=\"https:\/\/coooaoptometria.files.wordpress.com\/2022\/10\/image-4.png?w=680\" src=\"https:\/\/coooaoptometria.files.wordpress.com\/2022\/10\/image-4.png?w=680\" alt=\"\" class=\"wp-image-5614\" srcset=\"https:\/\/coooaoptometria.files.wordpress.com\/2022\/10\/image-4.png 680w, https:\/\/coooaoptometria.files.wordpress.com\/2022\/10\/image-4.png?w=150 150w, https:\/\/coooaoptometria.files.wordpress.com\/2022\/10\/image-4.png?w=300 300w\" sizes=\"(max-width: 680px) 100vw, 680px\" \/><\/a><figcaption class=\"wp-element-caption\">Miembros de la Junta de Gobierno del COOOA<\/figcaption><\/figure>\n<\/div>\n<p>Publicado en <a href=\"https:\/\/coooaoptometria.com\/2022\/09\/01\/antequera-acoge-la-junta-de-gobierno-y-la-asamblea-general-ordinaria-de-colegiados\/\" class=\"autohyperlink\">coooaoptometria.com\/2022\/09\/01\/antequera-acoge-la-junta-de-gobierno-y-la-asamblea-general-ordinaria-de-colegiados\/<\/a><\/p>\n","protected":false},"excerpt":{"rendered":"<p>La localidad malague\u00f1a de Antequera acogi\u00f3 el pasado 28 de junio, en un ambiente distendido, la celebraci\u00f3n de la Asamblea General Ordinaria 2022 del Colegio Oficial de \u00d3pticos-Optometristas de Andaluc\u00eda. Asamblea General Ordinaria de Colegiados celebrada en Antequera En el acto, que estuvo presidido por Blanca Fern\u00e1ndez, decana-presidenta; Carmen Garc\u00eda,<\/p>\n","protected":false},"author":2,"featured_media":0,"comment_status":"closed","ping_status":"closed","sticky":false,"template":"","format":"standard","meta":{"footnotes":""},"categories":[10,4],"tags":[],"class_list":["post-2223","post","type-post","status-publish","format-standard","hentry","category-cuidado-ocular","category-espana"],"publishpress_future_action":{"enabled":false,"date":"2026-05-02 06:41:16","action":"change-status","newStatus":"draft","terms":[],"taxonomy":"category","extraData":[]},"publishpress_future_workflow_manual_trigger":{"enabledWorkflows":[]},"_links":{"self":[{"href":"https:\/\/hlrnet.net\/sites\/actu-es\/wp-json\/wp\/v2\/posts\/2223","targetHints":{"allow":["GET"]}}],"collection":[{"href":"https:\/\/hlrnet.net\/sites\/actu-es\/wp-json\/wp\/v2\/posts"}],"about":[{"href":"https:\/\/hlrnet.net\/sites\/actu-es\/wp-json\/wp\/v2\/types\/post"}],"author":[{"embeddable":true,"href":"https:\/\/hlrnet.net\/sites\/actu-es\/wp-json\/wp\/v2\/users\/2"}],"replies":[{"embeddable":true,"href":"https:\/\/hlrnet.net\/sites\/actu-es\/wp-json\/wp\/v2\/comments?post=2223"}],"version-history":[{"count":0,"href":"https:\/\/hlrnet.net\/sites\/actu-es\/wp-json\/wp\/v2\/posts\/2223\/revisions"}],"wp:attachment":[{"href":"https:\/\/hlrnet.net\/sites\/actu-es\/wp-json\/wp\/v2\/media?parent=2223"}],"wp:term":[{"taxonomy":"category","embeddable":true,"href":"https:\/\/hlrnet.net\/sites\/actu-es\/wp-json\/wp\/v2\/categories?post=2223"},{"taxonomy":"post_tag","embeddable":true,"href":"https:\/\/hlrnet.net\/sites\/actu-es\/wp-json\/wp\/v2\/tags?post=2223"}],"curies":[{"name":"wp","href":"https:\/\/api.w.org\/{rel}","templated":true}]}}