{"id":2226,"date":"2022-09-01T11:08:00","date_gmt":"2022-09-01T11:08:00","guid":{"rendered":"http:\/\/coooaoptometria.com\/?p=5580"},"modified":"2022-09-01T11:08:00","modified_gmt":"2022-09-01T11:08:00","slug":"presentacion-del-libro-blanco-de-la-salud-visual-en-espana-2022","status":"publish","type":"post","link":"https:\/\/hlrnet.net\/sites\/actu-es\/2022\/09\/01\/presentacion-del-libro-blanco-de-la-salud-visual-en-espana-2022\/","title":{"rendered":"Presentaci\u00f3n del Libro Blanco de la Salud Visual en Espa\u00f1a 2022"},"content":{"rendered":"\n\n<div class=\"kk-star-ratings kksr-auto kksr-align-left kksr-valign-top\"\n    data-payload='{&quot;align&quot;:&quot;left&quot;,&quot;id&quot;:&quot;2226&quot;,&quot;slug&quot;:&quot;default&quot;,&quot;valign&quot;:&quot;top&quot;,&quot;ignore&quot;:&quot;&quot;,&quot;reference&quot;:&quot;auto&quot;,&quot;class&quot;:&quot;&quot;,&quot;count&quot;:&quot;0&quot;,&quot;legendonly&quot;:&quot;&quot;,&quot;readonly&quot;:&quot;&quot;,&quot;score&quot;:&quot;0&quot;,&quot;starsonly&quot;:&quot;&quot;,&quot;best&quot;:&quot;5&quot;,&quot;gap&quot;:&quot;5&quot;,&quot;greet&quot;:&quot;Rate this post&quot;,&quot;legend&quot;:&quot;0\\\/5 - (0 votes)&quot;,&quot;size&quot;:&quot;24&quot;,&quot;title&quot;:&quot;Presentaci\u00f3n del Libro Blanco de la Salud Visual en Espa\u00f1a 2022&quot;,&quot;width&quot;:&quot;0&quot;,&quot;_legend&quot;:&quot;{score}\\\/{best} - ({count} {votes})&quot;,&quot;font_factor&quot;:&quot;1.25&quot;}'>\n            \n<div class=\"kksr-stars\">\n    \n<div class=\"kksr-stars-inactive\">\n            <div class=\"kksr-star\" data-star=\"1\" style=\"padding-right: 5px\">\n            \n\n<div class=\"kksr-icon\" style=\"width: 24px; height: 24px;\"><\/div>\n        <\/div>\n            <div class=\"kksr-star\" data-star=\"2\" style=\"padding-right: 5px\">\n            \n\n<div class=\"kksr-icon\" style=\"width: 24px; height: 24px;\"><\/div>\n        <\/div>\n            <div class=\"kksr-star\" data-star=\"3\" style=\"padding-right: 5px\">\n            \n\n<div class=\"kksr-icon\" style=\"width: 24px; height: 24px;\"><\/div>\n        <\/div>\n            <div class=\"kksr-star\" data-star=\"4\" style=\"padding-right: 5px\">\n            \n\n<div class=\"kksr-icon\" style=\"width: 24px; height: 24px;\"><\/div>\n        <\/div>\n            <div class=\"kksr-star\" data-star=\"5\" style=\"padding-right: 5px\">\n            \n\n<div class=\"kksr-icon\" style=\"width: 24px; height: 24px;\"><\/div>\n        <\/div>\n    <\/div>\n    \n<div class=\"kksr-stars-active\" style=\"width: 0px;\">\n            <div class=\"kksr-star\" style=\"padding-right: 5px\">\n            \n\n<div class=\"kksr-icon\" style=\"width: 24px; height: 24px;\"><\/div>\n        <\/div>\n            <div class=\"kksr-star\" style=\"padding-right: 5px\">\n            \n\n<div class=\"kksr-icon\" style=\"width: 24px; height: 24px;\"><\/div>\n        <\/div>\n            <div class=\"kksr-star\" style=\"padding-right: 5px\">\n            \n\n<div class=\"kksr-icon\" style=\"width: 24px; height: 24px;\"><\/div>\n        <\/div>\n            <div class=\"kksr-star\" style=\"padding-right: 5px\">\n            \n\n<div class=\"kksr-icon\" style=\"width: 24px; height: 24px;\"><\/div>\n        <\/div>\n            <div class=\"kksr-star\" style=\"padding-right: 5px\">\n            \n\n<div class=\"kksr-icon\" style=\"width: 24px; height: 24px;\"><\/div>\n        <\/div>\n    <\/div>\n<\/div>\n                \n\n<div class=\"kksr-legend\" style=\"font-size: 19.2px;\">\n            <span class=\"kksr-muted\">Rate this post<\/span>\n    <\/div>\n    <\/div>\n\n<div class=\"wp-block-image\">\n<figure class=\"alignright size-large is-resized\"><a href=\"https:\/\/coooaoptometria.files.wordpress.com\/2022\/10\/image-5.png\"><img decoding=\"async\" loading=\"lazy\" data-attachment-id=\"5617\" data-permalink=\"https:\/\/coooaoptometria.com\/2022\/09\/01\/presentacion-del-libro-blanco-de-la-salud-visual-en-espana-2022\/image-5\/\" data-orig-file=\"https:\/\/coooaoptometria.files.wordpress.com\/2022\/10\/image-5.png\" data-orig-size=\"658,803\" data-comments-opened=\"1\" data-image-meta=\"{&quot;aperture&quot;:&quot;0&quot;,&quot;credit&quot;:&quot;&quot;,&quot;camera&quot;:&quot;&quot;,&quot;caption&quot;:&quot;&quot;,&quot;created_timestamp&quot;:&quot;0&quot;,&quot;copyright&quot;:&quot;&quot;,&quot;focal_length&quot;:&quot;0&quot;,&quot;iso&quot;:&quot;0&quot;,&quot;shutter_speed&quot;:&quot;0&quot;,&quot;title&quot;:&quot;&quot;,&quot;orientation&quot;:&quot;0&quot;}\" data-image-title=\"image-5\" data-image-description=\"\" data-image-caption=\"\" data-medium-file=\"https:\/\/coooaoptometria.files.wordpress.com\/2022\/10\/image-5.png?w=246\" data-large-file=\"https:\/\/coooaoptometria.files.wordpress.com\/2022\/10\/image-5.png?w=658\" src=\"https:\/\/coooaoptometria.files.wordpress.com\/2022\/10\/image-5.png?w=658\" alt=\"\" class=\"wp-image-5617\" width=\"383\" height=\"467\" srcset=\"https:\/\/coooaoptometria.files.wordpress.com\/2022\/10\/image-5.png?w=383 383w, https:\/\/coooaoptometria.files.wordpress.com\/2022\/10\/image-5.png?w=123 123w, https:\/\/coooaoptometria.files.wordpress.com\/2022\/10\/image-5.png?w=246 246w, https:\/\/coooaoptometria.files.wordpress.com\/2022\/10\/image-5.png 658w\" sizes=\"auto, (max-width: 383px) 100vw, 383px\" \/><\/a><\/figure>\n<\/div>\n<p>El pasado 19 de julio el <strong>Colegio Oficial de \u00d3pticos-Optometristas de Andaluc\u00eda<\/strong> asisti\u00f3 en la sede del Consejo General de Colegios de \u00d3pticos-Optometristas (CGCOO) en Madrid a la presentaci\u00f3n de la VI edici\u00f3n del Libro Blanco de la Salud Visual en Espa\u00f1a. Impulsada por el CGCOO junto a la <strong>Sociedad Espa\u00f1ola de Optometr\u00eda y la Fundaci\u00f3n Salud Visual<\/strong> es la publicaci\u00f3n de referencia de la \u00d3ptica y la Optometr\u00eda, que ofrece un gran n\u00famero de datos sobre el estado de la visi\u00f3n en nuestro pa\u00eds.<\/p>\n<p>Su edici\u00f3n de 2022 se divide en tres partes. La primera versa sobre <strong>Atenci\u00f3n Primaria y Salud Visual<\/strong>, donde se analiza el impacto econ\u00f3mico y social de la incorporaci\u00f3n del \u00f3ptico-optometrista a la atenci\u00f3n primaria p\u00fablica; la segunda sobre <strong>H\u00e1bitos y actitudes de la poblaci\u00f3n espa\u00f1ola en salud visual<\/strong>; y en la tercera parte se plantean los <strong>Retos de la Optometr\u00eda<\/strong> y sus desaf\u00edos cient\u00edficos, pol\u00edticos u organizativos.<\/p>\n<p>En el evento estuvieron presentes miembros del COOOA y del pleno del CGCOO, <strong>Blanca Fern\u00e1ndez<\/strong>, decana-presidenta; y <strong>Carmen Garc\u00eda<\/strong>, secretaria; <strong>Manuel Aguilar<\/strong>, contador; <strong>Esteban Moreno<\/strong>, vicesecretario; y <strong>Jos\u00e9 M\u00aa S\u00e1nchez<\/strong>, vocal del CGCOO.<\/p>\n<div class=\"wp-block-image\">\n<figure class=\"aligncenter size-large\"><a href=\"https:\/\/coooaoptometria.files.wordpress.com\/2022\/10\/image-6.png\"><img decoding=\"async\" data-attachment-id=\"5618\" data-permalink=\"https:\/\/coooaoptometria.com\/2022\/09\/01\/presentacion-del-libro-blanco-de-la-salud-visual-en-espana-2022\/image-6\/\" data-orig-file=\"https:\/\/coooaoptometria.files.wordpress.com\/2022\/10\/image-6.png\" data-orig-size=\"667,452\" data-comments-opened=\"1\" data-image-meta=\"{&quot;aperture&quot;:&quot;0&quot;,&quot;credit&quot;:&quot;&quot;,&quot;camera&quot;:&quot;&quot;,&quot;caption&quot;:&quot;&quot;,&quot;created_timestamp&quot;:&quot;0&quot;,&quot;copyright&quot;:&quot;&quot;,&quot;focal_length&quot;:&quot;0&quot;,&quot;iso&quot;:&quot;0&quot;,&quot;shutter_speed&quot;:&quot;0&quot;,&quot;title&quot;:&quot;&quot;,&quot;orientation&quot;:&quot;0&quot;}\" data-image-title=\"image-6\" data-image-description=\"\" data-image-caption=\"\" data-medium-file=\"https:\/\/coooaoptometria.files.wordpress.com\/2022\/10\/image-6.png?w=300\" data-large-file=\"https:\/\/coooaoptometria.files.wordpress.com\/2022\/10\/image-6.png?w=667\" src=\"https:\/\/coooaoptometria.files.wordpress.com\/2022\/10\/image-6.png?w=667\" alt=\"\" class=\"wp-image-5618\" srcset=\"https:\/\/coooaoptometria.files.wordpress.com\/2022\/10\/image-6.png 667w, https:\/\/coooaoptometria.files.wordpress.com\/2022\/10\/image-6.png?w=150 150w, https:\/\/coooaoptometria.files.wordpress.com\/2022\/10\/image-6.png?w=300 300w\" sizes=\"(max-width: 667px) 100vw, 667px\" \/><\/a><\/figure>\n<\/div>\n<p>Publicado en <a href=\"https:\/\/coooaoptometria.com\/2022\/09\/01\/presentacion-del-libro-blanco-de-la-salud-visual-en-espana-2022\/\" class=\"autohyperlink\">coooaoptometria.com\/2022\/09\/01\/presentacion-del-libro-blanco-de-la-salud-visual-en-espana-2022\/<\/a><\/p>\n","protected":false},"excerpt":{"rendered":"<p>El pasado 19 de julio el Colegio Oficial de \u00d3pticos-Optometristas de Andaluc\u00eda asisti\u00f3 en la sede del Consejo General de Colegios de \u00d3pticos-Optometristas (CGCOO) en Madrid a la presentaci\u00f3n de la VI edici\u00f3n del Libro Blanco de la Salud Visual en Espa\u00f1a. Impulsada por el CGCOO junto a la Sociedad<\/p>\n","protected":false},"author":2,"featured_media":0,"comment_status":"closed","ping_status":"closed","sticky":false,"template":"","format":"standard","meta":{"footnotes":""},"categories":[10,4],"tags":[],"class_list":["post-2226","post","type-post","status-publish","format-standard","hentry","category-cuidado-ocular","category-espana"],"publishpress_future_action":{"enabled":false,"date":"2026-05-02 06:41:15","action":"change-status","newStatus":"draft","terms":[],"taxonomy":"category","extraData":[]},"publishpress_future_workflow_manual_trigger":{"enabledWorkflows":[]},"_links":{"self":[{"href":"https:\/\/hlrnet.net\/sites\/actu-es\/wp-json\/wp\/v2\/posts\/2226","targetHints":{"allow":["GET"]}}],"collection":[{"href":"https:\/\/hlrnet.net\/sites\/actu-es\/wp-json\/wp\/v2\/posts"}],"about":[{"href":"https:\/\/hlrnet.net\/sites\/actu-es\/wp-json\/wp\/v2\/types\/post"}],"author":[{"embeddable":true,"href":"https:\/\/hlrnet.net\/sites\/actu-es\/wp-json\/wp\/v2\/users\/2"}],"replies":[{"embeddable":true,"href":"https:\/\/hlrnet.net\/sites\/actu-es\/wp-json\/wp\/v2\/comments?post=2226"}],"version-history":[{"count":0,"href":"https:\/\/hlrnet.net\/sites\/actu-es\/wp-json\/wp\/v2\/posts\/2226\/revisions"}],"wp:attachment":[{"href":"https:\/\/hlrnet.net\/sites\/actu-es\/wp-json\/wp\/v2\/media?parent=2226"}],"wp:term":[{"taxonomy":"category","embeddable":true,"href":"https:\/\/hlrnet.net\/sites\/actu-es\/wp-json\/wp\/v2\/categories?post=2226"},{"taxonomy":"post_tag","embeddable":true,"href":"https:\/\/hlrnet.net\/sites\/actu-es\/wp-json\/wp\/v2\/tags?post=2226"}],"curies":[{"name":"wp","href":"https:\/\/api.w.org\/{rel}","templated":true}]}}