{"id":2229,"date":"2022-09-01T11:07:16","date_gmt":"2022-09-01T11:07:16","guid":{"rendered":"http:\/\/coooaoptometria.com\/?p=5579"},"modified":"2022-09-01T11:07:16","modified_gmt":"2022-09-01T11:07:16","slug":"el-coooa-acompana-al-nuevo-decano-del-cnoo-en-la-toma-de-posesion-de-su-cargo","status":"publish","type":"post","link":"https:\/\/hlrnet.net\/sites\/actu-es\/2022\/09\/01\/el-coooa-acompana-al-nuevo-decano-del-cnoo-en-la-toma-de-posesion-de-su-cargo\/","title":{"rendered":"El COOOA acompa\u00f1a al nuevo decano del CNOO en la toma de posesi\u00f3n de su cargo"},"content":{"rendered":"\n\n<div class=\"kk-star-ratings kksr-auto kksr-align-left kksr-valign-top\"\n    data-payload='{&quot;align&quot;:&quot;left&quot;,&quot;id&quot;:&quot;2229&quot;,&quot;slug&quot;:&quot;default&quot;,&quot;valign&quot;:&quot;top&quot;,&quot;ignore&quot;:&quot;&quot;,&quot;reference&quot;:&quot;auto&quot;,&quot;class&quot;:&quot;&quot;,&quot;count&quot;:&quot;0&quot;,&quot;legendonly&quot;:&quot;&quot;,&quot;readonly&quot;:&quot;&quot;,&quot;score&quot;:&quot;0&quot;,&quot;starsonly&quot;:&quot;&quot;,&quot;best&quot;:&quot;5&quot;,&quot;gap&quot;:&quot;5&quot;,&quot;greet&quot;:&quot;Rate this post&quot;,&quot;legend&quot;:&quot;0\\\/5 - (0 votes)&quot;,&quot;size&quot;:&quot;24&quot;,&quot;title&quot;:&quot;El COOOA acompa\u00f1a al nuevo decano del CNOO en la toma de posesi\u00f3n de su cargo&quot;,&quot;width&quot;:&quot;0&quot;,&quot;_legend&quot;:&quot;{score}\\\/{best} - ({count} {votes})&quot;,&quot;font_factor&quot;:&quot;1.25&quot;}'>\n            \n<div class=\"kksr-stars\">\n    \n<div class=\"kksr-stars-inactive\">\n            <div class=\"kksr-star\" data-star=\"1\" style=\"padding-right: 5px\">\n            \n\n<div class=\"kksr-icon\" style=\"width: 24px; height: 24px;\"><\/div>\n        <\/div>\n            <div class=\"kksr-star\" data-star=\"2\" style=\"padding-right: 5px\">\n            \n\n<div class=\"kksr-icon\" style=\"width: 24px; height: 24px;\"><\/div>\n        <\/div>\n            <div class=\"kksr-star\" data-star=\"3\" style=\"padding-right: 5px\">\n            \n\n<div class=\"kksr-icon\" style=\"width: 24px; height: 24px;\"><\/div>\n        <\/div>\n            <div class=\"kksr-star\" data-star=\"4\" style=\"padding-right: 5px\">\n            \n\n<div class=\"kksr-icon\" style=\"width: 24px; height: 24px;\"><\/div>\n        <\/div>\n            <div class=\"kksr-star\" data-star=\"5\" style=\"padding-right: 5px\">\n            \n\n<div class=\"kksr-icon\" style=\"width: 24px; height: 24px;\"><\/div>\n        <\/div>\n    <\/div>\n    \n<div class=\"kksr-stars-active\" style=\"width: 0px;\">\n            <div class=\"kksr-star\" style=\"padding-right: 5px\">\n            \n\n<div class=\"kksr-icon\" style=\"width: 24px; height: 24px;\"><\/div>\n        <\/div>\n            <div class=\"kksr-star\" style=\"padding-right: 5px\">\n            \n\n<div class=\"kksr-icon\" style=\"width: 24px; height: 24px;\"><\/div>\n        <\/div>\n            <div class=\"kksr-star\" style=\"padding-right: 5px\">\n            \n\n<div class=\"kksr-icon\" style=\"width: 24px; height: 24px;\"><\/div>\n        <\/div>\n            <div class=\"kksr-star\" style=\"padding-right: 5px\">\n            \n\n<div class=\"kksr-icon\" style=\"width: 24px; height: 24px;\"><\/div>\n        <\/div>\n            <div class=\"kksr-star\" style=\"padding-right: 5px\">\n            \n\n<div class=\"kksr-icon\" style=\"width: 24px; height: 24px;\"><\/div>\n        <\/div>\n    <\/div>\n<\/div>\n                \n\n<div class=\"kksr-legend\" style=\"font-size: 19.2px;\">\n            <span class=\"kksr-muted\">Rate this post<\/span>\n    <\/div>\n    <\/div>\n\n<p>El <strong>Colegio Nacional de \u00d3pticos-Optometristas<\/strong> (CNOO) ha renovado su Junta de Gobierno y Comisi\u00f3n Ejecutiva, siendo <strong>Eduardo Mor\u00e1n<\/strong> nuevo decano en sustituci\u00f3n de <strong>Juan Carlos Mart\u00ednez Moral<\/strong>, que actualmente ostenta el cargo de <strong>presidente del Consejo General de Colegios de \u00d3pticos-Optometristas de Espa\u00f1a<\/strong>.<\/p>\n<p>A mediados del mes de junio se celebr\u00f3 el acto de la toma de posesi\u00f3n de sus cargos, al que acudieron <strong>Blanca Fern\u00e1ndez, Carmen Garc\u00eda y Manuel Aguilar<\/strong>, decana-presidenta, secretaria general y contador del COOOA, respectivamente, en representaci\u00f3n del colegio profesional sanitario andaluz.<\/p>\n<div class=\"wp-block-image\">\n<figure class=\"aligncenter size-large\"><a href=\"https:\/\/coooaoptometria.files.wordpress.com\/2022\/10\/image-7.png\"><img decoding=\"async\" data-attachment-id=\"5621\" data-permalink=\"https:\/\/coooaoptometria.com\/2022\/09\/01\/el-coooa-acompana-al-nuevo-decano-del-cnoo-en-la-toma-de-posesion-de-su-cargo\/image-7\/\" data-orig-file=\"https:\/\/coooaoptometria.files.wordpress.com\/2022\/10\/image-7.png\" data-orig-size=\"662,488\" data-comments-opened=\"1\" data-image-meta=\"{&quot;aperture&quot;:&quot;0&quot;,&quot;credit&quot;:&quot;&quot;,&quot;camera&quot;:&quot;&quot;,&quot;caption&quot;:&quot;&quot;,&quot;created_timestamp&quot;:&quot;0&quot;,&quot;copyright&quot;:&quot;&quot;,&quot;focal_length&quot;:&quot;0&quot;,&quot;iso&quot;:&quot;0&quot;,&quot;shutter_speed&quot;:&quot;0&quot;,&quot;title&quot;:&quot;&quot;,&quot;orientation&quot;:&quot;0&quot;}\" data-image-title=\"image-7\" data-image-description=\"\" data-image-caption=\"\" data-medium-file=\"https:\/\/coooaoptometria.files.wordpress.com\/2022\/10\/image-7.png?w=300\" data-large-file=\"https:\/\/coooaoptometria.files.wordpress.com\/2022\/10\/image-7.png?w=662\" src=\"https:\/\/coooaoptometria.files.wordpress.com\/2022\/10\/image-7.png?w=662\" alt=\"\" class=\"wp-image-5621\" srcset=\"https:\/\/coooaoptometria.files.wordpress.com\/2022\/10\/image-7.png 662w, https:\/\/coooaoptometria.files.wordpress.com\/2022\/10\/image-7.png?w=150 150w, https:\/\/coooaoptometria.files.wordpress.com\/2022\/10\/image-7.png?w=300 300w\" sizes=\"(max-width: 662px) 100vw, 662px\" \/><\/a><\/figure>\n<\/div>\n<p>Publicado en <a href=\"https:\/\/coooaoptometria.com\/2022\/09\/01\/el-coooa-acompana-al-nuevo-decano-del-cnoo-en-la-toma-de-posesion-de-su-cargo\/\" class=\"autohyperlink\">coooaoptometria.com\/2022\/09\/01\/el-coooa-acompana-al-nuevo-decano-del-cnoo-en-la-toma-de-posesion-de-su-cargo\/<\/a><\/p>\n","protected":false},"excerpt":{"rendered":"<p>El Colegio Nacional de \u00d3pticos-Optometristas (CNOO) ha renovado su Junta de Gobierno y Comisi\u00f3n Ejecutiva, siendo Eduardo Mor\u00e1n nuevo decano en sustituci\u00f3n de Juan Carlos Mart\u00ednez Moral, que actualmente ostenta el cargo de presidente del Consejo General de Colegios de \u00d3pticos-Optometristas de Espa\u00f1a. A mediados del mes de junio se<\/p>\n","protected":false},"author":2,"featured_media":0,"comment_status":"closed","ping_status":"closed","sticky":false,"template":"","format":"standard","meta":{"footnotes":""},"categories":[10,4],"tags":[],"class_list":["post-2229","post","type-post","status-publish","format-standard","hentry","category-cuidado-ocular","category-espana"],"publishpress_future_action":{"enabled":false,"date":"2026-05-02 06:40:54","action":"change-status","newStatus":"draft","terms":[],"taxonomy":"category","extraData":[]},"publishpress_future_workflow_manual_trigger":{"enabledWorkflows":[]},"_links":{"self":[{"href":"https:\/\/hlrnet.net\/sites\/actu-es\/wp-json\/wp\/v2\/posts\/2229","targetHints":{"allow":["GET"]}}],"collection":[{"href":"https:\/\/hlrnet.net\/sites\/actu-es\/wp-json\/wp\/v2\/posts"}],"about":[{"href":"https:\/\/hlrnet.net\/sites\/actu-es\/wp-json\/wp\/v2\/types\/post"}],"author":[{"embeddable":true,"href":"https:\/\/hlrnet.net\/sites\/actu-es\/wp-json\/wp\/v2\/users\/2"}],"replies":[{"embeddable":true,"href":"https:\/\/hlrnet.net\/sites\/actu-es\/wp-json\/wp\/v2\/comments?post=2229"}],"version-history":[{"count":0,"href":"https:\/\/hlrnet.net\/sites\/actu-es\/wp-json\/wp\/v2\/posts\/2229\/revisions"}],"wp:attachment":[{"href":"https:\/\/hlrnet.net\/sites\/actu-es\/wp-json\/wp\/v2\/media?parent=2229"}],"wp:term":[{"taxonomy":"category","embeddable":true,"href":"https:\/\/hlrnet.net\/sites\/actu-es\/wp-json\/wp\/v2\/categories?post=2229"},{"taxonomy":"post_tag","embeddable":true,"href":"https:\/\/hlrnet.net\/sites\/actu-es\/wp-json\/wp\/v2\/tags?post=2229"}],"curies":[{"name":"wp","href":"https:\/\/api.w.org\/{rel}","templated":true}]}}