{"id":2233,"date":"2022-09-01T11:06:35","date_gmt":"2022-09-01T11:06:35","guid":{"rendered":"http:\/\/coooaoptometria.com\/?p=5578"},"modified":"2022-09-01T11:06:35","modified_gmt":"2022-09-01T11:06:35","slug":"blanca-fernandez-toma-posesion-como-presidenta-de-la-union-profesional-sanitaria-de-malaga","status":"publish","type":"post","link":"https:\/\/hlrnet.net\/sites\/actu-es\/2022\/09\/01\/blanca-fernandez-toma-posesion-como-presidenta-de-la-union-profesional-sanitaria-de-malaga\/","title":{"rendered":"Blanca Fern\u00e1ndez toma posesi\u00f3n como presidenta de la Uni\u00f3n Profesional Sanitaria de M\u00e1laga"},"content":{"rendered":"\n\n<div class=\"kk-star-ratings kksr-auto kksr-align-left kksr-valign-top\"\n    data-payload='{&quot;align&quot;:&quot;left&quot;,&quot;id&quot;:&quot;2233&quot;,&quot;slug&quot;:&quot;default&quot;,&quot;valign&quot;:&quot;top&quot;,&quot;ignore&quot;:&quot;&quot;,&quot;reference&quot;:&quot;auto&quot;,&quot;class&quot;:&quot;&quot;,&quot;count&quot;:&quot;0&quot;,&quot;legendonly&quot;:&quot;&quot;,&quot;readonly&quot;:&quot;&quot;,&quot;score&quot;:&quot;0&quot;,&quot;starsonly&quot;:&quot;&quot;,&quot;best&quot;:&quot;5&quot;,&quot;gap&quot;:&quot;5&quot;,&quot;greet&quot;:&quot;Rate this post&quot;,&quot;legend&quot;:&quot;0\\\/5 - (0 votes)&quot;,&quot;size&quot;:&quot;24&quot;,&quot;title&quot;:&quot;Blanca Fern\u00e1ndez toma posesi\u00f3n como presidenta de la Uni\u00f3n Profesional Sanitaria de M\u00e1laga&quot;,&quot;width&quot;:&quot;0&quot;,&quot;_legend&quot;:&quot;{score}\\\/{best} - ({count} {votes})&quot;,&quot;font_factor&quot;:&quot;1.25&quot;}'>\n            \n<div class=\"kksr-stars\">\n    \n<div class=\"kksr-stars-inactive\">\n            <div class=\"kksr-star\" data-star=\"1\" style=\"padding-right: 5px\">\n            \n\n<div class=\"kksr-icon\" style=\"width: 24px; height: 24px;\"><\/div>\n        <\/div>\n            <div class=\"kksr-star\" data-star=\"2\" style=\"padding-right: 5px\">\n            \n\n<div class=\"kksr-icon\" style=\"width: 24px; height: 24px;\"><\/div>\n        <\/div>\n            <div class=\"kksr-star\" data-star=\"3\" style=\"padding-right: 5px\">\n            \n\n<div class=\"kksr-icon\" style=\"width: 24px; height: 24px;\"><\/div>\n        <\/div>\n            <div class=\"kksr-star\" data-star=\"4\" style=\"padding-right: 5px\">\n            \n\n<div class=\"kksr-icon\" style=\"width: 24px; height: 24px;\"><\/div>\n        <\/div>\n            <div class=\"kksr-star\" data-star=\"5\" style=\"padding-right: 5px\">\n            \n\n<div class=\"kksr-icon\" style=\"width: 24px; height: 24px;\"><\/div>\n        <\/div>\n    <\/div>\n    \n<div class=\"kksr-stars-active\" style=\"width: 0px;\">\n            <div class=\"kksr-star\" style=\"padding-right: 5px\">\n            \n\n<div class=\"kksr-icon\" style=\"width: 24px; height: 24px;\"><\/div>\n        <\/div>\n            <div class=\"kksr-star\" style=\"padding-right: 5px\">\n            \n\n<div class=\"kksr-icon\" style=\"width: 24px; height: 24px;\"><\/div>\n        <\/div>\n            <div class=\"kksr-star\" style=\"padding-right: 5px\">\n            \n\n<div class=\"kksr-icon\" style=\"width: 24px; height: 24px;\"><\/div>\n        <\/div>\n            <div class=\"kksr-star\" style=\"padding-right: 5px\">\n            \n\n<div class=\"kksr-icon\" style=\"width: 24px; height: 24px;\"><\/div>\n        <\/div>\n            <div class=\"kksr-star\" style=\"padding-right: 5px\">\n            \n\n<div class=\"kksr-icon\" style=\"width: 24px; height: 24px;\"><\/div>\n        <\/div>\n    <\/div>\n<\/div>\n                \n\n<div class=\"kksr-legend\" style=\"font-size: 19.2px;\">\n            <span class=\"kksr-muted\">Rate this post<\/span>\n    <\/div>\n    <\/div>\n\n<div class=\"wp-block-image\">\n<figure class=\"aligncenter size-large\"><a href=\"https:\/\/coooaoptometria.files.wordpress.com\/2022\/10\/image-8.png\"><img decoding=\"async\" data-attachment-id=\"5623\" data-permalink=\"https:\/\/coooaoptometria.com\/2022\/09\/01\/blanca-fernandez-toma-posesion-como-presidenta-de-la-union-profesional-sanitaria-de-malaga\/image-8\/\" data-orig-file=\"https:\/\/coooaoptometria.files.wordpress.com\/2022\/10\/image-8.png\" data-orig-size=\"972,564\" data-comments-opened=\"1\" data-image-meta=\"{&quot;aperture&quot;:&quot;0&quot;,&quot;credit&quot;:&quot;&quot;,&quot;camera&quot;:&quot;&quot;,&quot;caption&quot;:&quot;&quot;,&quot;created_timestamp&quot;:&quot;0&quot;,&quot;copyright&quot;:&quot;&quot;,&quot;focal_length&quot;:&quot;0&quot;,&quot;iso&quot;:&quot;0&quot;,&quot;shutter_speed&quot;:&quot;0&quot;,&quot;title&quot;:&quot;&quot;,&quot;orientation&quot;:&quot;0&quot;}\" data-image-title=\"image-8\" data-image-description=\"\" data-image-caption=\"\" data-medium-file=\"https:\/\/coooaoptometria.files.wordpress.com\/2022\/10\/image-8.png?w=300\" data-large-file=\"https:\/\/coooaoptometria.files.wordpress.com\/2022\/10\/image-8.png?w=700\" src=\"https:\/\/coooaoptometria.files.wordpress.com\/2022\/10\/image-8.png?w=972\" alt=\"\" class=\"wp-image-5623\" srcset=\"https:\/\/coooaoptometria.files.wordpress.com\/2022\/10\/image-8.png 972w, https:\/\/coooaoptometria.files.wordpress.com\/2022\/10\/image-8.png?w=150 150w, https:\/\/coooaoptometria.files.wordpress.com\/2022\/10\/image-8.png?w=300 300w, https:\/\/coooaoptometria.files.wordpress.com\/2022\/10\/image-8.png?w=768 768w\" sizes=\"(max-width: 972px) 100vw, 972px\" \/><\/a><\/figure>\n<\/div>\n<p>La decana-presidenta del Colegio de \u00d3pticos-Optometristas de Andaluc\u00eda (COOOA), Blanca Fern\u00e1ndez, <strong>tom\u00f3 posesi\u00f3n<\/strong> el pasado mes de junio como <strong>presidenta de la Uni\u00f3n Profesional Sanitaria de M\u00e1laga (Uprosama)<\/strong> en un acto celebrado en el Museo Municipal del Patrimonio de la capital malague\u00f1a.<\/p>\n<figure class=\"wp-block-image size-large\"><a href=\"https:\/\/coooaoptometria.files.wordpress.com\/2022\/10\/image-10.png\"><img decoding=\"async\" data-attachment-id=\"5625\" data-permalink=\"https:\/\/coooaoptometria.com\/2022\/09\/01\/blanca-fernandez-toma-posesion-como-presidenta-de-la-union-profesional-sanitaria-de-malaga\/image-10\/\" data-orig-file=\"https:\/\/coooaoptometria.files.wordpress.com\/2022\/10\/image-10.png\" data-orig-size=\"984,532\" data-comments-opened=\"1\" data-image-meta=\"{&quot;aperture&quot;:&quot;0&quot;,&quot;credit&quot;:&quot;&quot;,&quot;camera&quot;:&quot;&quot;,&quot;caption&quot;:&quot;&quot;,&quot;created_timestamp&quot;:&quot;0&quot;,&quot;copyright&quot;:&quot;&quot;,&quot;focal_length&quot;:&quot;0&quot;,&quot;iso&quot;:&quot;0&quot;,&quot;shutter_speed&quot;:&quot;0&quot;,&quot;title&quot;:&quot;&quot;,&quot;orientation&quot;:&quot;0&quot;}\" data-image-title=\"image-10\" data-image-description=\"\" data-image-caption=\"\" data-medium-file=\"https:\/\/coooaoptometria.files.wordpress.com\/2022\/10\/image-10.png?w=300\" data-large-file=\"https:\/\/coooaoptometria.files.wordpress.com\/2022\/10\/image-10.png?w=700\" src=\"https:\/\/coooaoptometria.files.wordpress.com\/2022\/10\/image-10.png?w=984\" alt=\"\" class=\"wp-image-5625\" srcset=\"https:\/\/coooaoptometria.files.wordpress.com\/2022\/10\/image-10.png 984w, https:\/\/coooaoptometria.files.wordpress.com\/2022\/10\/image-10.png?w=150 150w, https:\/\/coooaoptometria.files.wordpress.com\/2022\/10\/image-10.png?w=300 300w, https:\/\/coooaoptometria.files.wordpress.com\/2022\/10\/image-10.png?w=768 768w\" sizes=\"(max-width: 984px) 100vw, 984px\" \/><\/a><figcaption class=\"wp-element-caption\">La presidenta, Blanca Fern\u00e1ndez, junto a Carlos Bautista, delegado de Salud y Familias en M\u00e1laga; Juan Manuel Nieblas, secretario general de Uprosama; y Carlos Conde, teniente de alcalde del Ayuntamiento de M\u00e1laga<\/figcaption><\/figure>\n<p>La nueva presidenta de Uprosama resalt\u00f3 durante el acto que se <strong>cumplen nueve a\u00f1os desde el nacimiento de la Uni\u00f3n Profesional<\/strong>, que surgi\u00f3 con el objetivo de trabajar por mejorar las profesiones sanitarias colegiadas de la provincia. Adem\u00e1s, record\u00f3 que bajo esta instituci\u00f3n supracolegial se engloban <strong>m\u00e1s de 20.000 profesionales<\/strong> entre m\u00e9dicos, enfermeros, farmac\u00e9uticos, pod\u00f3logos, fisioterapeutas, veterinarios, logopedas, psic\u00f3logos, dentistas, nutricionistas y \u00f3pticos-optometristas.<\/p>\n<figure class=\"wp-block-image size-large\"><a href=\"https:\/\/coooaoptometria.files.wordpress.com\/2022\/10\/image-11.png\"><img decoding=\"async\" data-attachment-id=\"5626\" data-permalink=\"https:\/\/coooaoptometria.com\/2022\/09\/01\/blanca-fernandez-toma-posesion-como-presidenta-de-la-union-profesional-sanitaria-de-malaga\/image-11\/\" data-orig-file=\"https:\/\/coooaoptometria.files.wordpress.com\/2022\/10\/image-11.png\" data-orig-size=\"983,530\" data-comments-opened=\"1\" data-image-meta=\"{&quot;aperture&quot;:&quot;0&quot;,&quot;credit&quot;:&quot;&quot;,&quot;camera&quot;:&quot;&quot;,&quot;caption&quot;:&quot;&quot;,&quot;created_timestamp&quot;:&quot;0&quot;,&quot;copyright&quot;:&quot;&quot;,&quot;focal_length&quot;:&quot;0&quot;,&quot;iso&quot;:&quot;0&quot;,&quot;shutter_speed&quot;:&quot;0&quot;,&quot;title&quot;:&quot;&quot;,&quot;orientation&quot;:&quot;0&quot;}\" data-image-title=\"image-11\" data-image-description=\"\" data-image-caption=\"\" data-medium-file=\"https:\/\/coooaoptometria.files.wordpress.com\/2022\/10\/image-11.png?w=300\" data-large-file=\"https:\/\/coooaoptometria.files.wordpress.com\/2022\/10\/image-11.png?w=700\" src=\"https:\/\/coooaoptometria.files.wordpress.com\/2022\/10\/image-11.png?w=983\" alt=\"\" class=\"wp-image-5626\" srcset=\"https:\/\/coooaoptometria.files.wordpress.com\/2022\/10\/image-11.png 983w, https:\/\/coooaoptometria.files.wordpress.com\/2022\/10\/image-11.png?w=150 150w, https:\/\/coooaoptometria.files.wordpress.com\/2022\/10\/image-11.png?w=300 300w, https:\/\/coooaoptometria.files.wordpress.com\/2022\/10\/image-11.png?w=768 768w\" sizes=\"(max-width: 983px) 100vw, 983px\" \/><\/a><figcaption class=\"wp-element-caption\">Blanca Fern\u00e1ndez durante la toma de posesi\u00f3n como presidenta de Uprosama<\/figcaption><\/figure>\n<p>Asimismo, Fern\u00e1ndez incidi\u00f3 en \u00abla <strong>imprescindible labor realizada por los sanitarios para frenar el impacto de la Covid-19 en nuestra sociedad<\/strong> y la mano tendida que han vuelto a dar los sanitarios para ayudar en la terrible situaci\u00f3n provocada por la guerra en Ucrania\u00bb. De igual manera, solicit\u00f3 a los representantes institucionales que \u00abcuenten con nosotros y que escuchen nuestras propuestas porque nuestra vocaci\u00f3n es siempre la de colaborar para mejorar nuestro sistema sanitario y hacerlo m\u00e1s fuerte y resiliente ante las crisis que puedan acontecer\u00bb.<\/p>\n<p><strong>El Museo Municipal del Patrimonio de M\u00e1laga acoge la celebraci\u00f3n de la IV Jornada Uprosama<\/strong><\/p>\n<p>La <strong>Uni\u00f3n Profesional Sanitaria de M\u00e1laga (Uprosama)<\/strong> celebr\u00f3 el pasado 21 de junio la<strong> IV Jornada<\/strong> de esta organizaci\u00f3n supracolegial, primera edici\u00f3n desde la pandemia de la Covid-19, en el Museo Municipal del Patrimonio de la capital malague\u00f1a.<\/p>\n<figure class=\"wp-block-image size-large\"><a href=\"https:\/\/coooaoptometria.files.wordpress.com\/2022\/10\/image-12.png\"><img decoding=\"async\" data-attachment-id=\"5628\" data-permalink=\"https:\/\/coooaoptometria.com\/2022\/09\/01\/blanca-fernandez-toma-posesion-como-presidenta-de-la-union-profesional-sanitaria-de-malaga\/image-12\/\" data-orig-file=\"https:\/\/coooaoptometria.files.wordpress.com\/2022\/10\/image-12.png\" data-orig-size=\"1397,626\" data-comments-opened=\"1\" data-image-meta=\"{&quot;aperture&quot;:&quot;0&quot;,&quot;credit&quot;:&quot;&quot;,&quot;camera&quot;:&quot;&quot;,&quot;caption&quot;:&quot;&quot;,&quot;created_timestamp&quot;:&quot;0&quot;,&quot;copyright&quot;:&quot;&quot;,&quot;focal_length&quot;:&quot;0&quot;,&quot;iso&quot;:&quot;0&quot;,&quot;shutter_speed&quot;:&quot;0&quot;,&quot;title&quot;:&quot;&quot;,&quot;orientation&quot;:&quot;0&quot;}\" data-image-title=\"image-12\" data-image-description=\"\" data-image-caption=\"\" data-medium-file=\"https:\/\/coooaoptometria.files.wordpress.com\/2022\/10\/image-12.png?w=300\" data-large-file=\"https:\/\/coooaoptometria.files.wordpress.com\/2022\/10\/image-12.png?w=700\" src=\"https:\/\/coooaoptometria.files.wordpress.com\/2022\/10\/image-12.png?w=1024\" alt=\"\" class=\"wp-image-5628\" srcset=\"https:\/\/coooaoptometria.files.wordpress.com\/2022\/10\/image-12.png?w=1024 1024w, https:\/\/coooaoptometria.files.wordpress.com\/2022\/10\/image-12.png?w=150 150w, https:\/\/coooaoptometria.files.wordpress.com\/2022\/10\/image-12.png?w=300 300w, https:\/\/coooaoptometria.files.wordpress.com\/2022\/10\/image-12.png?w=768 768w, https:\/\/coooaoptometria.files.wordpress.com\/2022\/10\/image-12.png 1397w\" sizes=\"(max-width: 1024px) 100vw, 1024px\" \/><\/a><figcaption class=\"wp-element-caption\">Miembros de la nueva Junta de Gobierno de Uprosama<\/figcaption><\/figure>\n<p>Durante el evento se abord\u00f3 la <strong>situaci\u00f3n sanitaria de la provincia de M\u00e1laga aunando las perspectivas de los diversos colectivos y colegios profesionales sanitarios<\/strong>. <strong>Blanca Fern\u00e1ndez<\/strong>, presidenta de Uprosama, inaugur\u00f3 la jornada junto al delegado provincial de Salud, <strong>Carlos Bautista<\/strong>; y el teniente de alcalde del Ayuntamiento de M\u00e1laga, <strong>Carlos Conde<\/strong>.<\/p>\n<figure class=\"wp-block-image size-large\"><a href=\"https:\/\/coooaoptometria.files.wordpress.com\/2022\/10\/image-13.png\"><img decoding=\"async\" data-attachment-id=\"5630\" data-permalink=\"https:\/\/coooaoptometria.com\/2022\/09\/01\/blanca-fernandez-toma-posesion-como-presidenta-de-la-union-profesional-sanitaria-de-malaga\/image-13\/\" data-orig-file=\"https:\/\/coooaoptometria.files.wordpress.com\/2022\/10\/image-13.png\" data-orig-size=\"786,532\" data-comments-opened=\"1\" data-image-meta=\"{&quot;aperture&quot;:&quot;0&quot;,&quot;credit&quot;:&quot;&quot;,&quot;camera&quot;:&quot;&quot;,&quot;caption&quot;:&quot;&quot;,&quot;created_timestamp&quot;:&quot;0&quot;,&quot;copyright&quot;:&quot;&quot;,&quot;focal_length&quot;:&quot;0&quot;,&quot;iso&quot;:&quot;0&quot;,&quot;shutter_speed&quot;:&quot;0&quot;,&quot;title&quot;:&quot;&quot;,&quot;orientation&quot;:&quot;0&quot;}\" data-image-title=\"image-13\" data-image-description=\"\" data-image-caption=\"\" data-medium-file=\"https:\/\/coooaoptometria.files.wordpress.com\/2022\/10\/image-13.png?w=300\" data-large-file=\"https:\/\/coooaoptometria.files.wordpress.com\/2022\/10\/image-13.png?w=700\" src=\"https:\/\/coooaoptometria.files.wordpress.com\/2022\/10\/image-13.png?w=786\" alt=\"\" class=\"wp-image-5630\" srcset=\"https:\/\/coooaoptometria.files.wordpress.com\/2022\/10\/image-13.png 786w, https:\/\/coooaoptometria.files.wordpress.com\/2022\/10\/image-13.png?w=150 150w, https:\/\/coooaoptometria.files.wordpress.com\/2022\/10\/image-13.png?w=300 300w, https:\/\/coooaoptometria.files.wordpress.com\/2022\/10\/image-13.png?w=768 768w\" sizes=\"(max-width: 786px) 100vw, 786px\" \/><\/a><figcaption class=\"wp-element-caption\">Blanca Fern\u00e1ndez, presidenta de Uprosama, junto a Esteban Moreno, vicesecretario del COOOA y participante en la IV Jornada Uprosama<\/figcaption><\/figure>\n<p>Una decena de expertos ponentes participaron en esta jornada exponiendo diferentes aspectos relacionados con la Covid-19 desde un \u00e1mbito multidisciplinar. En este sentido, <strong>Esteban Moreno<\/strong>, \u00f3ptico-optometrista, farmac\u00e9utico, docente en la Universidad de Sevilla y vicesecretario del COOOA, abord\u00f3 durante su conferencia las afecciones m\u00e1s importantes dentro del sistema visual surgidas a partir de la incidencia de la Covid-19 en la poblaci\u00f3n.<\/p>\n<p>Publicado en <a href=\"https:\/\/coooaoptometria.com\/2022\/09\/01\/blanca-fernandez-toma-posesion-como-presidenta-de-la-union-profesional-sanitaria-de-malaga\/\" class=\"autohyperlink\">coooaoptometria.com\/2022\/09\/01\/blanca-fernandez-toma-posesion-como-presidenta-de-la-union-profesional-sanitaria-de-malaga\/<\/a><\/p>\n","protected":false},"excerpt":{"rendered":"<p>La decana-presidenta del Colegio de \u00d3pticos-Optometristas de Andaluc\u00eda (COOOA), Blanca Fern\u00e1ndez, tom\u00f3 posesi\u00f3n el pasado mes de junio como presidenta de la Uni\u00f3n Profesional Sanitaria de M\u00e1laga (Uprosama) en un acto celebrado en el Museo Municipal del Patrimonio de la capital malague\u00f1a. La presidenta, Blanca Fern\u00e1ndez, junto a Carlos Bautista,<\/p>\n","protected":false},"author":2,"featured_media":0,"comment_status":"closed","ping_status":"closed","sticky":false,"template":"","format":"standard","meta":{"footnotes":""},"categories":[10,4],"tags":[],"class_list":["post-2233","post","type-post","status-publish","format-standard","hentry","category-cuidado-ocular","category-espana"],"publishpress_future_action":{"enabled":false,"date":"2026-05-02 04:45:45","action":"change-status","newStatus":"draft","terms":[],"taxonomy":"category","extraData":[]},"publishpress_future_workflow_manual_trigger":{"enabledWorkflows":[]},"_links":{"self":[{"href":"https:\/\/hlrnet.net\/sites\/actu-es\/wp-json\/wp\/v2\/posts\/2233","targetHints":{"allow":["GET"]}}],"collection":[{"href":"https:\/\/hlrnet.net\/sites\/actu-es\/wp-json\/wp\/v2\/posts"}],"about":[{"href":"https:\/\/hlrnet.net\/sites\/actu-es\/wp-json\/wp\/v2\/types\/post"}],"author":[{"embeddable":true,"href":"https:\/\/hlrnet.net\/sites\/actu-es\/wp-json\/wp\/v2\/users\/2"}],"replies":[{"embeddable":true,"href":"https:\/\/hlrnet.net\/sites\/actu-es\/wp-json\/wp\/v2\/comments?post=2233"}],"version-history":[{"count":0,"href":"https:\/\/hlrnet.net\/sites\/actu-es\/wp-json\/wp\/v2\/posts\/2233\/revisions"}],"wp:attachment":[{"href":"https:\/\/hlrnet.net\/sites\/actu-es\/wp-json\/wp\/v2\/media?parent=2233"}],"wp:term":[{"taxonomy":"category","embeddable":true,"href":"https:\/\/hlrnet.net\/sites\/actu-es\/wp-json\/wp\/v2\/categories?post=2233"},{"taxonomy":"post_tag","embeddable":true,"href":"https:\/\/hlrnet.net\/sites\/actu-es\/wp-json\/wp\/v2\/tags?post=2233"}],"curies":[{"name":"wp","href":"https:\/\/api.w.org\/{rel}","templated":true}]}}