{"id":2234,"date":"2022-09-01T11:02:53","date_gmt":"2022-09-01T11:02:53","guid":{"rendered":"http:\/\/coooaoptometria.com\/?p=5577"},"modified":"2022-09-01T11:02:53","modified_gmt":"2022-09-01T11:02:53","slug":"la-i-jornada-clinica-brillante-de-cordoba-aborda-las-alternativas-para-el-control-de-la-miopia","status":"publish","type":"post","link":"https:\/\/hlrnet.net\/sites\/actu-es\/2022\/09\/01\/la-i-jornada-clinica-brillante-de-cordoba-aborda-las-alternativas-para-el-control-de-la-miopia\/","title":{"rendered":"La I Jornada Cl\u00ednica Brillante de C\u00f3rdoba aborda las alternativas para el control de la miop\u00eda"},"content":{"rendered":"\n\n<div class=\"kk-star-ratings kksr-auto kksr-align-left kksr-valign-top\"\n    data-payload='{&quot;align&quot;:&quot;left&quot;,&quot;id&quot;:&quot;2234&quot;,&quot;slug&quot;:&quot;default&quot;,&quot;valign&quot;:&quot;top&quot;,&quot;ignore&quot;:&quot;&quot;,&quot;reference&quot;:&quot;auto&quot;,&quot;class&quot;:&quot;&quot;,&quot;count&quot;:&quot;0&quot;,&quot;legendonly&quot;:&quot;&quot;,&quot;readonly&quot;:&quot;&quot;,&quot;score&quot;:&quot;0&quot;,&quot;starsonly&quot;:&quot;&quot;,&quot;best&quot;:&quot;5&quot;,&quot;gap&quot;:&quot;5&quot;,&quot;greet&quot;:&quot;Rate this post&quot;,&quot;legend&quot;:&quot;0\\\/5 - (0 votes)&quot;,&quot;size&quot;:&quot;24&quot;,&quot;title&quot;:&quot;La I Jornada Cl\u00ednica Brillante de C\u00f3rdoba aborda las alternativas para el control de la miop\u00eda&quot;,&quot;width&quot;:&quot;0&quot;,&quot;_legend&quot;:&quot;{score}\\\/{best} - ({count} {votes})&quot;,&quot;font_factor&quot;:&quot;1.25&quot;}'>\n            \n<div class=\"kksr-stars\">\n    \n<div class=\"kksr-stars-inactive\">\n            <div class=\"kksr-star\" data-star=\"1\" style=\"padding-right: 5px\">\n            \n\n<div class=\"kksr-icon\" style=\"width: 24px; height: 24px;\"><\/div>\n        <\/div>\n            <div class=\"kksr-star\" data-star=\"2\" style=\"padding-right: 5px\">\n            \n\n<div class=\"kksr-icon\" style=\"width: 24px; height: 24px;\"><\/div>\n        <\/div>\n            <div class=\"kksr-star\" data-star=\"3\" style=\"padding-right: 5px\">\n            \n\n<div class=\"kksr-icon\" style=\"width: 24px; height: 24px;\"><\/div>\n        <\/div>\n            <div class=\"kksr-star\" data-star=\"4\" style=\"padding-right: 5px\">\n            \n\n<div class=\"kksr-icon\" style=\"width: 24px; height: 24px;\"><\/div>\n        <\/div>\n            <div class=\"kksr-star\" data-star=\"5\" style=\"padding-right: 5px\">\n            \n\n<div class=\"kksr-icon\" style=\"width: 24px; height: 24px;\"><\/div>\n        <\/div>\n    <\/div>\n    \n<div class=\"kksr-stars-active\" style=\"width: 0px;\">\n            <div class=\"kksr-star\" style=\"padding-right: 5px\">\n            \n\n<div class=\"kksr-icon\" style=\"width: 24px; height: 24px;\"><\/div>\n        <\/div>\n            <div class=\"kksr-star\" style=\"padding-right: 5px\">\n            \n\n<div class=\"kksr-icon\" style=\"width: 24px; height: 24px;\"><\/div>\n        <\/div>\n            <div class=\"kksr-star\" style=\"padding-right: 5px\">\n            \n\n<div class=\"kksr-icon\" style=\"width: 24px; height: 24px;\"><\/div>\n        <\/div>\n            <div class=\"kksr-star\" style=\"padding-right: 5px\">\n            \n\n<div class=\"kksr-icon\" style=\"width: 24px; height: 24px;\"><\/div>\n        <\/div>\n            <div class=\"kksr-star\" style=\"padding-right: 5px\">\n            \n\n<div class=\"kksr-icon\" style=\"width: 24px; height: 24px;\"><\/div>\n        <\/div>\n    <\/div>\n<\/div>\n                \n\n<div class=\"kksr-legend\" style=\"font-size: 19.2px;\">\n            <span class=\"kksr-muted\">Rate this post<\/span>\n    <\/div>\n    <\/div>\n\n<p>La <strong>Organizaci\u00f3n Mundial de la Salud <\/strong>prev\u00e9 que en 2050 la mitad de la poblaci\u00f3n sea miope. Ante estas cifras, el Colegio Oficial de \u00d3pticos-Optometristas de Andaluc\u00eda (<strong>COOOA<\/strong>) y <strong>Cl\u00ednica El Brillante Oftalmolog\u00eda<\/strong> reunieron el pasado 24 de septiembre a m\u00e1s de un centenar de \u00f3pticos-optometristas andaluces y otros profesionales de la visi\u00f3n \u201cpara que puedan ampliar sus conocimientos en c\u00f3mo controlar este problema refractivo visual que tan presente est\u00e1 en la poblaci\u00f3n y que no tiene soluciones integrales en la actualidad\u201d, adelant\u00f3 <strong>Blanca Fern\u00e1ndez, decana-presidenta del COOOA<\/strong>, en la inauguraci\u00f3n de la jornada.<\/p>\n<figure class=\"wp-block-image size-large\"><a href=\"https:\/\/coooaoptometria.files.wordpress.com\/2022\/10\/image-14.png\"><img decoding=\"async\" data-attachment-id=\"5636\" data-permalink=\"https:\/\/coooaoptometria.com\/2022\/09\/01\/la-i-jornada-clinica-brillante-de-cordoba-aborda-las-alternativas-para-el-control-de-la-miopia\/image-14\/\" data-orig-file=\"https:\/\/coooaoptometria.files.wordpress.com\/2022\/10\/image-14.png\" data-orig-size=\"984,683\" data-comments-opened=\"1\" data-image-meta=\"{&quot;aperture&quot;:&quot;0&quot;,&quot;credit&quot;:&quot;&quot;,&quot;camera&quot;:&quot;&quot;,&quot;caption&quot;:&quot;&quot;,&quot;created_timestamp&quot;:&quot;0&quot;,&quot;copyright&quot;:&quot;&quot;,&quot;focal_length&quot;:&quot;0&quot;,&quot;iso&quot;:&quot;0&quot;,&quot;shutter_speed&quot;:&quot;0&quot;,&quot;title&quot;:&quot;&quot;,&quot;orientation&quot;:&quot;0&quot;}\" data-image-title=\"image-14\" data-image-description=\"\" data-image-caption=\"\" data-medium-file=\"https:\/\/coooaoptometria.files.wordpress.com\/2022\/10\/image-14.png?w=300\" data-large-file=\"https:\/\/coooaoptometria.files.wordpress.com\/2022\/10\/image-14.png?w=700\" src=\"https:\/\/coooaoptometria.files.wordpress.com\/2022\/10\/image-14.png?w=984\" alt=\"\" class=\"wp-image-5636\" srcset=\"https:\/\/coooaoptometria.files.wordpress.com\/2022\/10\/image-14.png 984w, https:\/\/coooaoptometria.files.wordpress.com\/2022\/10\/image-14.png?w=150 150w, https:\/\/coooaoptometria.files.wordpress.com\/2022\/10\/image-14.png?w=300 300w, https:\/\/coooaoptometria.files.wordpress.com\/2022\/10\/image-14.png?w=768 768w\" sizes=\"(max-width: 984px) 100vw, 984px\" \/><\/a><figcaption class=\"wp-element-caption\">Dr. Antonio Fidalgo Torres y dra. Mar\u00eda Teresa Aguado, oftalm\u00f3logos de la Cl\u00ednica El Brillante; Jos\u00e9 Mar\u00eda Bellido, alcalde de C\u00f3rdoba; Blanca Fern\u00e1ndez, decana-presidenta del COOOA; Blanca Torrent, segunda teniente de alcalde de C\u00f3rdoba; y Jaime Tendero, director de Comunicaci\u00f3n de la Cl\u00ednica El Brillante.<\/figcaption><\/figure>\n<p>El encuentro, celebrado en el <strong>Palacio de Congresos<\/strong> de la capital cordobesa, cont\u00f3 con la presencia del alcalde de la ciudad, <strong>Jos\u00e9 Mar\u00eda Bellido,<\/strong> que agradeci\u00f3 el trabajo e investigaci\u00f3n que realizan los profesionales para mejorar la salud visual de los ciudadanos. Por su parte, <strong>Pablo Fidalgo<\/strong>, gerente de Cl\u00ednica El Brillante, reconoci\u00f3 que \u201cabordar desde un punto de vista multidisciplinar el control de la miop\u00eda es muy necesario para poder ofrecer una mejor atenci\u00f3n al paciente\u201d.<\/p>\n<figure class=\"wp-block-image size-large\"><a href=\"https:\/\/coooaoptometria.files.wordpress.com\/2022\/10\/image-15.png\"><img decoding=\"async\" data-attachment-id=\"5637\" data-permalink=\"https:\/\/coooaoptometria.com\/2022\/09\/01\/la-i-jornada-clinica-brillante-de-cordoba-aborda-las-alternativas-para-el-control-de-la-miopia\/image-15\/\" data-orig-file=\"https:\/\/coooaoptometria.files.wordpress.com\/2022\/10\/image-15.png\" data-orig-size=\"983,609\" data-comments-opened=\"1\" data-image-meta=\"{&quot;aperture&quot;:&quot;0&quot;,&quot;credit&quot;:&quot;&quot;,&quot;camera&quot;:&quot;&quot;,&quot;caption&quot;:&quot;&quot;,&quot;created_timestamp&quot;:&quot;0&quot;,&quot;copyright&quot;:&quot;&quot;,&quot;focal_length&quot;:&quot;0&quot;,&quot;iso&quot;:&quot;0&quot;,&quot;shutter_speed&quot;:&quot;0&quot;,&quot;title&quot;:&quot;&quot;,&quot;orientation&quot;:&quot;0&quot;}\" data-image-title=\"image-15\" data-image-description=\"\" data-image-caption=\"\" data-medium-file=\"https:\/\/coooaoptometria.files.wordpress.com\/2022\/10\/image-15.png?w=300\" data-large-file=\"https:\/\/coooaoptometria.files.wordpress.com\/2022\/10\/image-15.png?w=700\" src=\"https:\/\/coooaoptometria.files.wordpress.com\/2022\/10\/image-15.png?w=983\" alt=\"\" class=\"wp-image-5637\" srcset=\"https:\/\/coooaoptometria.files.wordpress.com\/2022\/10\/image-15.png 983w, https:\/\/coooaoptometria.files.wordpress.com\/2022\/10\/image-15.png?w=150 150w, https:\/\/coooaoptometria.files.wordpress.com\/2022\/10\/image-15.png?w=300 300w, https:\/\/coooaoptometria.files.wordpress.com\/2022\/10\/image-15.png?w=768 768w\" sizes=\"(max-width: 983px) 100vw, 983px\" \/><\/a><figcaption class=\"wp-element-caption\">Blanca Fern\u00e1ndez, decana-presidenta del COOOA, durante su discurso de inauguraci\u00f3n<\/figcaption><\/figure>\n<p>La oftalm\u00f3loga <strong>Marta Pradas<\/strong> abri\u00f3 la primera conferencia con un an\u00e1lisis del contexto actual de la miop\u00eda, que afecta a m\u00e1s de dos billones de personas en el mundo. Le siguieron \u00f3pticos-optometristas de excelente nivel como <strong>Jos\u00e9 Luis G\u00f3mez<\/strong>, <strong>Laura Batres<\/strong>, y <strong>Javier Sebasti\u00e1n<\/strong>; as\u00ed como el oftalm\u00f3logo <strong>\u00c1lvaro Fidalgo Broncano<\/strong>.<\/p>\n<figure class=\"wp-block-image size-large\"><a href=\"https:\/\/coooaoptometria.files.wordpress.com\/2022\/10\/image-16.png\"><img decoding=\"async\" data-attachment-id=\"5639\" data-permalink=\"https:\/\/coooaoptometria.com\/2022\/09\/01\/la-i-jornada-clinica-brillante-de-cordoba-aborda-las-alternativas-para-el-control-de-la-miopia\/image-16\/\" data-orig-file=\"https:\/\/coooaoptometria.files.wordpress.com\/2022\/10\/image-16.png\" data-orig-size=\"982,607\" data-comments-opened=\"1\" data-image-meta=\"{&quot;aperture&quot;:&quot;0&quot;,&quot;credit&quot;:&quot;&quot;,&quot;camera&quot;:&quot;&quot;,&quot;caption&quot;:&quot;&quot;,&quot;created_timestamp&quot;:&quot;0&quot;,&quot;copyright&quot;:&quot;&quot;,&quot;focal_length&quot;:&quot;0&quot;,&quot;iso&quot;:&quot;0&quot;,&quot;shutter_speed&quot;:&quot;0&quot;,&quot;title&quot;:&quot;&quot;,&quot;orientation&quot;:&quot;0&quot;}\" data-image-title=\"image-16\" data-image-description=\"\" data-image-caption=\"\" data-medium-file=\"https:\/\/coooaoptometria.files.wordpress.com\/2022\/10\/image-16.png?w=300\" data-large-file=\"https:\/\/coooaoptometria.files.wordpress.com\/2022\/10\/image-16.png?w=700\" src=\"https:\/\/coooaoptometria.files.wordpress.com\/2022\/10\/image-16.png?w=982\" alt=\"\" class=\"wp-image-5639\" srcset=\"https:\/\/coooaoptometria.files.wordpress.com\/2022\/10\/image-16.png 982w, https:\/\/coooaoptometria.files.wordpress.com\/2022\/10\/image-16.png?w=150 150w, https:\/\/coooaoptometria.files.wordpress.com\/2022\/10\/image-16.png?w=300 300w, https:\/\/coooaoptometria.files.wordpress.com\/2022\/10\/image-16.png?w=768 768w\" sizes=\"(max-width: 982px) 100vw, 982px\" \/><\/a><figcaption class=\"wp-element-caption\">Imagen general del Palacio de Congresos de C\u00f3rdoba, con m\u00e1s de un centenar de \u00f3pticos-optometristas y profesionales de la visi\u00f3n<\/figcaption><\/figure>\n<p>A trav\u00e9s de las ponencias, los asistentes obtuvieron una visi\u00f3n general de las distintas alternativas para la <strong>gesti\u00f3n y control de la miop\u00eda<\/strong>: lentes oft\u00e1lmicas de desenfoque perif\u00e9rico, lentes de contacto hidrof\u00edlicas, la atropina y combinados o la ortoqueratolog\u00eda.<\/p>\n<p>Adem\u00e1s, representantes de las mayores <strong>empresas proveedoras de lentes para el control de la miop\u00eda<\/strong> como Hoya, Indo, Essilor, Zeiss, Coopervision o mark\u00b4ennovy expusieron los \u00faltimos avances tanto de lentes oft\u00e1lmicas como de lentes de contacto.<\/p>\n<p>Publicado en <a href=\"https:\/\/coooaoptometria.com\/2022\/09\/01\/la-i-jornada-clinica-brillante-de-cordoba-aborda-las-alternativas-para-el-control-de-la-miopia\/\" class=\"autohyperlink\">coooaoptometria.com\/2022\/09\/01\/la-i-jornada-clinica-brillante-de-cordoba-aborda-las-alternativas-para-el-control-de-la-miopia\/<\/a><\/p>\n","protected":false},"excerpt":{"rendered":"<p>La Organizaci\u00f3n Mundial de la Salud prev\u00e9 que en 2050 la mitad de la poblaci\u00f3n sea miope. Ante estas cifras, el Colegio Oficial de \u00d3pticos-Optometristas de Andaluc\u00eda (COOOA) y Cl\u00ednica El Brillante Oftalmolog\u00eda reunieron el pasado 24 de septiembre a m\u00e1s de un centenar de \u00f3pticos-optometristas andaluces y otros profesionales<\/p>\n","protected":false},"author":2,"featured_media":0,"comment_status":"closed","ping_status":"closed","sticky":false,"template":"","format":"standard","meta":{"footnotes":""},"categories":[10,4],"tags":[],"class_list":["post-2234","post","type-post","status-publish","format-standard","hentry","category-cuidado-ocular","category-espana"],"publishpress_future_action":{"enabled":false,"date":"2026-05-02 04:45:43","action":"change-status","newStatus":"draft","terms":[],"taxonomy":"category","extraData":[]},"publishpress_future_workflow_manual_trigger":{"enabledWorkflows":[]},"_links":{"self":[{"href":"https:\/\/hlrnet.net\/sites\/actu-es\/wp-json\/wp\/v2\/posts\/2234","targetHints":{"allow":["GET"]}}],"collection":[{"href":"https:\/\/hlrnet.net\/sites\/actu-es\/wp-json\/wp\/v2\/posts"}],"about":[{"href":"https:\/\/hlrnet.net\/sites\/actu-es\/wp-json\/wp\/v2\/types\/post"}],"author":[{"embeddable":true,"href":"https:\/\/hlrnet.net\/sites\/actu-es\/wp-json\/wp\/v2\/users\/2"}],"replies":[{"embeddable":true,"href":"https:\/\/hlrnet.net\/sites\/actu-es\/wp-json\/wp\/v2\/comments?post=2234"}],"version-history":[{"count":0,"href":"https:\/\/hlrnet.net\/sites\/actu-es\/wp-json\/wp\/v2\/posts\/2234\/revisions"}],"wp:attachment":[{"href":"https:\/\/hlrnet.net\/sites\/actu-es\/wp-json\/wp\/v2\/media?parent=2234"}],"wp:term":[{"taxonomy":"category","embeddable":true,"href":"https:\/\/hlrnet.net\/sites\/actu-es\/wp-json\/wp\/v2\/categories?post=2234"},{"taxonomy":"post_tag","embeddable":true,"href":"https:\/\/hlrnet.net\/sites\/actu-es\/wp-json\/wp\/v2\/tags?post=2234"}],"curies":[{"name":"wp","href":"https:\/\/api.w.org\/{rel}","templated":true}]}}