{"id":2240,"date":"2022-09-01T11:01:00","date_gmt":"2022-09-01T11:01:00","guid":{"rendered":"http:\/\/coooaoptometria.com\/?p=5576"},"modified":"2022-09-01T11:01:00","modified_gmt":"2022-09-01T11:01:00","slug":"el-coooa-aborda-en-el-22o-congreso-nacional-de-farmacia-la-incidencia-del-covid-19-en-la-vision","status":"publish","type":"post","link":"https:\/\/hlrnet.net\/sites\/actu-es\/2022\/09\/01\/el-coooa-aborda-en-el-22o-congreso-nacional-de-farmacia-la-incidencia-del-covid-19-en-la-vision\/","title":{"rendered":"El COOOA aborda en el 22\u00ba Congreso Nacional de Farmacia la incidencia del Covid-19 en la visi\u00f3n"},"content":{"rendered":"\n\n<div class=\"kk-star-ratings kksr-auto kksr-align-left kksr-valign-top\"\n    data-payload='{&quot;align&quot;:&quot;left&quot;,&quot;id&quot;:&quot;2240&quot;,&quot;slug&quot;:&quot;default&quot;,&quot;valign&quot;:&quot;top&quot;,&quot;ignore&quot;:&quot;&quot;,&quot;reference&quot;:&quot;auto&quot;,&quot;class&quot;:&quot;&quot;,&quot;count&quot;:&quot;0&quot;,&quot;legendonly&quot;:&quot;&quot;,&quot;readonly&quot;:&quot;&quot;,&quot;score&quot;:&quot;0&quot;,&quot;starsonly&quot;:&quot;&quot;,&quot;best&quot;:&quot;5&quot;,&quot;gap&quot;:&quot;5&quot;,&quot;greet&quot;:&quot;Rate this post&quot;,&quot;legend&quot;:&quot;0\\\/5 - (0 votes)&quot;,&quot;size&quot;:&quot;24&quot;,&quot;title&quot;:&quot;El COOOA aborda en el 22\u00ba Congreso Nacional de Farmacia la incidencia del Covid-19 en la visi\u00f3n&quot;,&quot;width&quot;:&quot;0&quot;,&quot;_legend&quot;:&quot;{score}\\\/{best} - ({count} {votes})&quot;,&quot;font_factor&quot;:&quot;1.25&quot;}'>\n            \n<div class=\"kksr-stars\">\n    \n<div class=\"kksr-stars-inactive\">\n            <div class=\"kksr-star\" data-star=\"1\" style=\"padding-right: 5px\">\n            \n\n<div class=\"kksr-icon\" style=\"width: 24px; height: 24px;\"><\/div>\n        <\/div>\n            <div class=\"kksr-star\" data-star=\"2\" style=\"padding-right: 5px\">\n            \n\n<div class=\"kksr-icon\" style=\"width: 24px; height: 24px;\"><\/div>\n        <\/div>\n            <div class=\"kksr-star\" data-star=\"3\" style=\"padding-right: 5px\">\n            \n\n<div class=\"kksr-icon\" style=\"width: 24px; height: 24px;\"><\/div>\n        <\/div>\n            <div class=\"kksr-star\" data-star=\"4\" style=\"padding-right: 5px\">\n            \n\n<div class=\"kksr-icon\" style=\"width: 24px; height: 24px;\"><\/div>\n        <\/div>\n            <div class=\"kksr-star\" data-star=\"5\" style=\"padding-right: 5px\">\n            \n\n<div class=\"kksr-icon\" style=\"width: 24px; height: 24px;\"><\/div>\n        <\/div>\n    <\/div>\n    \n<div class=\"kksr-stars-active\" style=\"width: 0px;\">\n            <div class=\"kksr-star\" style=\"padding-right: 5px\">\n            \n\n<div class=\"kksr-icon\" style=\"width: 24px; height: 24px;\"><\/div>\n        <\/div>\n            <div class=\"kksr-star\" style=\"padding-right: 5px\">\n            \n\n<div class=\"kksr-icon\" style=\"width: 24px; height: 24px;\"><\/div>\n        <\/div>\n            <div class=\"kksr-star\" style=\"padding-right: 5px\">\n            \n\n<div class=\"kksr-icon\" style=\"width: 24px; height: 24px;\"><\/div>\n        <\/div>\n            <div class=\"kksr-star\" style=\"padding-right: 5px\">\n            \n\n<div class=\"kksr-icon\" style=\"width: 24px; height: 24px;\"><\/div>\n        <\/div>\n            <div class=\"kksr-star\" style=\"padding-right: 5px\">\n            \n\n<div class=\"kksr-icon\" style=\"width: 24px; height: 24px;\"><\/div>\n        <\/div>\n    <\/div>\n<\/div>\n                \n\n<div class=\"kksr-legend\" style=\"font-size: 19.2px;\">\n            <span class=\"kksr-muted\">Rate this post<\/span>\n    <\/div>\n    <\/div>\n\n<div class=\"wp-block-image\">\n<figure class=\"alignright size-large is-resized\"><a href=\"https:\/\/coooaoptometria.files.wordpress.com\/2022\/10\/image-17.png\"><img decoding=\"async\" loading=\"lazy\" data-attachment-id=\"5644\" data-permalink=\"https:\/\/coooaoptometria.com\/2022\/09\/01\/el-coooa-aborda-en-el-22o-congreso-nacional-de-farmacia-la-incidencia-del-covid-19-en-la-vision\/image-17\/\" data-orig-file=\"https:\/\/coooaoptometria.files.wordpress.com\/2022\/10\/image-17.png\" data-orig-size=\"655,806\" data-comments-opened=\"1\" data-image-meta=\"{&quot;aperture&quot;:&quot;0&quot;,&quot;credit&quot;:&quot;&quot;,&quot;camera&quot;:&quot;&quot;,&quot;caption&quot;:&quot;&quot;,&quot;created_timestamp&quot;:&quot;0&quot;,&quot;copyright&quot;:&quot;&quot;,&quot;focal_length&quot;:&quot;0&quot;,&quot;iso&quot;:&quot;0&quot;,&quot;shutter_speed&quot;:&quot;0&quot;,&quot;title&quot;:&quot;&quot;,&quot;orientation&quot;:&quot;0&quot;}\" data-image-title=\"image-17\" data-image-description=\"\" data-image-caption=\"\" data-medium-file=\"https:\/\/coooaoptometria.files.wordpress.com\/2022\/10\/image-17.png?w=244\" data-large-file=\"https:\/\/coooaoptometria.files.wordpress.com\/2022\/10\/image-17.png?w=655\" src=\"https:\/\/coooaoptometria.files.wordpress.com\/2022\/10\/image-17.png?w=655\" alt=\"\" class=\"wp-image-5644\" width=\"378\" height=\"465\" srcset=\"https:\/\/coooaoptometria.files.wordpress.com\/2022\/10\/image-17.png?w=378 378w, https:\/\/coooaoptometria.files.wordpress.com\/2022\/10\/image-17.png?w=122 122w, https:\/\/coooaoptometria.files.wordpress.com\/2022\/10\/image-17.png?w=244 244w, https:\/\/coooaoptometria.files.wordpress.com\/2022\/10\/image-17.png 655w\" sizes=\"auto, (max-width: 378px) 100vw, 378px\" \/><\/a><\/figure>\n<\/div>\n<p>Sevilla acogi\u00f3 a mediados de septiembre la 22\u00aa edici\u00f3n del <strong>Congreso Nacional de Farmacia organizado por el Consejo General de Colegios Farmac\u00e9uticos<\/strong>. Un evento \u00fanico a nivel internacional para farmac\u00e9uticos y cient\u00edficos en el que participaron <strong>m\u00e1s de 5.000 congresistas procedentes de m\u00e1s de 100 pa\u00edses<\/strong>.<\/p>\n<p>Entre los participantes se encontraron <strong>Blanca Fern\u00e1ndez y Esteban Moreno<\/strong>, <strong>decana-presidenta y vicesecretario del COOOA<\/strong>, respectivamente, que en representaci\u00f3n de la entidad profesional sanitaria llevaron a cabo la presentaci\u00f3n de un p\u00f3ster cient\u00edfico donde abordaron la incidencia del Covid-19 en afecciones del sistema visual.<\/p>\n<p>La pandemia ha supuesto <strong>grandes cambios que han afectado de manera notoria al sistema visual<\/strong> de la poblaci\u00f3n. En este sentido, el trabajo tuvo como objetivo estudiar de qu\u00e9 manera ha incidido el Covid-19 en la visi\u00f3n de la sociedad y determinar qu\u00e9 disfunciones visuales se han visto m\u00e1s afectadas.<\/p>\n<p>Tras analizar estos aspectos, Fern\u00e1ndez y Moreno concluyeron su estudio indicando que el Covid-19 ha supuesto el cambio de un gran n\u00famero de h\u00e1bitos que afectan a la visi\u00f3n. Principalmente, el incremento de las horas de uso de dispositivos digitales como el caso de los ordenadores, tablets, m\u00f3viles\u2026 Por su parte, durante la \u00e9poca del confinamiento se ha observado un <strong>incremento en todas las disfunciones visuales<\/strong> en la poblaci\u00f3n espa\u00f1ola: miop\u00eda e hipermetrop\u00eda alrededor de un 30%, la presbicia cerca del 40% y el astigmatismo casi el 50%. Por \u00faltimo, se destac\u00f3 que la principal patolog\u00eda visual motivada por la aparici\u00f3n de dicha enfermedad ha sido la <strong>conjuntivitis<\/strong>.<\/p>\n<p>Publicado en <a href=\"https:\/\/coooaoptometria.com\/2022\/09\/01\/el-coooa-aborda-en-el-22o-congreso-nacional-de-farmacia-la-incidencia-del-covid-19-en-la-vision\/\" class=\"autohyperlink\">coooaoptometria.com\/2022\/09\/01\/el-coooa-aborda-en-el-22o-congreso-nacional-de-farmacia-la-incidencia-del-covid-19-en-la-vision\/<\/a><\/p>\n","protected":false},"excerpt":{"rendered":"<p>Sevilla acogi\u00f3 a mediados de septiembre la 22\u00aa edici\u00f3n del Congreso Nacional de Farmacia organizado por el Consejo General de Colegios Farmac\u00e9uticos. Un evento \u00fanico a nivel internacional para farmac\u00e9uticos y cient\u00edficos en el que participaron m\u00e1s de 5.000 congresistas procedentes de m\u00e1s de 100 pa\u00edses. Entre los participantes se<\/p>\n","protected":false},"author":2,"featured_media":0,"comment_status":"closed","ping_status":"closed","sticky":false,"template":"","format":"standard","meta":{"footnotes":""},"categories":[10,4],"tags":[],"class_list":["post-2240","post","type-post","status-publish","format-standard","hentry","category-cuidado-ocular","category-espana"],"publishpress_future_action":{"enabled":false,"date":"2026-05-02 06:53:31","action":"change-status","newStatus":"draft","terms":[],"taxonomy":"category","extraData":[]},"publishpress_future_workflow_manual_trigger":{"enabledWorkflows":[]},"_links":{"self":[{"href":"https:\/\/hlrnet.net\/sites\/actu-es\/wp-json\/wp\/v2\/posts\/2240","targetHints":{"allow":["GET"]}}],"collection":[{"href":"https:\/\/hlrnet.net\/sites\/actu-es\/wp-json\/wp\/v2\/posts"}],"about":[{"href":"https:\/\/hlrnet.net\/sites\/actu-es\/wp-json\/wp\/v2\/types\/post"}],"author":[{"embeddable":true,"href":"https:\/\/hlrnet.net\/sites\/actu-es\/wp-json\/wp\/v2\/users\/2"}],"replies":[{"embeddable":true,"href":"https:\/\/hlrnet.net\/sites\/actu-es\/wp-json\/wp\/v2\/comments?post=2240"}],"version-history":[{"count":0,"href":"https:\/\/hlrnet.net\/sites\/actu-es\/wp-json\/wp\/v2\/posts\/2240\/revisions"}],"wp:attachment":[{"href":"https:\/\/hlrnet.net\/sites\/actu-es\/wp-json\/wp\/v2\/media?parent=2240"}],"wp:term":[{"taxonomy":"category","embeddable":true,"href":"https:\/\/hlrnet.net\/sites\/actu-es\/wp-json\/wp\/v2\/categories?post=2240"},{"taxonomy":"post_tag","embeddable":true,"href":"https:\/\/hlrnet.net\/sites\/actu-es\/wp-json\/wp\/v2\/tags?post=2240"}],"curies":[{"name":"wp","href":"https:\/\/api.w.org\/{rel}","templated":true}]}}