{"id":2253,"date":"2022-10-20T13:36:20","date_gmt":"2022-10-20T13:36:20","guid":{"rendered":"https:\/\/coocv.com\/?p=34352"},"modified":"2022-10-20T13:36:20","modified_gmt":"2022-10-20T13:36:20","slug":"el-presidente-del-coocv-andres-gene-sobre-la-miopia-en-menores-en-%f0%9f%93%b0levante-emv-el-problema-no-son-las-%f0%9f%96%a5pantallas-sino-la-colocacion-muy-cerca-de-los-%f0%9f%91%80ojo","status":"publish","type":"post","link":"https:\/\/hlrnet.net\/sites\/actu-es\/2022\/10\/20\/el-presidente-del-coocv-andres-gene-sobre-la-miopia-en-menores-en-%f0%9f%93%b0levante-emv-el-problema-no-son-las-%f0%9f%96%a5pantallas-sino-la-colocacion-muy-cerca-de-los-%f0%9f%91%80ojo\/","title":{"rendered":"EL PRESIDENTE DEL COOCV, ANDR\u00c9S GEN\u00c9, SOBRE LA MIOP\u00cdA EN MENORES EN \ud83d\udcf0LEVANTE- EMV: \u201cEL PROBLEMA NO SON LAS \ud83d\udda5PANTALLAS, SINO LA COLOCACI\u00d3N MUY CERCA DE LOS \ud83d\udc40OJOS Y LAS \u231b\ufe0fHORAS DE USO\u201d"},"content":{"rendered":"\n\n<div class=\"kk-star-ratings kksr-auto kksr-align-left kksr-valign-top\"\n    data-payload='{&quot;align&quot;:&quot;left&quot;,&quot;id&quot;:&quot;2253&quot;,&quot;slug&quot;:&quot;default&quot;,&quot;valign&quot;:&quot;top&quot;,&quot;ignore&quot;:&quot;&quot;,&quot;reference&quot;:&quot;auto&quot;,&quot;class&quot;:&quot;&quot;,&quot;count&quot;:&quot;0&quot;,&quot;legendonly&quot;:&quot;&quot;,&quot;readonly&quot;:&quot;&quot;,&quot;score&quot;:&quot;0&quot;,&quot;starsonly&quot;:&quot;&quot;,&quot;best&quot;:&quot;5&quot;,&quot;gap&quot;:&quot;5&quot;,&quot;greet&quot;:&quot;Rate this post&quot;,&quot;legend&quot;:&quot;0\\\/5 - (0 votes)&quot;,&quot;size&quot;:&quot;24&quot;,&quot;title&quot;:&quot;EL PRESIDENTE DEL COOCV, ANDR\u00c9S GEN\u00c9, SOBRE LA MIOP\u00cdA EN MENORES EN \ud83d\udcf0LEVANTE- EMV: \u201cEL PROBLEMA NO SON LAS \ud83d\udda5PANTALLAS, SINO LA COLOCACI\u00d3N MUY CERCA DE LOS \ud83d\udc40OJOS Y LAS \u231b\ufe0fHORAS DE USO\u201d&quot;,&quot;width&quot;:&quot;0&quot;,&quot;_legend&quot;:&quot;{score}\\\/{best} - ({count} {votes})&quot;,&quot;font_factor&quot;:&quot;1.25&quot;}'>\n            \n<div class=\"kksr-stars\">\n    \n<div class=\"kksr-stars-inactive\">\n            <div class=\"kksr-star\" data-star=\"1\" style=\"padding-right: 5px\">\n            \n\n<div class=\"kksr-icon\" style=\"width: 24px; height: 24px;\"><\/div>\n        <\/div>\n            <div class=\"kksr-star\" data-star=\"2\" style=\"padding-right: 5px\">\n            \n\n<div class=\"kksr-icon\" style=\"width: 24px; height: 24px;\"><\/div>\n        <\/div>\n            <div class=\"kksr-star\" data-star=\"3\" style=\"padding-right: 5px\">\n            \n\n<div class=\"kksr-icon\" style=\"width: 24px; height: 24px;\"><\/div>\n        <\/div>\n            <div class=\"kksr-star\" data-star=\"4\" style=\"padding-right: 5px\">\n            \n\n<div class=\"kksr-icon\" style=\"width: 24px; height: 24px;\"><\/div>\n        <\/div>\n            <div class=\"kksr-star\" data-star=\"5\" style=\"padding-right: 5px\">\n            \n\n<div class=\"kksr-icon\" style=\"width: 24px; height: 24px;\"><\/div>\n        <\/div>\n    <\/div>\n    \n<div class=\"kksr-stars-active\" style=\"width: 0px;\">\n            <div class=\"kksr-star\" style=\"padding-right: 5px\">\n            \n\n<div class=\"kksr-icon\" style=\"width: 24px; height: 24px;\"><\/div>\n        <\/div>\n            <div class=\"kksr-star\" style=\"padding-right: 5px\">\n            \n\n<div class=\"kksr-icon\" style=\"width: 24px; height: 24px;\"><\/div>\n        <\/div>\n            <div class=\"kksr-star\" style=\"padding-right: 5px\">\n            \n\n<div class=\"kksr-icon\" style=\"width: 24px; height: 24px;\"><\/div>\n        <\/div>\n            <div class=\"kksr-star\" style=\"padding-right: 5px\">\n            \n\n<div class=\"kksr-icon\" style=\"width: 24px; height: 24px;\"><\/div>\n        <\/div>\n            <div class=\"kksr-star\" style=\"padding-right: 5px\">\n            \n\n<div class=\"kksr-icon\" style=\"width: 24px; height: 24px;\"><\/div>\n        <\/div>\n    <\/div>\n<\/div>\n                \n\n<div class=\"kksr-legend\" style=\"font-size: 19.2px;\">\n            <span class=\"kksr-muted\">Rate this post<\/span>\n    <\/div>\n    <\/div>\n\n<p>El aumento de los casos de miop\u00eda en ni\u00f1os y adolescentes se percibe por la sociedad como un problema de primera \u00edndole a nivel sanitario, como ya ven\u00eda advirtiendo desde hace tiempo el COOCV.<\/p>\n<p>En este sentido, se achaca esta miopizaci\u00f3n de los menores al uso excesivo de los dispositivos electr\u00f3nicos. Sin embargo, el presidente del COOCV, Andr\u00e9s Gen\u00e9, ha aclarado en un art\u00edculo publicado en Levante-Emv que \u201cel problema no son las pantallas electr\u00f3nicas en s\u00ed, sino la posici\u00f3n muy cerca de las mismas a los ojos y las horas que se pasa delante de ellas\u201d.<\/p>\n<p>No obstante, Andr\u00e9s Gen\u00e9 ha advertido que la acomodaci\u00f3n, los movimientos oculares y la visi\u00f3n binocular tambi\u00e9n se ven afectadas por el uso de las pantallas y que \u201cen muchas ocasiones la soluci\u00f3n pasa por realizar ejercicios de terapia visual para ense\u00f1ar a nuestros ojos a reequilibrarse y volver a ver bien\u201d.<\/p>\n<p>Por otro lado, y en relaci\u00f3n de a las pantallas electr\u00f3nicas, Gen\u00e9 se ha referido al S\u00edndrome Visual Inform\u00e1tico y como \u00e9ste aparece en \u201cel 75% de las personas que usan m\u00e1s de dos horas al d\u00eda estos dispositivos y en el 53% de aquellos que solo los usan una hora\u201d. Adem\u00e1s, ha explicado que cuando se superan las tres horas \u201chay riesgo para la salud ocular\u201d.<\/p>\n<p>Un tema que preocupa a los \u00f3pticos-optometristas y a los oftalm\u00f3logos, y que como profesionales de la salud ambos, indica la importancia social de sus consecuencias. Por ello, es fundamental prevenir, y realizarte revisiones visuales peri\u00f3dicas.<br \/>\nRevisa tu visi\u00f3n por lo menos una vez al a\u00f1o, visita a tu \u00f3ptico-optometrista, conocer\u00e1s si el estado de tus capacidades visuales son \u00f3ptimas.<\/p>\n<p><img loading=\"lazy\" decoding=\"async\" class=\"aligncenter size-large wp-image-34351\" src=\"https:\/\/coocv.com\/wp-content\/uploads\/2022\/10\/Levante-miopi\u0301a-nin\u0303os-768x1024.png\" alt=\"\" width=\"768\" height=\"1024\" srcset=\"https:\/\/coocv.com\/wp-content\/uploads\/2022\/10\/Levante-miopi\u0301a-nin\u0303os-768x1024.png 768w, https:\/\/coocv.com\/wp-content\/uploads\/2022\/10\/Levante-miopi\u0301a-nin\u0303os-225x300.png 225w, https:\/\/coocv.com\/wp-content\/uploads\/2022\/10\/Levante-miopi\u0301a-nin\u0303os-600x800.png 600w, https:\/\/coocv.com\/wp-content\/uploads\/2022\/10\/Levante-miopi\u0301a-nin\u0303os-360x480.png 360w, https:\/\/coocv.com\/wp-content\/uploads\/2022\/10\/Levante-miopi\u0301a-nin\u0303os.png 960w\" sizes=\"auto, (max-width: 768px) 100vw, 768px\" \/><\/p>\n<p>Publicado en <a href=\"https:\/\/coocv.com\/el-presidente-del-coocv-andres-gene-sobre-la-miopia-en-menores-en-%f0%9f%93%b0levante-emv-el-problema-no-son-las-%f0%9f%96%a5pantallas-sino-la-colocacion-muy-cerca-de-los-%f0%9f%91%80ojo\/\" class=\"autohyperlink\">coocv.com\/el-presidente-del-coocv-andres-gene-sobre-la-miopia-en-menores-en-%f0%9f%93%b0levante-emv-el-problema-no-son-las-%f0%9f%96%a5pantallas-sino-la-colocacion-muy-cerca-de-los-%f0%9f%91%80ojo\/<\/a><\/p>\n","protected":false},"excerpt":{"rendered":"<p>El aumento de los casos de miop\u00eda en ni\u00f1os y adolescentes se percibe por la sociedad como un problema de primera \u00edndole a nivel sanitario, como ya ven\u00eda advirtiendo desde hace tiempo el COOCV. En este sentido, se achaca esta miopizaci\u00f3n de los menores al uso excesivo de los dispositivos<\/p>\n","protected":false},"author":2,"featured_media":0,"comment_status":"closed","ping_status":"closed","sticky":false,"template":"","format":"standard","meta":{"footnotes":""},"categories":[10,4],"tags":[],"class_list":["post-2253","post","type-post","status-publish","format-standard","hentry","category-cuidado-ocular","category-espana"],"publishpress_future_action":{"enabled":false,"date":"2026-05-02 05:23:52","action":"change-status","newStatus":"draft","terms":[],"taxonomy":"category","extraData":[]},"publishpress_future_workflow_manual_trigger":{"enabledWorkflows":[]},"_links":{"self":[{"href":"https:\/\/hlrnet.net\/sites\/actu-es\/wp-json\/wp\/v2\/posts\/2253","targetHints":{"allow":["GET"]}}],"collection":[{"href":"https:\/\/hlrnet.net\/sites\/actu-es\/wp-json\/wp\/v2\/posts"}],"about":[{"href":"https:\/\/hlrnet.net\/sites\/actu-es\/wp-json\/wp\/v2\/types\/post"}],"author":[{"embeddable":true,"href":"https:\/\/hlrnet.net\/sites\/actu-es\/wp-json\/wp\/v2\/users\/2"}],"replies":[{"embeddable":true,"href":"https:\/\/hlrnet.net\/sites\/actu-es\/wp-json\/wp\/v2\/comments?post=2253"}],"version-history":[{"count":0,"href":"https:\/\/hlrnet.net\/sites\/actu-es\/wp-json\/wp\/v2\/posts\/2253\/revisions"}],"wp:attachment":[{"href":"https:\/\/hlrnet.net\/sites\/actu-es\/wp-json\/wp\/v2\/media?parent=2253"}],"wp:term":[{"taxonomy":"category","embeddable":true,"href":"https:\/\/hlrnet.net\/sites\/actu-es\/wp-json\/wp\/v2\/categories?post=2253"},{"taxonomy":"post_tag","embeddable":true,"href":"https:\/\/hlrnet.net\/sites\/actu-es\/wp-json\/wp\/v2\/tags?post=2253"}],"curies":[{"name":"wp","href":"https:\/\/api.w.org\/{rel}","templated":true}]}}