{"id":2261,"date":"2022-10-20T09:13:07","date_gmt":"2022-10-20T09:13:07","guid":{"rendered":"https:\/\/coocv.com\/?p=34340"},"modified":"2022-10-20T09:13:07","modified_gmt":"2022-10-20T09:13:07","slug":"andres-gene-en-no-estamos-locos-valencia-de-la-cadena-ser-es-fundamental-revisar-al-menos-una-vez-a-la-ano-la-vision-de-los-ninos-para-detectar-alteraciones-visuales-que-af","status":"publish","type":"post","link":"https:\/\/hlrnet.net\/sites\/actu-es\/2022\/10\/20\/andres-gene-en-no-estamos-locos-valencia-de-la-cadena-ser-es-fundamental-revisar-al-menos-una-vez-a-la-ano-la-vision-de-los-ninos-para-detectar-alteraciones-visuales-que-af\/","title":{"rendered":"ANDR\u00c9S GEN\u00c9 EN \u201cNO ESTAMOS LOCOS VALENCIA\u201d DE LA CADENA SER: \u201cES FUNDAMENTAL REVISAR AL MENOS UNA VEZ A LA A\u00d1O LA VISI\u00d3N DE LOS NI\u00d1OS PARA DETECTAR ALTERACIONES VISUALES QUE AFECTAN AL DESARROLLO ACAD\u00c9MICO\u201d"},"content":{"rendered":"\n\n<div class=\"kk-star-ratings kksr-auto kksr-align-left kksr-valign-top\"\n    data-payload='{&quot;align&quot;:&quot;left&quot;,&quot;id&quot;:&quot;2261&quot;,&quot;slug&quot;:&quot;default&quot;,&quot;valign&quot;:&quot;top&quot;,&quot;ignore&quot;:&quot;&quot;,&quot;reference&quot;:&quot;auto&quot;,&quot;class&quot;:&quot;&quot;,&quot;count&quot;:&quot;0&quot;,&quot;legendonly&quot;:&quot;&quot;,&quot;readonly&quot;:&quot;&quot;,&quot;score&quot;:&quot;0&quot;,&quot;starsonly&quot;:&quot;&quot;,&quot;best&quot;:&quot;5&quot;,&quot;gap&quot;:&quot;5&quot;,&quot;greet&quot;:&quot;Rate this post&quot;,&quot;legend&quot;:&quot;0\\\/5 - (0 votes)&quot;,&quot;size&quot;:&quot;24&quot;,&quot;title&quot;:&quot;ANDR\u00c9S GEN\u00c9 EN \u201cNO ESTAMOS LOCOS VALENCIA\u201d DE LA CADENA SER: \u201cES FUNDAMENTAL REVISAR AL MENOS UNA VEZ A LA A\u00d1O LA VISI\u00d3N DE LOS NI\u00d1OS PARA DETECTAR ALTERACIONES VISUALES QUE AFECTAN AL DESARROLLO ACAD\u00c9MICO\u201d&quot;,&quot;width&quot;:&quot;0&quot;,&quot;_legend&quot;:&quot;{score}\\\/{best} - ({count} {votes})&quot;,&quot;font_factor&quot;:&quot;1.25&quot;}'>\n            \n<div class=\"kksr-stars\">\n    \n<div class=\"kksr-stars-inactive\">\n            <div class=\"kksr-star\" data-star=\"1\" style=\"padding-right: 5px\">\n            \n\n<div class=\"kksr-icon\" style=\"width: 24px; height: 24px;\"><\/div>\n        <\/div>\n            <div class=\"kksr-star\" data-star=\"2\" style=\"padding-right: 5px\">\n            \n\n<div class=\"kksr-icon\" style=\"width: 24px; height: 24px;\"><\/div>\n        <\/div>\n            <div class=\"kksr-star\" data-star=\"3\" style=\"padding-right: 5px\">\n            \n\n<div class=\"kksr-icon\" style=\"width: 24px; height: 24px;\"><\/div>\n        <\/div>\n            <div class=\"kksr-star\" data-star=\"4\" style=\"padding-right: 5px\">\n            \n\n<div class=\"kksr-icon\" style=\"width: 24px; height: 24px;\"><\/div>\n        <\/div>\n            <div class=\"kksr-star\" data-star=\"5\" style=\"padding-right: 5px\">\n            \n\n<div class=\"kksr-icon\" style=\"width: 24px; height: 24px;\"><\/div>\n        <\/div>\n    <\/div>\n    \n<div class=\"kksr-stars-active\" style=\"width: 0px;\">\n            <div class=\"kksr-star\" style=\"padding-right: 5px\">\n            \n\n<div class=\"kksr-icon\" style=\"width: 24px; height: 24px;\"><\/div>\n        <\/div>\n            <div class=\"kksr-star\" style=\"padding-right: 5px\">\n            \n\n<div class=\"kksr-icon\" style=\"width: 24px; height: 24px;\"><\/div>\n        <\/div>\n            <div class=\"kksr-star\" style=\"padding-right: 5px\">\n            \n\n<div class=\"kksr-icon\" style=\"width: 24px; height: 24px;\"><\/div>\n        <\/div>\n            <div class=\"kksr-star\" style=\"padding-right: 5px\">\n            \n\n<div class=\"kksr-icon\" style=\"width: 24px; height: 24px;\"><\/div>\n        <\/div>\n            <div class=\"kksr-star\" style=\"padding-right: 5px\">\n            \n\n<div class=\"kksr-icon\" style=\"width: 24px; height: 24px;\"><\/div>\n        <\/div>\n    <\/div>\n<\/div>\n                \n\n<div class=\"kksr-legend\" style=\"font-size: 19.2px;\">\n            <span class=\"kksr-muted\">Rate this post<\/span>\n    <\/div>\n    <\/div>\n\n<div class=\"xdj266r x11i5rnm xat24cr x1mh8g0r x1vvkbs x126k92a\">\n<div dir=\"auto\">El presidente del COOCV, Andr\u00e9s Gen\u00e9, ha sido entrevistado en el programa &#8220;No estamos locos, Valencia&#8221; para hablar sobre la importancia de la salud visual de los ni\u00f1os, m\u00e1s ahora que ha comenzado recientemente el curso y los alumnos tienen que hacer un mayor esfuerzo visual.<\/div>\n<\/div>\n<div class=\"x11i5rnm xat24cr x1mh8g0r x1vvkbs xtlvy1s x126k92a\">\n<div dir=\"auto\"><\/div>\n<\/div>\n<div class=\"x11i5rnm xat24cr x1mh8g0r x1vvkbs xtlvy1s x126k92a\">\n<div dir=\"auto\">El presidente del Colegio ha insistido una vez m\u00e1s en la necesidad de revisarse la visi\u00f3n al menos una vez al a\u00f1o para detectar alteraciones visuales que pueden afectar al desarrollo acad\u00e9mico.<\/div>\n<div dir=\"auto\"><\/div>\n<\/div>\n<div class=\"x11i5rnm xat24cr x1mh8g0r x1vvkbs xtlvy1s x126k92a\">\n<div dir=\"auto\">Gen\u00e9 ha recordado el continuo repunte de casos de miop\u00eda, que no deja de crecer afectando ya al 37% de la poblaci\u00f3n, como se\u00f1ala el Libro Blanco de la Salud Visual 2022, que en 2019 cifrada los afectados en un 28%.<\/div>\n<div dir=\"auto\"><\/div>\n<\/div>\n<div class=\"x11i5rnm xat24cr x1mh8g0r x1vvkbs xtlvy1s x126k92a\">\n<div dir=\"auto\">El presidente ha pedido la colaboraci\u00f3n de los padres para detectar estas alteraciones visuales a tiempo y que est\u00e9n atentos a s\u00edntomas como ver borroso, picor de ojos, dolor de cabeza o, incluso, na\u00faseas que pueden indicar una afecci\u00f3n que requiera tratamiento.<\/div>\n<div dir=\"auto\"><\/div>\n<\/div>\n<p><!--[if lt IE 9]><script>document.createElement('audio');<\/script><![endif]--><br \/>\n<audio class=\"wp-audio-shortcode\" id=\"audio-34340-1\" preload=\"none\" style=\"width: 100%;\" controls=\"controls\"><source type=\"audio\/mpeg\" src=\"https:\/\/coocv.com\/wp-content\/uploads\/2022\/10\/1666008162741_1666008176_audio_128-mp3cut.net2_.mp3?_=1\" \/><a href=\"https:\/\/coocv.com\/wp-content\/uploads\/2022\/10\/1666008162741_1666008176_audio_128-mp3cut.net2_.mp3\">coocv.com\/wp-content\/uploads\/2022\/10\/1666008162741_1666008176_audio_128-mp3cut.net2_.mp3<\/a><\/audio> <br \/>Publicado en <a href=\"https:\/\/coocv.com\/andres-gene-en-no-estamos-locos-valencia-de-la-cadena-ser-es-fundamental-revisar-al-menos-una-vez-a-la-ano-la-vision-de-los-ninos-para-detectar-alteraciones-visuales-que-afectan-al-desarrollo-a\/\" class=\"autohyperlink\">coocv.com\/andres-gene-en-no-estamos-locos-valencia-de-la-cadena-ser-es-fundamental-revisar-al-menos-una-vez-a-la-ano-la-vision-de-los-ninos-para-detectar-alteraciones-visuales-que-afectan-al-desarrollo-a\/<\/a><\/p>\n","protected":false},"excerpt":{"rendered":"<p>El presidente del COOCV, Andr\u00e9s Gen\u00e9, ha sido entrevistado en el programa &#8220;No estamos locos, Valencia&#8221; para hablar sobre la importancia de la salud visual de los ni\u00f1os, m\u00e1s ahora que ha comenzado recientemente el curso y los alumnos tienen que hacer un mayor esfuerzo visual. El presidente del Colegio<\/p>\n","protected":false},"author":2,"featured_media":0,"comment_status":"closed","ping_status":"closed","sticky":false,"template":"","format":"standard","meta":{"footnotes":""},"categories":[10,4],"tags":[],"class_list":["post-2261","post","type-post","status-publish","format-standard","hentry","category-cuidado-ocular","category-espana"],"publishpress_future_action":{"enabled":false,"date":"2026-05-02 08:38:02","action":"change-status","newStatus":"draft","terms":[],"taxonomy":"category","extraData":[]},"publishpress_future_workflow_manual_trigger":{"enabledWorkflows":[]},"_links":{"self":[{"href":"https:\/\/hlrnet.net\/sites\/actu-es\/wp-json\/wp\/v2\/posts\/2261","targetHints":{"allow":["GET"]}}],"collection":[{"href":"https:\/\/hlrnet.net\/sites\/actu-es\/wp-json\/wp\/v2\/posts"}],"about":[{"href":"https:\/\/hlrnet.net\/sites\/actu-es\/wp-json\/wp\/v2\/types\/post"}],"author":[{"embeddable":true,"href":"https:\/\/hlrnet.net\/sites\/actu-es\/wp-json\/wp\/v2\/users\/2"}],"replies":[{"embeddable":true,"href":"https:\/\/hlrnet.net\/sites\/actu-es\/wp-json\/wp\/v2\/comments?post=2261"}],"version-history":[{"count":0,"href":"https:\/\/hlrnet.net\/sites\/actu-es\/wp-json\/wp\/v2\/posts\/2261\/revisions"}],"wp:attachment":[{"href":"https:\/\/hlrnet.net\/sites\/actu-es\/wp-json\/wp\/v2\/media?parent=2261"}],"wp:term":[{"taxonomy":"category","embeddable":true,"href":"https:\/\/hlrnet.net\/sites\/actu-es\/wp-json\/wp\/v2\/categories?post=2261"},{"taxonomy":"post_tag","embeddable":true,"href":"https:\/\/hlrnet.net\/sites\/actu-es\/wp-json\/wp\/v2\/tags?post=2261"}],"curies":[{"name":"wp","href":"https:\/\/api.w.org\/{rel}","templated":true}]}}