{"id":2319,"date":"2022-11-15T12:50:47","date_gmt":"2022-11-15T12:50:47","guid":{"rendered":"https:\/\/coocv.com\/?p=34471"},"modified":"2022-11-15T12:50:47","modified_gmt":"2022-11-15T12:50:47","slug":"que-es-la-terapia-visual-y-que-problemas-visuales-puede-ayudar-a-tratar-maricruz-sanchez-vocal-del-coocv-lo-explica-a-los-lectores-del-diario-de-la-vega","status":"publish","type":"post","link":"https:\/\/hlrnet.net\/sites\/actu-es\/2022\/11\/15\/que-es-la-terapia-visual-y-que-problemas-visuales-puede-ayudar-a-tratar-maricruz-sanchez-vocal-del-coocv-lo-explica-a-los-lectores-del-diario-de-la-vega\/","title":{"rendered":"\u00bfQU\u00c9 ES LA TERAPIA VISUAL Y QU\u00c9 PROBLEMAS VISUALES PUEDE AYUDAR A TRATAR?: MARICRUZ S\u00c1NCHEZ, VOCAL DEL COOCV, LO EXPLICA A LOS LECTORES DEL DIARIO DE LA VEGA"},"content":{"rendered":"\n\n<div class=\"kk-star-ratings kksr-auto kksr-align-left kksr-valign-top\"\n    data-payload='{&quot;align&quot;:&quot;left&quot;,&quot;id&quot;:&quot;2319&quot;,&quot;slug&quot;:&quot;default&quot;,&quot;valign&quot;:&quot;top&quot;,&quot;ignore&quot;:&quot;&quot;,&quot;reference&quot;:&quot;auto&quot;,&quot;class&quot;:&quot;&quot;,&quot;count&quot;:&quot;0&quot;,&quot;legendonly&quot;:&quot;&quot;,&quot;readonly&quot;:&quot;&quot;,&quot;score&quot;:&quot;0&quot;,&quot;starsonly&quot;:&quot;&quot;,&quot;best&quot;:&quot;5&quot;,&quot;gap&quot;:&quot;5&quot;,&quot;greet&quot;:&quot;Rate this post&quot;,&quot;legend&quot;:&quot;0\\\/5 - (0 votes)&quot;,&quot;size&quot;:&quot;24&quot;,&quot;title&quot;:&quot;\u00bfQU\u00c9 ES LA TERAPIA VISUAL Y QU\u00c9 PROBLEMAS VISUALES PUEDE AYUDAR A TRATAR?: MARICRUZ S\u00c1NCHEZ, VOCAL DEL COOCV, LO EXPLICA A LOS LECTORES DEL DIARIO DE LA VEGA&quot;,&quot;width&quot;:&quot;0&quot;,&quot;_legend&quot;:&quot;{score}\\\/{best} - ({count} {votes})&quot;,&quot;font_factor&quot;:&quot;1.25&quot;}'>\n            \n<div class=\"kksr-stars\">\n    \n<div class=\"kksr-stars-inactive\">\n            <div class=\"kksr-star\" data-star=\"1\" style=\"padding-right: 5px\">\n            \n\n<div class=\"kksr-icon\" style=\"width: 24px; height: 24px;\"><\/div>\n        <\/div>\n            <div class=\"kksr-star\" data-star=\"2\" style=\"padding-right: 5px\">\n            \n\n<div class=\"kksr-icon\" style=\"width: 24px; height: 24px;\"><\/div>\n        <\/div>\n            <div class=\"kksr-star\" data-star=\"3\" style=\"padding-right: 5px\">\n            \n\n<div class=\"kksr-icon\" style=\"width: 24px; height: 24px;\"><\/div>\n        <\/div>\n            <div class=\"kksr-star\" data-star=\"4\" style=\"padding-right: 5px\">\n            \n\n<div class=\"kksr-icon\" style=\"width: 24px; height: 24px;\"><\/div>\n        <\/div>\n            <div class=\"kksr-star\" data-star=\"5\" style=\"padding-right: 5px\">\n            \n\n<div class=\"kksr-icon\" style=\"width: 24px; height: 24px;\"><\/div>\n        <\/div>\n    <\/div>\n    \n<div class=\"kksr-stars-active\" style=\"width: 0px;\">\n            <div class=\"kksr-star\" style=\"padding-right: 5px\">\n            \n\n<div class=\"kksr-icon\" style=\"width: 24px; height: 24px;\"><\/div>\n        <\/div>\n            <div class=\"kksr-star\" style=\"padding-right: 5px\">\n            \n\n<div class=\"kksr-icon\" style=\"width: 24px; height: 24px;\"><\/div>\n        <\/div>\n            <div class=\"kksr-star\" style=\"padding-right: 5px\">\n            \n\n<div class=\"kksr-icon\" style=\"width: 24px; height: 24px;\"><\/div>\n        <\/div>\n            <div class=\"kksr-star\" style=\"padding-right: 5px\">\n            \n\n<div class=\"kksr-icon\" style=\"width: 24px; height: 24px;\"><\/div>\n        <\/div>\n            <div class=\"kksr-star\" style=\"padding-right: 5px\">\n            \n\n<div class=\"kksr-icon\" style=\"width: 24px; height: 24px;\"><\/div>\n        <\/div>\n    <\/div>\n<\/div>\n                \n\n<div class=\"kksr-legend\" style=\"font-size: 19.2px;\">\n            <span class=\"kksr-muted\">Rate this post<\/span>\n    <\/div>\n    <\/div>\n\n<p>La coordinadora de la Vocal\u00eda de Visi\u00f3n y Aprendizaje del COOCV, Maricruz S\u00e1nchez, explica en el Diario de la Vega de Orihuela que la terapia visual es una especialidad de la optometr\u00eda que consiste en la realizaci\u00f3n de ejercicios individualizados para cada paciente y prescritos por el optometrista con el objetivo de resolver las dificultades de la visi\u00f3n binocular.<\/p>\n<p>Basada en la evidencia cient\u00edfica, los optometristas que la aplican deben tener una formaci\u00f3n espec\u00edfica.<\/p>\n<p>S\u00e1nchez se\u00f1ala que las dificultades de la visi\u00f3n binocular que pueden ser tratadas mediante terapia visual son problemas acomodativos, vergenciales, de movimientos oculares, ambliop\u00edas (ojo vago) y algunos estrabismos sin olvidarnos de las dificultades visuales tras accidentes cerebro vasculares o traumatismos con s\u00edntomas tan agobiantes como la visi\u00f3n doble (diplop\u00eda).<\/p>\n<div class=\"giveasap-video-container\">\n<blockquote class=\"wp-embedded-content\" data-secret=\"enQIlTZYxL\">\n<p><a href=\"https:\/\/www.diariodelavega.com\/que-es-la-terapia-visual\/\">\u00bfQu\u00e9 es la terapia visual?<\/a><\/p>\n<\/blockquote>\n<p><iframe loading=\"lazy\" class=\"wp-embedded-content\" sandbox=\"allow-scripts\" security=\"restricted\" title=\"\u00ab\u00bfQu\u00e9 es la terapia visual?\u00bb \u2014 Diario de la Vega\" src=\"https:\/\/www.diariodelavega.com\/que-es-la-terapia-visual\/embed\/#?secret=FmiiM5tU2c#?secret=enQIlTZYxL\" data-secret=\"enQIlTZYxL\" width=\"600\" height=\"338\" frameborder=\"0\" marginwidth=\"0\" marginheight=\"0\" scrolling=\"no\"><\/iframe><\/div>\n<p>Publicado en <a href=\"https:\/\/coocv.com\/que-es-la-terapia-visual-y-que-problemas-visuales-puede-ayudar-a-tratar-maricruz-sanchez-vocal-del-coocv-lo-explica-a-los-lectores-del-diario-de-la-vega\/\" class=\"autohyperlink\">coocv.com\/que-es-la-terapia-visual-y-que-problemas-visuales-puede-ayudar-a-tratar-maricruz-sanchez-vocal-del-coocv-lo-explica-a-los-lectores-del-diario-de-la-vega\/<\/a><\/p>\n","protected":false},"excerpt":{"rendered":"<p>La coordinadora de la Vocal\u00eda de Visi\u00f3n y Aprendizaje del COOCV, Maricruz S\u00e1nchez, explica en el Diario de la Vega de Orihuela que la terapia visual es una especialidad de la optometr\u00eda que consiste en la realizaci\u00f3n de ejercicios individualizados para cada paciente y prescritos por el optometrista con el<\/p>\n","protected":false},"author":2,"featured_media":0,"comment_status":"closed","ping_status":"closed","sticky":false,"template":"","format":"standard","meta":{"footnotes":""},"categories":[10,4],"tags":[],"class_list":["post-2319","post","type-post","status-publish","format-standard","hentry","category-cuidado-ocular","category-espana"],"publishpress_future_action":{"enabled":false,"date":"2026-05-02 04:47:10","action":"change-status","newStatus":"draft","terms":[],"taxonomy":"category","extraData":[]},"publishpress_future_workflow_manual_trigger":{"enabledWorkflows":[]},"_links":{"self":[{"href":"https:\/\/hlrnet.net\/sites\/actu-es\/wp-json\/wp\/v2\/posts\/2319","targetHints":{"allow":["GET"]}}],"collection":[{"href":"https:\/\/hlrnet.net\/sites\/actu-es\/wp-json\/wp\/v2\/posts"}],"about":[{"href":"https:\/\/hlrnet.net\/sites\/actu-es\/wp-json\/wp\/v2\/types\/post"}],"author":[{"embeddable":true,"href":"https:\/\/hlrnet.net\/sites\/actu-es\/wp-json\/wp\/v2\/users\/2"}],"replies":[{"embeddable":true,"href":"https:\/\/hlrnet.net\/sites\/actu-es\/wp-json\/wp\/v2\/comments?post=2319"}],"version-history":[{"count":0,"href":"https:\/\/hlrnet.net\/sites\/actu-es\/wp-json\/wp\/v2\/posts\/2319\/revisions"}],"wp:attachment":[{"href":"https:\/\/hlrnet.net\/sites\/actu-es\/wp-json\/wp\/v2\/media?parent=2319"}],"wp:term":[{"taxonomy":"category","embeddable":true,"href":"https:\/\/hlrnet.net\/sites\/actu-es\/wp-json\/wp\/v2\/categories?post=2319"},{"taxonomy":"post_tag","embeddable":true,"href":"https:\/\/hlrnet.net\/sites\/actu-es\/wp-json\/wp\/v2\/tags?post=2319"}],"curies":[{"name":"wp","href":"https:\/\/api.w.org\/{rel}","templated":true}]}}