{"id":2331,"date":"2022-11-21T12:10:58","date_gmt":"2022-11-21T12:10:58","guid":{"rendered":"https:\/\/coocv.com\/?p=34496"},"modified":"2022-11-21T12:10:58","modified_gmt":"2022-11-21T12:10:58","slug":"nos-importas-tu-la-nueva-campana-del-cgcoo-para-visibilizar-y-dar-valor-a-la-labor-del-optico-optometrista-en-la-sanidad-publica-y-privada","status":"publish","type":"post","link":"https:\/\/hlrnet.net\/sites\/actu-es\/2022\/11\/21\/nos-importas-tu-la-nueva-campana-del-cgcoo-para-visibilizar-y-dar-valor-a-la-labor-del-optico-optometrista-en-la-sanidad-publica-y-privada\/","title":{"rendered":"\u201cNOS IMPORTAS T\u00da\u201d: LA NUEVA CAMPA\u00d1A DEL CGCOO PARA VISIBILIZAR Y DAR VALOR A LA LABOR DEL \u00d3PTICO-OPTOMETRISTA EN LA SANIDAD P\u00daBLICA Y PRIVADA"},"content":{"rendered":"\n\n<div class=\"kk-star-ratings kksr-auto kksr-align-left kksr-valign-top\"\n    data-payload='{&quot;align&quot;:&quot;left&quot;,&quot;id&quot;:&quot;2331&quot;,&quot;slug&quot;:&quot;default&quot;,&quot;valign&quot;:&quot;top&quot;,&quot;ignore&quot;:&quot;&quot;,&quot;reference&quot;:&quot;auto&quot;,&quot;class&quot;:&quot;&quot;,&quot;count&quot;:&quot;0&quot;,&quot;legendonly&quot;:&quot;&quot;,&quot;readonly&quot;:&quot;&quot;,&quot;score&quot;:&quot;0&quot;,&quot;starsonly&quot;:&quot;&quot;,&quot;best&quot;:&quot;5&quot;,&quot;gap&quot;:&quot;5&quot;,&quot;greet&quot;:&quot;Rate this post&quot;,&quot;legend&quot;:&quot;0\\\/5 - (0 votes)&quot;,&quot;size&quot;:&quot;24&quot;,&quot;title&quot;:&quot;\u201cNOS IMPORTAS T\u00da\u201d: LA NUEVA CAMPA\u00d1A DEL CGCOO PARA VISIBILIZAR Y DAR VALOR A LA LABOR DEL \u00d3PTICO-OPTOMETRISTA EN LA SANIDAD P\u00daBLICA Y PRIVADA&quot;,&quot;width&quot;:&quot;0&quot;,&quot;_legend&quot;:&quot;{score}\\\/{best} - ({count} {votes})&quot;,&quot;font_factor&quot;:&quot;1.25&quot;}'>\n            \n<div class=\"kksr-stars\">\n    \n<div class=\"kksr-stars-inactive\">\n            <div class=\"kksr-star\" data-star=\"1\" style=\"padding-right: 5px\">\n            \n\n<div class=\"kksr-icon\" style=\"width: 24px; height: 24px;\"><\/div>\n        <\/div>\n            <div class=\"kksr-star\" data-star=\"2\" style=\"padding-right: 5px\">\n            \n\n<div class=\"kksr-icon\" style=\"width: 24px; height: 24px;\"><\/div>\n        <\/div>\n            <div class=\"kksr-star\" data-star=\"3\" style=\"padding-right: 5px\">\n            \n\n<div class=\"kksr-icon\" style=\"width: 24px; height: 24px;\"><\/div>\n        <\/div>\n            <div class=\"kksr-star\" data-star=\"4\" style=\"padding-right: 5px\">\n            \n\n<div class=\"kksr-icon\" style=\"width: 24px; height: 24px;\"><\/div>\n        <\/div>\n            <div class=\"kksr-star\" data-star=\"5\" style=\"padding-right: 5px\">\n            \n\n<div class=\"kksr-icon\" style=\"width: 24px; height: 24px;\"><\/div>\n        <\/div>\n    <\/div>\n    \n<div class=\"kksr-stars-active\" style=\"width: 0px;\">\n            <div class=\"kksr-star\" style=\"padding-right: 5px\">\n            \n\n<div class=\"kksr-icon\" style=\"width: 24px; height: 24px;\"><\/div>\n        <\/div>\n            <div class=\"kksr-star\" style=\"padding-right: 5px\">\n            \n\n<div class=\"kksr-icon\" style=\"width: 24px; height: 24px;\"><\/div>\n        <\/div>\n            <div class=\"kksr-star\" style=\"padding-right: 5px\">\n            \n\n<div class=\"kksr-icon\" style=\"width: 24px; height: 24px;\"><\/div>\n        <\/div>\n            <div class=\"kksr-star\" style=\"padding-right: 5px\">\n            \n\n<div class=\"kksr-icon\" style=\"width: 24px; height: 24px;\"><\/div>\n        <\/div>\n            <div class=\"kksr-star\" style=\"padding-right: 5px\">\n            \n\n<div class=\"kksr-icon\" style=\"width: 24px; height: 24px;\"><\/div>\n        <\/div>\n    <\/div>\n<\/div>\n                \n\n<div class=\"kksr-legend\" style=\"font-size: 19.2px;\">\n            <span class=\"kksr-muted\">Rate this post<\/span>\n    <\/div>\n    <\/div>\n\n<p class=\"s5\"><span class=\"s3\">El Consejo General de Colegios de \u00d3pticos-Optometristas ha desarrollado y puesto en marcha la <\/span><span class=\"s3\">C<\/span><span class=\"s3\">ampa\u00f1a de <\/span><span class=\"s3\">C<\/span><span class=\"s3\">omunicaci\u00f3n<\/span> <span class=\"s3\"><strong>\u201cNos importas t\u00fa\u201d<\/strong> que <\/span><span class=\"s3\">busca<\/span><span class=\"s2\"> visibilizar y poner en valor el trabajo que desarrolla<\/span><span class=\"s2\">mos<\/span><span class=\"s2\"> los \u00f3pticos-optometristas como profesionales sanitarios <\/span><span class=\"s3\">cualificados<\/span><span class=\"s3\">,<\/span><span class=\"s3\"> a la <\/span><span class=\"s3\">vez<\/span><span class=\"s3\"> que <\/span><span class=\"s2\">promover entre la sociedad la importancia de tener unos buenos h\u00e1bitos visuales <\/span><span class=\"s3\">que eviten riesgos en la salud.<\/span><\/p>\n<p class=\"s6\"><span class=\"s3\">Otro<\/span> <span class=\"s3\">de los objetivos que persigue esta campa\u00f1a <\/span><span class=\"s3\">es <\/span><span class=\"s3\">fortalecer el papel de las \u00f3pticas como <\/span><span class=\"s2\">establecimientos sanitarios esenciales<\/span><span class=\"s3\"> y e<\/span><span class=\"s3\">l <\/span><span class=\"s2\">papel del \u00f3ptico<\/span><span class=\"s3\"> como sanitario.<\/span><\/p>\n<p class=\"s6\"><span class=\"s3\"><strong>\u2018Nos importas t\u00fa<\/strong>\u2019 <\/span><span class=\"s2\">se dirige<\/span><span class=\"s2\"> a la poblaci\u00f3n<\/span><span class=\"s3\">,<\/span><span class=\"s3\"> a los colegiados<\/span><span class=\"s3\"> y<\/span><span class=\"s3\"> otros <\/span><span class=\"s2\">p\u00fablicos <\/span><span class=\"s3\">relacionados con el \u00e1<\/span><span class=\"s3\">mbito sanitario y educativ<\/span><span class=\"s3\">o.<\/span><\/p>\n<p class=\"s6\"><span class=\"s3\">Esta iniciativa del Consejo General cuenta con la participaci\u00f3n del<\/span><span class=\"s3\"> Colegio de \u00d3pticos-Optometristas de la <\/span><span class=\"s2\">Comunitat Valenciana<\/span><span class=\"s3\">, junto con el<\/span> <span class=\"s2\">Colegio<\/span> <span class=\"s2\">Nacional<\/span><span class=\"s3\"> de \u00d3pticos-Optometristas, el Colegio Oficial de \u00d3pticos-Optometristas de <\/span><span class=\"s2\">Andaluc\u00eda<\/span><span class=\"s3\">, el Colegio de \u00d3pticos-Optometristas de <\/span><span class=\"s2\">Castilla y Le\u00f3n<\/span><span class=\"s3\">, el <\/span><span class=\"s3\">Col\u00b7legi<\/span><span class=\"s3\"> Oficial <\/span><span class=\"s3\">d\u2019\u00d2ptics-Optometristes<\/span><span class=\"s3\"> de <\/span><span class=\"s2\">Catalunya<\/span><span class=\"s3\">, y el Colegio Oficial \u00d3pticos-Optometristas <\/span><span class=\"s2\">Regi\u00f3n de Murcia<\/span><span class=\"s3\">.<\/span><\/p>\n<p class=\"s6\"><strong><span class=\"s2\">Influencers<\/span><span class=\"s2\"> y web propia<\/span><\/strong><\/p>\n<p class=\"s6\"><span class=\"s3\">Para <\/span><span class=\"s3\">alcanzar al mayor p\u00fablico posible, la Campa\u00f1a constar\u00e1 de una serie de acciones que se van a difundir en redes sociales para lo que se contar\u00e1 con la colaboraci\u00f3n de conocidos<\/span> <span class=\"s7\">influencers<\/span><span class=\"s3\"> para incrementar su visibilidad. <\/span><\/p>\n<p class=\"s6\"><span class=\"s3\">Adem\u00e1s, se ha <\/span><span class=\"s3\">creado una web propia donde se incluir\u00e1n todas las acciones.<\/span><\/p>\n<p class=\"s6\"><span class=\"s3\">Para dotar de contenido a la campa\u00f1a se van a producir diferentes materiales gr\u00e1ficos adaptados a los objetivos perseguidos. <\/span><\/p>\n<p class=\"s6\"><strong><span class=\"s2\">25 de noviembre: presentaci\u00f3n en Valencia<\/span><\/strong><\/p>\n<p class=\"s6\"><span class=\"s3\">Para apoyar la iniciativa y facilitar su difusi\u00f3n a nivel nacional y auton\u00f3mico, la campa\u00f1a se va a presentar a los medios de comunicaci\u00f3n en cada uno de los Colegios adheridos a este ambicioso proyecto. <\/span><\/p>\n<p class=\"s6\"><span class=\"s3\">En la Comunidad Valenciana, la presentaci\u00f3n se realizar\u00e1 <strong>en la sede del COOCV el pr\u00f3ximo 25 de noviembre a partir de las 11:30 horas y estar\u00e1 abierta a todos los colegiados que deseen asistir a la misma.<\/strong> <\/span><\/p>\n<p class=\"s6\"><strong><span class=\"s2\">Plan de medios<\/span><\/strong><\/p>\n<p class=\"s6\"><span class=\"s8\">La campa\u00f1a est\u00e1 dotada de <\/span><span class=\"s8\">un <\/span><span class=\"s9\">ambicioso<\/span> <span class=\"s9\">plan de medios<\/span><span class=\"s8\"> de alcance pr\u00e1cticamente <\/span><span class=\"s9\">nacional<\/span><span class=\"s8\"> que<\/span><span class=\"s8\"> se centrar\u00e1 tanto en <\/span><span class=\"s9\">radio <\/span><span class=\"s8\">como en <\/span><span class=\"s9\">prensa digital<\/span><span class=\"s8\"> para <\/span><span class=\"s8\">llegar al <\/span><span class=\"s8\">mayor <\/span><span class=\"s8\">espectro de poblaci\u00f3n<\/span><span class=\"s8\">.<\/span><\/p>\n<p class=\"s6\">Publicado en <a href=\"https:\/\/coocv.com\/nos-importas-tu-la-nueva-campana-del-cgcoo-para-visibilizar-y-dar-valor-a-la-labor-del-optico-optometrista-en-la-sanidad-publica-y-privada\/\" class=\"autohyperlink\">coocv.com\/nos-importas-tu-la-nueva-campana-del-cgcoo-para-visibilizar-y-dar-valor-a-la-labor-del-optico-optometrista-en-la-sanidad-publica-y-privada\/<\/a><\/p>\n","protected":false},"excerpt":{"rendered":"<p>El Consejo General de Colegios de \u00d3pticos-Optometristas ha desarrollado y puesto en marcha la Campa\u00f1a de Comunicaci\u00f3n \u201cNos importas t\u00fa\u201d que busca visibilizar y poner en valor el trabajo que desarrollamos los \u00f3pticos-optometristas como profesionales sanitarios cualificados, a la vez que promover entre la sociedad la importancia de tener unos<\/p>\n","protected":false},"author":2,"featured_media":0,"comment_status":"closed","ping_status":"closed","sticky":false,"template":"","format":"standard","meta":{"footnotes":""},"categories":[10,4],"tags":[],"class_list":["post-2331","post","type-post","status-publish","format-standard","hentry","category-cuidado-ocular","category-espana"],"publishpress_future_action":{"enabled":false,"date":"2026-05-02 10:15:46","action":"change-status","newStatus":"draft","terms":[],"taxonomy":"category","extraData":[]},"publishpress_future_workflow_manual_trigger":{"enabledWorkflows":[]},"_links":{"self":[{"href":"https:\/\/hlrnet.net\/sites\/actu-es\/wp-json\/wp\/v2\/posts\/2331","targetHints":{"allow":["GET"]}}],"collection":[{"href":"https:\/\/hlrnet.net\/sites\/actu-es\/wp-json\/wp\/v2\/posts"}],"about":[{"href":"https:\/\/hlrnet.net\/sites\/actu-es\/wp-json\/wp\/v2\/types\/post"}],"author":[{"embeddable":true,"href":"https:\/\/hlrnet.net\/sites\/actu-es\/wp-json\/wp\/v2\/users\/2"}],"replies":[{"embeddable":true,"href":"https:\/\/hlrnet.net\/sites\/actu-es\/wp-json\/wp\/v2\/comments?post=2331"}],"version-history":[{"count":0,"href":"https:\/\/hlrnet.net\/sites\/actu-es\/wp-json\/wp\/v2\/posts\/2331\/revisions"}],"wp:attachment":[{"href":"https:\/\/hlrnet.net\/sites\/actu-es\/wp-json\/wp\/v2\/media?parent=2331"}],"wp:term":[{"taxonomy":"category","embeddable":true,"href":"https:\/\/hlrnet.net\/sites\/actu-es\/wp-json\/wp\/v2\/categories?post=2331"},{"taxonomy":"post_tag","embeddable":true,"href":"https:\/\/hlrnet.net\/sites\/actu-es\/wp-json\/wp\/v2\/tags?post=2331"}],"curies":[{"name":"wp","href":"https:\/\/api.w.org\/{rel}","templated":true}]}}