{"id":2338,"date":"2022-11-25T12:14:43","date_gmt":"2022-11-25T12:14:43","guid":{"rendered":"https:\/\/coocv.com\/?p=34515"},"modified":"2022-11-25T12:14:43","modified_gmt":"2022-11-25T12:14:43","slug":"el-coocv-presenta-la-campana-nos-importas-tu-para-promover-buenos-habitos-que-evitan-riesgos-en-salud-visual","status":"publish","type":"post","link":"https:\/\/hlrnet.net\/sites\/actu-es\/2022\/11\/25\/el-coocv-presenta-la-campana-nos-importas-tu-para-promover-buenos-habitos-que-evitan-riesgos-en-salud-visual\/","title":{"rendered":"El COOCV PRESENTA LA CAMPA\u00d1A \u201cNOS IMPORTAS T\u00da\u201d PARA PROMOVER BUENOS H\u00c1BITOS QUE EVITAN RIESGOS EN SALUD VISUAL"},"content":{"rendered":"\n\n<div class=\"kk-star-ratings kksr-auto kksr-align-left kksr-valign-top\"\n    data-payload='{&quot;align&quot;:&quot;left&quot;,&quot;id&quot;:&quot;2338&quot;,&quot;slug&quot;:&quot;default&quot;,&quot;valign&quot;:&quot;top&quot;,&quot;ignore&quot;:&quot;&quot;,&quot;reference&quot;:&quot;auto&quot;,&quot;class&quot;:&quot;&quot;,&quot;count&quot;:&quot;0&quot;,&quot;legendonly&quot;:&quot;&quot;,&quot;readonly&quot;:&quot;&quot;,&quot;score&quot;:&quot;0&quot;,&quot;starsonly&quot;:&quot;&quot;,&quot;best&quot;:&quot;5&quot;,&quot;gap&quot;:&quot;5&quot;,&quot;greet&quot;:&quot;Rate this post&quot;,&quot;legend&quot;:&quot;0\\\/5 - (0 votes)&quot;,&quot;size&quot;:&quot;24&quot;,&quot;title&quot;:&quot;El COOCV PRESENTA LA CAMPA\u00d1A \u201cNOS IMPORTAS T\u00da\u201d PARA PROMOVER BUENOS H\u00c1BITOS QUE EVITAN RIESGOS EN SALUD VISUAL&quot;,&quot;width&quot;:&quot;0&quot;,&quot;_legend&quot;:&quot;{score}\\\/{best} - ({count} {votes})&quot;,&quot;font_factor&quot;:&quot;1.25&quot;}'>\n            \n<div class=\"kksr-stars\">\n    \n<div class=\"kksr-stars-inactive\">\n            <div class=\"kksr-star\" data-star=\"1\" style=\"padding-right: 5px\">\n            \n\n<div class=\"kksr-icon\" style=\"width: 24px; height: 24px;\"><\/div>\n        <\/div>\n            <div class=\"kksr-star\" data-star=\"2\" style=\"padding-right: 5px\">\n            \n\n<div class=\"kksr-icon\" style=\"width: 24px; height: 24px;\"><\/div>\n        <\/div>\n            <div class=\"kksr-star\" data-star=\"3\" style=\"padding-right: 5px\">\n            \n\n<div class=\"kksr-icon\" style=\"width: 24px; height: 24px;\"><\/div>\n        <\/div>\n            <div class=\"kksr-star\" data-star=\"4\" style=\"padding-right: 5px\">\n            \n\n<div class=\"kksr-icon\" style=\"width: 24px; height: 24px;\"><\/div>\n        <\/div>\n            <div class=\"kksr-star\" data-star=\"5\" style=\"padding-right: 5px\">\n            \n\n<div class=\"kksr-icon\" style=\"width: 24px; height: 24px;\"><\/div>\n        <\/div>\n    <\/div>\n    \n<div class=\"kksr-stars-active\" style=\"width: 0px;\">\n            <div class=\"kksr-star\" style=\"padding-right: 5px\">\n            \n\n<div class=\"kksr-icon\" style=\"width: 24px; height: 24px;\"><\/div>\n        <\/div>\n            <div class=\"kksr-star\" style=\"padding-right: 5px\">\n            \n\n<div class=\"kksr-icon\" style=\"width: 24px; height: 24px;\"><\/div>\n        <\/div>\n            <div class=\"kksr-star\" style=\"padding-right: 5px\">\n            \n\n<div class=\"kksr-icon\" style=\"width: 24px; height: 24px;\"><\/div>\n        <\/div>\n            <div class=\"kksr-star\" style=\"padding-right: 5px\">\n            \n\n<div class=\"kksr-icon\" style=\"width: 24px; height: 24px;\"><\/div>\n        <\/div>\n            <div class=\"kksr-star\" style=\"padding-right: 5px\">\n            \n\n<div class=\"kksr-icon\" style=\"width: 24px; height: 24px;\"><\/div>\n        <\/div>\n    <\/div>\n<\/div>\n                \n\n<div class=\"kksr-legend\" style=\"font-size: 19.2px;\">\n            <span class=\"kksr-muted\">Rate this post<\/span>\n    <\/div>\n    <\/div>\n\n<ul>\n<li><strong>1.500.000 de valencianos no revisa su visi\u00f3n <\/strong><\/li>\n<li><strong>500.000 conductores pueden circular por las carreteras valenciana sin saber si ven bien<\/strong><\/li>\n<li><strong>La iniciativa, que se realizar\u00e1 a nivel nacional, dar\u00e1 a conocer la labor que desarrollan los \u00f3pticos-optometristas en \u00f3pticas y cl\u00ednicas<\/strong><\/li>\n<\/ul>\n<p><strong>Valencia, 25<\/strong> <strong>de noviembre<\/strong><\/p>\n<p>El 92% de la poblaci\u00f3n considera la vista como el sentido m\u00e1s importante, sin embargo, el 30% de los valencianos, 1.500.000 personas, no revisa su sistema visual habitualmente. Esto supone que 500.000 conductores se ponen al volante en las carreteras de la Comunidad Valenciana sin tener certeza de ver bien con el riesgo que ello entra\u00f1a para la seguridad vial. Un problema de salud p\u00fablica que requiere una soluci\u00f3n urgente por parte de los responsables sanitarios fomentando la prevenci\u00f3n entre los ciudadanos.<\/p>\n<p>Para promover entre la poblaci\u00f3n la importancia de tener unos buenos h\u00e1bitos que eviten riesgos para la salud visual, el Colegio de \u00d3pticos-Optometristas de la Comunitat Valenciana ha presentado la campa\u00f1a \u201cNos importas t\u00fa\u201d promovida por el Consejo General de Colegios de \u00d3pticos-Optometristas.<\/p>\n<p>Una iniciativa que tiene tambi\u00e9n como objetivo visibilizar y poner en valor el trabajo que desarrollan los \u00f3pticos-optometristas como profesionales sanitarios cualificados que desempe\u00f1an su labor en hospitales p\u00fablicos y privados, cl\u00ednicas oftalmol\u00f3gicas, adem\u00e1s de en las \u00f3pticas.<\/p>\n<p>La presentaci\u00f3n ha contado con la participaci\u00f3n de con la participaci\u00f3n del presidente del COOCV, <strong>Andr\u00e9s Gen\u00e9,<\/strong> y de <strong>Sergio Civera<\/strong>, tesorero del COOCV.<\/p>\n<p><strong>Andr\u00e9s Gen\u00e9<\/strong> ha querido recalcar, durante su intervenci\u00f3n, que \u201ca los \u00f3pticos-optometristas nos gusta cuidar la visi\u00f3n de la poblaci\u00f3n y su salud visual, de ah\u00ed el lema de la campa\u00f1a \u201cNos importas t\u00fa\u201d, que aglutina perfectamente nuestra filosof\u00eda como profesionales de la salud\u201d.<\/p>\n<p>CONSULTA Y DESCARGA LA NOTA DE PRENSA <a href=\"https:\/\/coocv.com\/wp-content\/uploads\/2022\/11\/NdP-Presentacion-NosImportasTu-Valencia.pdf\" class=\"mtli_attachment mtli_pdf\">NdP Presentacion NosImportasTu Valencia<\/a><\/p>\n<p><img loading=\"lazy\" decoding=\"async\" class=\"aligncenter size-large wp-image-34497\" src=\"https:\/\/coocv.com\/wp-content\/uploads\/2022\/11\/banner-valencia-1200x370-003-1024x316.png\" alt=\"\" width=\"1024\" height=\"316\" srcset=\"https:\/\/coocv.com\/wp-content\/uploads\/2022\/11\/banner-valencia-1200x370-003-1024x316.png 1024w, https:\/\/coocv.com\/wp-content\/uploads\/2022\/11\/banner-valencia-1200x370-003-300x93.png 300w, https:\/\/coocv.com\/wp-content\/uploads\/2022\/11\/banner-valencia-1200x370-003-768x237.png 768w, https:\/\/coocv.com\/wp-content\/uploads\/2022\/11\/banner-valencia-1200x370-003-600x185.png 600w, https:\/\/coocv.com\/wp-content\/uploads\/2022\/11\/banner-valencia-1200x370-003-640x197.png 640w, https:\/\/coocv.com\/wp-content\/uploads\/2022\/11\/banner-valencia-1200x370-003.png 1200w\" sizes=\"auto, (max-width: 1024px) 100vw, 1024px\" \/> <img loading=\"lazy\" decoding=\"async\" class=\"aligncenter size-large wp-image-34519\" src=\"https:\/\/coocv.com\/wp-content\/uploads\/2022\/11\/4.cartelas_Valencia-1024x576.jpg\" alt=\"\" width=\"1024\" height=\"576\" srcset=\"https:\/\/coocv.com\/wp-content\/uploads\/2022\/11\/4.cartelas_Valencia-1024x576.jpg 1024w, https:\/\/coocv.com\/wp-content\/uploads\/2022\/11\/4.cartelas_Valencia-300x169.jpg 300w, https:\/\/coocv.com\/wp-content\/uploads\/2022\/11\/4.cartelas_Valencia-768x432.jpg 768w, https:\/\/coocv.com\/wp-content\/uploads\/2022\/11\/4.cartelas_Valencia-600x338.jpg 600w, https:\/\/coocv.com\/wp-content\/uploads\/2022\/11\/4.cartelas_Valencia-640x360.jpg 640w\" sizes=\"auto, (max-width: 1024px) 100vw, 1024px\" \/><\/p>\n<p>Publicado en <a href=\"https:\/\/coocv.com\/el-coocv-presenta-la-campana-nos-importas-tu-para-promover-buenos-habitos-que-evitan-riesgos-en-salud-visual\/\" class=\"autohyperlink\">coocv.com\/el-coocv-presenta-la-campana-nos-importas-tu-para-promover-buenos-habitos-que-evitan-riesgos-en-salud-visual\/<\/a><\/p>\n","protected":false},"excerpt":{"rendered":"<p>1.500.000 de valencianos no revisa su visi\u00f3n 500.000 conductores pueden circular por las carreteras valenciana sin saber si ven bien La iniciativa, que se realizar\u00e1 a nivel nacional, dar\u00e1 a conocer la labor que desarrollan los \u00f3pticos-optometristas en \u00f3pticas y cl\u00ednicas Valencia, 25 de noviembre El 92% de la poblaci\u00f3n<\/p>\n","protected":false},"author":2,"featured_media":0,"comment_status":"closed","ping_status":"closed","sticky":false,"template":"","format":"standard","meta":{"footnotes":""},"categories":[10,4],"tags":[],"class_list":["post-2338","post","type-post","status-publish","format-standard","hentry","category-cuidado-ocular","category-espana"],"publishpress_future_action":{"enabled":false,"date":"2026-05-02 06:42:06","action":"change-status","newStatus":"draft","terms":[],"taxonomy":"category","extraData":[]},"publishpress_future_workflow_manual_trigger":{"enabledWorkflows":[]},"_links":{"self":[{"href":"https:\/\/hlrnet.net\/sites\/actu-es\/wp-json\/wp\/v2\/posts\/2338","targetHints":{"allow":["GET"]}}],"collection":[{"href":"https:\/\/hlrnet.net\/sites\/actu-es\/wp-json\/wp\/v2\/posts"}],"about":[{"href":"https:\/\/hlrnet.net\/sites\/actu-es\/wp-json\/wp\/v2\/types\/post"}],"author":[{"embeddable":true,"href":"https:\/\/hlrnet.net\/sites\/actu-es\/wp-json\/wp\/v2\/users\/2"}],"replies":[{"embeddable":true,"href":"https:\/\/hlrnet.net\/sites\/actu-es\/wp-json\/wp\/v2\/comments?post=2338"}],"version-history":[{"count":0,"href":"https:\/\/hlrnet.net\/sites\/actu-es\/wp-json\/wp\/v2\/posts\/2338\/revisions"}],"wp:attachment":[{"href":"https:\/\/hlrnet.net\/sites\/actu-es\/wp-json\/wp\/v2\/media?parent=2338"}],"wp:term":[{"taxonomy":"category","embeddable":true,"href":"https:\/\/hlrnet.net\/sites\/actu-es\/wp-json\/wp\/v2\/categories?post=2338"},{"taxonomy":"post_tag","embeddable":true,"href":"https:\/\/hlrnet.net\/sites\/actu-es\/wp-json\/wp\/v2\/tags?post=2338"}],"curies":[{"name":"wp","href":"https:\/\/api.w.org\/{rel}","templated":true}]}}