{"id":2346,"date":"2022-11-30T11:23:51","date_gmt":"2022-11-30T11:23:51","guid":{"rendered":"https:\/\/coocv.com\/?p=34539"},"modified":"2022-11-30T11:23:51","modified_gmt":"2022-11-30T11:23:51","slug":"union-profesional-de-valencia-celebra-su-asamblea-general-con-la-participacion-de-andres-gene-presidente-del-coocv","status":"publish","type":"post","link":"https:\/\/hlrnet.net\/sites\/actu-es\/2022\/11\/30\/union-profesional-de-valencia-celebra-su-asamblea-general-con-la-participacion-de-andres-gene-presidente-del-coocv\/","title":{"rendered":"UNI\u00d3N PROFESIONAL DE VALENCIA CELEBRA SU ASAMBLEA GENERAL CON LA PARTICIPACI\u00d3N DE ANDR\u00c9S GEN\u00c9, PRESIDENTE DEL COOCV"},"content":{"rendered":"\n\n<div class=\"kk-star-ratings kksr-auto kksr-align-left kksr-valign-top\"\n    data-payload='{&quot;align&quot;:&quot;left&quot;,&quot;id&quot;:&quot;2346&quot;,&quot;slug&quot;:&quot;default&quot;,&quot;valign&quot;:&quot;top&quot;,&quot;ignore&quot;:&quot;&quot;,&quot;reference&quot;:&quot;auto&quot;,&quot;class&quot;:&quot;&quot;,&quot;count&quot;:&quot;0&quot;,&quot;legendonly&quot;:&quot;&quot;,&quot;readonly&quot;:&quot;&quot;,&quot;score&quot;:&quot;0&quot;,&quot;starsonly&quot;:&quot;&quot;,&quot;best&quot;:&quot;5&quot;,&quot;gap&quot;:&quot;5&quot;,&quot;greet&quot;:&quot;Rate this post&quot;,&quot;legend&quot;:&quot;0\\\/5 - (0 votes)&quot;,&quot;size&quot;:&quot;24&quot;,&quot;title&quot;:&quot;UNI\u00d3N PROFESIONAL DE VALENCIA CELEBRA SU ASAMBLEA GENERAL CON LA PARTICIPACI\u00d3N DE ANDR\u00c9S GEN\u00c9, PRESIDENTE DEL COOCV&quot;,&quot;width&quot;:&quot;0&quot;,&quot;_legend&quot;:&quot;{score}\\\/{best} - ({count} {votes})&quot;,&quot;font_factor&quot;:&quot;1.25&quot;}'>\n            \n<div class=\"kksr-stars\">\n    \n<div class=\"kksr-stars-inactive\">\n            <div class=\"kksr-star\" data-star=\"1\" style=\"padding-right: 5px\">\n            \n\n<div class=\"kksr-icon\" style=\"width: 24px; height: 24px;\"><\/div>\n        <\/div>\n            <div class=\"kksr-star\" data-star=\"2\" style=\"padding-right: 5px\">\n            \n\n<div class=\"kksr-icon\" style=\"width: 24px; height: 24px;\"><\/div>\n        <\/div>\n            <div class=\"kksr-star\" data-star=\"3\" style=\"padding-right: 5px\">\n            \n\n<div class=\"kksr-icon\" style=\"width: 24px; height: 24px;\"><\/div>\n        <\/div>\n            <div class=\"kksr-star\" data-star=\"4\" style=\"padding-right: 5px\">\n            \n\n<div class=\"kksr-icon\" style=\"width: 24px; height: 24px;\"><\/div>\n        <\/div>\n            <div class=\"kksr-star\" data-star=\"5\" style=\"padding-right: 5px\">\n            \n\n<div class=\"kksr-icon\" style=\"width: 24px; height: 24px;\"><\/div>\n        <\/div>\n    <\/div>\n    \n<div class=\"kksr-stars-active\" style=\"width: 0px;\">\n            <div class=\"kksr-star\" style=\"padding-right: 5px\">\n            \n\n<div class=\"kksr-icon\" style=\"width: 24px; height: 24px;\"><\/div>\n        <\/div>\n            <div class=\"kksr-star\" style=\"padding-right: 5px\">\n            \n\n<div class=\"kksr-icon\" style=\"width: 24px; height: 24px;\"><\/div>\n        <\/div>\n            <div class=\"kksr-star\" style=\"padding-right: 5px\">\n            \n\n<div class=\"kksr-icon\" style=\"width: 24px; height: 24px;\"><\/div>\n        <\/div>\n            <div class=\"kksr-star\" style=\"padding-right: 5px\">\n            \n\n<div class=\"kksr-icon\" style=\"width: 24px; height: 24px;\"><\/div>\n        <\/div>\n            <div class=\"kksr-star\" style=\"padding-right: 5px\">\n            \n\n<div class=\"kksr-icon\" style=\"width: 24px; height: 24px;\"><\/div>\n        <\/div>\n    <\/div>\n<\/div>\n                \n\n<div class=\"kksr-legend\" style=\"font-size: 19.2px;\">\n            <span class=\"kksr-muted\">Rate this post<\/span>\n    <\/div>\n    <\/div>\n\n<div class=\"\" dir=\"auto\">\n<div id=\"jsc_c_7a\" class=\"x1iorvi4 x1pi30zi x1l90r2v x1swvt13\" data-ad-comet-preview=\"message\" data-ad-preview=\"message\">\n<div class=\"x78zum5 xdt5ytf xz62fqu x16ldp7u\">\n<div class=\"xu06os2 x1ok221b\">\n<div class=\"x11i5rnm xat24cr x1mh8g0r x1vvkbs xdj266r x126k92a\">\n<div dir=\"auto\"><\/div>\n<\/div>\n<div class=\"x11i5rnm xat24cr x1mh8g0r x1vvkbs xtlvy1s x126k92a\">\n<div dir=\"auto\">Uni\u00f3n Profesional de Valencia ha celebrado esta semana su Asamblea General Ordinaria en la Sede del Colegio de Ingenieros T\u00e9cnicos Industriales de Valencia.<\/div>\n<\/div>\n<div class=\"x11i5rnm xat24cr x1mh8g0r x1vvkbs xtlvy1s x126k92a\">\n<div dir=\"auto\">A la Asamblea asistieron los representantes de las diferentes instituciones asociadas, entre los que se encontraba Andr\u00e9s Gen\u00e9 en representaci\u00f3n de los \u00f3pticos-optometristas de Valencia.<\/div>\n<\/div>\n<div class=\"x11i5rnm xat24cr x1mh8g0r x1vvkbs xtlvy1s x126k92a\">\n<div dir=\"auto\">En la reuni\u00f3n se repasaron los actos y actividades realizadas durante el presente a\u00f1o, adem\u00e1s de la presentaci\u00f3n de los Presupuestos de la asociaci\u00f3n para el ejercicio 2023.<\/div>\n<\/div>\n<div class=\"x11i5rnm xat24cr x1mh8g0r x1vvkbs xtlvy1s x126k92a\">\n<div dir=\"auto\">Uni\u00f3n Profesional de Valencia es una asociaci\u00f3n provincial, sin \u00e1nimo de lucro que sirve de nexo de todas las profesiones colegiadas valencianas. Actualmente aglutina a 41 colegios profesionales de diferentes \u00e1mbitos: jur\u00eddico, econ\u00f3mico, social, t\u00e9cnico y sanitario, representando a m\u00e1s de 90.000 profesionales colegiados.<\/div>\n<\/div>\n<\/div>\n<\/div>\n<\/div>\n<\/div>\n<p>Publicado en <a href=\"https:\/\/coocv.com\/union-profesional-de-valencia-celebra-su-asamblea-general-con-la-participacion-de-andres-gene-presidente-del-coocv\/\" class=\"autohyperlink\">coocv.com\/union-profesional-de-valencia-celebra-su-asamblea-general-con-la-participacion-de-andres-gene-presidente-del-coocv\/<\/a><\/p>\n","protected":false},"excerpt":{"rendered":"<p>Uni\u00f3n Profesional de Valencia ha celebrado esta semana su Asamblea General Ordinaria en la Sede del Colegio de Ingenieros T\u00e9cnicos Industriales de Valencia. A la Asamblea asistieron los representantes de las diferentes instituciones asociadas, entre los que se encontraba Andr\u00e9s Gen\u00e9 en representaci\u00f3n de los \u00f3pticos-optometristas de Valencia. En la<\/p>\n","protected":false},"author":2,"featured_media":0,"comment_status":"closed","ping_status":"closed","sticky":false,"template":"","format":"standard","meta":{"footnotes":""},"categories":[10,4],"tags":[],"class_list":["post-2346","post","type-post","status-publish","format-standard","hentry","category-cuidado-ocular","category-espana"],"publishpress_future_action":{"enabled":false,"date":"2026-05-02 08:37:45","action":"change-status","newStatus":"draft","terms":[],"taxonomy":"category","extraData":[]},"publishpress_future_workflow_manual_trigger":{"enabledWorkflows":[]},"_links":{"self":[{"href":"https:\/\/hlrnet.net\/sites\/actu-es\/wp-json\/wp\/v2\/posts\/2346","targetHints":{"allow":["GET"]}}],"collection":[{"href":"https:\/\/hlrnet.net\/sites\/actu-es\/wp-json\/wp\/v2\/posts"}],"about":[{"href":"https:\/\/hlrnet.net\/sites\/actu-es\/wp-json\/wp\/v2\/types\/post"}],"author":[{"embeddable":true,"href":"https:\/\/hlrnet.net\/sites\/actu-es\/wp-json\/wp\/v2\/users\/2"}],"replies":[{"embeddable":true,"href":"https:\/\/hlrnet.net\/sites\/actu-es\/wp-json\/wp\/v2\/comments?post=2346"}],"version-history":[{"count":0,"href":"https:\/\/hlrnet.net\/sites\/actu-es\/wp-json\/wp\/v2\/posts\/2346\/revisions"}],"wp:attachment":[{"href":"https:\/\/hlrnet.net\/sites\/actu-es\/wp-json\/wp\/v2\/media?parent=2346"}],"wp:term":[{"taxonomy":"category","embeddable":true,"href":"https:\/\/hlrnet.net\/sites\/actu-es\/wp-json\/wp\/v2\/categories?post=2346"},{"taxonomy":"post_tag","embeddable":true,"href":"https:\/\/hlrnet.net\/sites\/actu-es\/wp-json\/wp\/v2\/tags?post=2346"}],"curies":[{"name":"wp","href":"https:\/\/api.w.org\/{rel}","templated":true}]}}