{"id":2349,"date":"2022-11-29T12:46:11","date_gmt":"2022-11-29T12:46:11","guid":{"rendered":"https:\/\/coocv.com\/?p=34529"},"modified":"2022-11-29T12:46:11","modified_gmt":"2022-11-29T12:46:11","slug":"santa-otilia-2022","status":"publish","type":"post","link":"https:\/\/hlrnet.net\/sites\/actu-es\/2022\/11\/29\/santa-otilia-2022\/","title":{"rendered":"SANTA OTILIA 2022"},"content":{"rendered":"\n\n<div class=\"kk-star-ratings kksr-auto kksr-align-left kksr-valign-top\"\n    data-payload='{&quot;align&quot;:&quot;left&quot;,&quot;id&quot;:&quot;2349&quot;,&quot;slug&quot;:&quot;default&quot;,&quot;valign&quot;:&quot;top&quot;,&quot;ignore&quot;:&quot;&quot;,&quot;reference&quot;:&quot;auto&quot;,&quot;class&quot;:&quot;&quot;,&quot;count&quot;:&quot;0&quot;,&quot;legendonly&quot;:&quot;&quot;,&quot;readonly&quot;:&quot;&quot;,&quot;score&quot;:&quot;0&quot;,&quot;starsonly&quot;:&quot;&quot;,&quot;best&quot;:&quot;5&quot;,&quot;gap&quot;:&quot;5&quot;,&quot;greet&quot;:&quot;Rate this post&quot;,&quot;legend&quot;:&quot;0\\\/5 - (0 votes)&quot;,&quot;size&quot;:&quot;24&quot;,&quot;title&quot;:&quot;SANTA OTILIA 2022&quot;,&quot;width&quot;:&quot;0&quot;,&quot;_legend&quot;:&quot;{score}\\\/{best} - ({count} {votes})&quot;,&quot;font_factor&quot;:&quot;1.25&quot;}'>\n            \n<div class=\"kksr-stars\">\n    \n<div class=\"kksr-stars-inactive\">\n            <div class=\"kksr-star\" data-star=\"1\" style=\"padding-right: 5px\">\n            \n\n<div class=\"kksr-icon\" style=\"width: 24px; height: 24px;\"><\/div>\n        <\/div>\n            <div class=\"kksr-star\" data-star=\"2\" style=\"padding-right: 5px\">\n            \n\n<div class=\"kksr-icon\" style=\"width: 24px; height: 24px;\"><\/div>\n        <\/div>\n            <div class=\"kksr-star\" data-star=\"3\" style=\"padding-right: 5px\">\n            \n\n<div class=\"kksr-icon\" style=\"width: 24px; height: 24px;\"><\/div>\n        <\/div>\n            <div class=\"kksr-star\" data-star=\"4\" style=\"padding-right: 5px\">\n            \n\n<div class=\"kksr-icon\" style=\"width: 24px; height: 24px;\"><\/div>\n        <\/div>\n            <div class=\"kksr-star\" data-star=\"5\" style=\"padding-right: 5px\">\n            \n\n<div class=\"kksr-icon\" style=\"width: 24px; height: 24px;\"><\/div>\n        <\/div>\n    <\/div>\n    \n<div class=\"kksr-stars-active\" style=\"width: 0px;\">\n            <div class=\"kksr-star\" style=\"padding-right: 5px\">\n            \n\n<div class=\"kksr-icon\" style=\"width: 24px; height: 24px;\"><\/div>\n        <\/div>\n            <div class=\"kksr-star\" style=\"padding-right: 5px\">\n            \n\n<div class=\"kksr-icon\" style=\"width: 24px; height: 24px;\"><\/div>\n        <\/div>\n            <div class=\"kksr-star\" style=\"padding-right: 5px\">\n            \n\n<div class=\"kksr-icon\" style=\"width: 24px; height: 24px;\"><\/div>\n        <\/div>\n            <div class=\"kksr-star\" style=\"padding-right: 5px\">\n            \n\n<div class=\"kksr-icon\" style=\"width: 24px; height: 24px;\"><\/div>\n        <\/div>\n            <div class=\"kksr-star\" style=\"padding-right: 5px\">\n            \n\n<div class=\"kksr-icon\" style=\"width: 24px; height: 24px;\"><\/div>\n        <\/div>\n    <\/div>\n<\/div>\n                \n\n<div class=\"kksr-legend\" style=\"font-size: 19.2px;\">\n            <span class=\"kksr-muted\">Rate this post<\/span>\n    <\/div>\n    <\/div>\n\n<div class=\"\" dir=\"auto\">\n<div id=\"jsc_c_b\" class=\"x1iorvi4 x1pi30zi x1l90r2v x1swvt13\" data-ad-comet-preview=\"message\" data-ad-preview=\"message\">\n<div class=\"x78zum5 xdt5ytf xz62fqu x16ldp7u\">\n<div class=\"xu06os2 x1ok221b\">\n<div class=\"x11i5rnm xat24cr x1mh8g0r x1vvkbs xdj266r x126k92a\">\n<div dir=\"auto\">El 13 de diciembre se celebra el d\u00eda de nuestra Patrona Santa Otilia, y este a\u00f1o para la ocasi\u00f3n hemos preparado una mesa redonda online, titulada \u201cNuevo modelo de atenci\u00f3n en Salud Visual. Papel del \u00d3ptico-Optometrista\u201d que tendr\u00e1 lugar ese mismo d\u00eda de 14:00 a 16:00h. y cuya inscripci\u00f3n es gratuita. En este evento participar\u00e1 el soci\u00f3logo Dr. \u00c1ngel Salmador Mart\u00edn y el \u00f3ptico-optometrista Dr. Rafael P\u00e9rez Cambrodi, siendo el moderador nuestro presidente Dr. Andr\u00e9s Gen\u00e9 Sampedro. Inscr\u00edbete <a class=\"x1i10hfl xjbqb8w x6umtig x1b1mbwd xaqea5y xav7gou x9f619 x1ypdohk xt0psk2 xe8uvvx xdj266r x11i5rnm xat24cr x1mh8g0r xexx8yu x4uap5 x18d9i69 xkhd6sd x16tdsg8 x1hl2dhg xggy1nq x1a2a7pz xt0b8zv x1fey0fg\" tabindex=\"0\" role=\"link\" href=\"https:\/\/l.facebook.com\/l.php?u=http%3A%2F%2Fcoocv.es%2Fservicios%2Fformacion%3Fid%3D741%26fbclid%3DIwAR2ydQLSRy48pH3y2PALrRTS-C5aWD3wxS7qfhUCixJ8fz5bTd2CBZHIUuU&amp;h=AT3DHsEc-DeCL_PSGG0ck2HIGZgOxWs7Cpfvs1CigPuyJtHb2D5oWdHLidwfLC0Dzzc3Rt59-p7YyzLTPMzvkaUS-e9T_iwibvUsybzEGSvjvlnyL38y8ybQbMFyyUjAG8BxVp4&amp;__tn__=-UK-R&amp;c[0]=AT3tgMWCKROH1jtqK4GMMqm1QWqbpLeXzHWpdkAfEwdB_zoRMGKXN939e-EPHJUk94PoS8AqL4MPAJ84oJE2zbePwqStFATMrBW8xoCGzxMhDOiIiqAe3O65yzszFL2QKSoDfI-WR8oxMmOlGExT_AYHUsNjuu2XZjPK_ol0KME6lf9PlY0nUXjMVLHXnfoCUBaOjJBUczol\" target=\"_blank\" rel=\"nofollow noopener noreferrer\">coocv.es\/servicios\/formacion?id=741<\/a><\/div>\n<\/div>\n<div class=\"x11i5rnm xat24cr x1mh8g0r x1vvkbs xtlvy1s x126k92a\">\n<div dir=\"auto\"><\/div>\n<div dir=\"auto\">Adem\u00e1s, hemos organizado un acto l\u00fadico y de hermanamiento que se celebrar\u00e1 el domingo 18 de diciembre, al que nos gustar\u00eda que nos acompa\u00f1aras. La jornada dar\u00e1 comienzo a las 12 horas en el Restaurante el Huerto de Santa Mar\u00eda, sito en El Puig, y la actividad consiste en un divertido concurso de paellas. Para ello, nos dividiremos en grupos de 10 personas y dispondremos de todo lo necesario para su preparaci\u00f3n, adem\u00e1s de un cocinero que nos dar\u00e1 las indicaciones oportunas para ser el equipo ganador, consulta el programa <a class=\"x1i10hfl xjbqb8w x6umtig x1b1mbwd xaqea5y xav7gou x9f619 x1ypdohk xt0psk2 xe8uvvx xdj266r x11i5rnm xat24cr x1mh8g0r xexx8yu x4uap5 x18d9i69 xkhd6sd x16tdsg8 x1hl2dhg xggy1nq x1a2a7pz xt0b8zv x1fey0fg\" tabindex=\"0\" role=\"link\" href=\"https:\/\/coocv.com\/wp-content\/uploads\/2022\/11\/PPTA-COOCV.Taller-paella-Huerto.pdf?fbclid=IwAR14lq2biOG49DEd39KsmK3lz8xxdz2a5Mx9QCo8EzM3Kfbqj1gc2Wignbo\" target=\"_blank\" rel=\"nofollow noopener noreferrer\">coocv.com\/&#8230;\/11\/PPTA-COOCV.Taller-paella-Huerto.pdf<\/a><\/div>\n<\/div>\n<div class=\"x11i5rnm xat24cr x1mh8g0r x1vvkbs xtlvy1s x126k92a\">\n<div dir=\"auto\"><\/div>\n<div dir=\"auto\">El precio subvencionado de la jornada para colegiados es de 30 euros, al igual que para su primer acompa\u00f1ante. En el caso de que asistan m\u00e1s acompa\u00f1antes, estos abonar\u00e1n el importe \u00edntegro de la actividad, que asciende a 76 \u20ac. Los ni\u00f1os de hasta 14 a\u00f1os tendr\u00e1n tambi\u00e9n el precio subvencionado a 15 \u20ac\/ni\u00f1o, en lugar de 32 \u20ac que es el coste real del evento.<\/div>\n<\/div>\n<div class=\"x11i5rnm xat24cr x1mh8g0r x1vvkbs xtlvy1s x126k92a\">\n<div dir=\"auto\">An\u00edmate a venir, es el mejor momento para reunirnos e intercambiar experiencias con los compa\u00f1eros que hace tiempo que no vemos, y desearnos lo mejor para el a\u00f1o 2023. Inscr\u00edbete <a href=\"http:\/\/coocv.es\/servicios\/formacion?id=742\" class=\"autohyperlink\">coocv.es\/servicios\/formacion?id=742<\/a><\/div>\n<div dir=\"auto\"><\/div>\n<\/div>\n<div dir=\"auto\"><img loading=\"lazy\" decoding=\"async\" class=\"aligncenter size-large wp-image-34530\" src=\"https:\/\/coocv.com\/wp-content\/uploads\/2022\/11\/Cartel-Mesa-Redonda-1024x697.jpg\" alt=\"\" width=\"1024\" height=\"697\" srcset=\"https:\/\/coocv.com\/wp-content\/uploads\/2022\/11\/Cartel-Mesa-Redonda-1024x697.jpg 1024w, https:\/\/coocv.com\/wp-content\/uploads\/2022\/11\/Cartel-Mesa-Redonda-300x204.jpg 300w, https:\/\/coocv.com\/wp-content\/uploads\/2022\/11\/Cartel-Mesa-Redonda-768x523.jpg 768w, https:\/\/coocv.com\/wp-content\/uploads\/2022\/11\/Cartel-Mesa-Redonda-600x408.jpg 600w, https:\/\/coocv.com\/wp-content\/uploads\/2022\/11\/Cartel-Mesa-Redonda-640x435.jpg 640w\" sizes=\"auto, (max-width: 1024px) 100vw, 1024px\" \/><\/div>\n<\/div>\n<\/div>\n<\/div>\n<\/div>\n<p>Publicado en <a href=\"https:\/\/coocv.com\/santa-otilia-2022\/\" class=\"autohyperlink\">coocv.com\/santa-otilia-2022\/<\/a><\/p>\n","protected":false},"excerpt":{"rendered":"<p>El 13 de diciembre se celebra el d\u00eda de nuestra Patrona Santa Otilia, y este a\u00f1o para la ocasi\u00f3n hemos preparado una mesa redonda online, titulada \u201cNuevo modelo de atenci\u00f3n en Salud Visual. Papel del \u00d3ptico-Optometrista\u201d que tendr\u00e1 lugar ese mismo d\u00eda de 14:00 a 16:00h. y cuya inscripci\u00f3n es<\/p>\n","protected":false},"author":2,"featured_media":0,"comment_status":"closed","ping_status":"closed","sticky":false,"template":"","format":"standard","meta":{"footnotes":""},"categories":[10,4],"tags":[],"class_list":["post-2349","post","type-post","status-publish","format-standard","hentry","category-cuidado-ocular","category-espana"],"publishpress_future_action":{"enabled":false,"date":"2026-05-02 06:41:15","action":"change-status","newStatus":"draft","terms":[],"taxonomy":"category","extraData":[]},"publishpress_future_workflow_manual_trigger":{"enabledWorkflows":[]},"_links":{"self":[{"href":"https:\/\/hlrnet.net\/sites\/actu-es\/wp-json\/wp\/v2\/posts\/2349","targetHints":{"allow":["GET"]}}],"collection":[{"href":"https:\/\/hlrnet.net\/sites\/actu-es\/wp-json\/wp\/v2\/posts"}],"about":[{"href":"https:\/\/hlrnet.net\/sites\/actu-es\/wp-json\/wp\/v2\/types\/post"}],"author":[{"embeddable":true,"href":"https:\/\/hlrnet.net\/sites\/actu-es\/wp-json\/wp\/v2\/users\/2"}],"replies":[{"embeddable":true,"href":"https:\/\/hlrnet.net\/sites\/actu-es\/wp-json\/wp\/v2\/comments?post=2349"}],"version-history":[{"count":0,"href":"https:\/\/hlrnet.net\/sites\/actu-es\/wp-json\/wp\/v2\/posts\/2349\/revisions"}],"wp:attachment":[{"href":"https:\/\/hlrnet.net\/sites\/actu-es\/wp-json\/wp\/v2\/media?parent=2349"}],"wp:term":[{"taxonomy":"category","embeddable":true,"href":"https:\/\/hlrnet.net\/sites\/actu-es\/wp-json\/wp\/v2\/categories?post=2349"},{"taxonomy":"post_tag","embeddable":true,"href":"https:\/\/hlrnet.net\/sites\/actu-es\/wp-json\/wp\/v2\/tags?post=2349"}],"curies":[{"name":"wp","href":"https:\/\/api.w.org\/{rel}","templated":true}]}}