{"id":2363,"date":"2022-12-13T11:00:00","date_gmt":"2022-12-13T11:00:00","guid":{"rendered":"https:\/\/www.tucanaldesalud.es\/es\/canalciencia\/articulos\/sabias-ojos-vista-envejecen#515242"},"modified":"2022-12-13T11:00:00","modified_gmt":"2022-12-13T11:00:00","slug":"sabias-que-los-ojos-y-la-vista-tambien-envejecen","status":"publish","type":"post","link":"https:\/\/hlrnet.net\/sites\/actu-es\/2022\/12\/13\/sabias-que-los-ojos-y-la-vista-tambien-envejecen\/","title":{"rendered":"\u00bfSab\u00edas que los ojos y la vista tambi\u00e9n envejecen?"},"content":{"rendered":"\n\n<div class=\"kk-star-ratings kksr-auto kksr-align-left kksr-valign-top\"\n    data-payload='{&quot;align&quot;:&quot;left&quot;,&quot;id&quot;:&quot;2363&quot;,&quot;slug&quot;:&quot;default&quot;,&quot;valign&quot;:&quot;top&quot;,&quot;ignore&quot;:&quot;&quot;,&quot;reference&quot;:&quot;auto&quot;,&quot;class&quot;:&quot;&quot;,&quot;count&quot;:&quot;0&quot;,&quot;legendonly&quot;:&quot;&quot;,&quot;readonly&quot;:&quot;&quot;,&quot;score&quot;:&quot;0&quot;,&quot;starsonly&quot;:&quot;&quot;,&quot;best&quot;:&quot;5&quot;,&quot;gap&quot;:&quot;5&quot;,&quot;greet&quot;:&quot;Rate this post&quot;,&quot;legend&quot;:&quot;0\\\/5 - (0 votes)&quot;,&quot;size&quot;:&quot;24&quot;,&quot;title&quot;:&quot;\u00bfSab\u00edas que los ojos y la vista tambi\u00e9n envejecen?&quot;,&quot;width&quot;:&quot;0&quot;,&quot;_legend&quot;:&quot;{score}\\\/{best} - ({count} {votes})&quot;,&quot;font_factor&quot;:&quot;1.25&quot;}'>\n            \n<div class=\"kksr-stars\">\n    \n<div class=\"kksr-stars-inactive\">\n            <div class=\"kksr-star\" data-star=\"1\" style=\"padding-right: 5px\">\n            \n\n<div class=\"kksr-icon\" style=\"width: 24px; height: 24px;\"><\/div>\n        <\/div>\n            <div class=\"kksr-star\" data-star=\"2\" style=\"padding-right: 5px\">\n            \n\n<div class=\"kksr-icon\" style=\"width: 24px; height: 24px;\"><\/div>\n        <\/div>\n            <div class=\"kksr-star\" data-star=\"3\" style=\"padding-right: 5px\">\n            \n\n<div class=\"kksr-icon\" style=\"width: 24px; height: 24px;\"><\/div>\n        <\/div>\n            <div class=\"kksr-star\" data-star=\"4\" style=\"padding-right: 5px\">\n            \n\n<div class=\"kksr-icon\" style=\"width: 24px; height: 24px;\"><\/div>\n        <\/div>\n            <div class=\"kksr-star\" data-star=\"5\" style=\"padding-right: 5px\">\n            \n\n<div class=\"kksr-icon\" style=\"width: 24px; height: 24px;\"><\/div>\n        <\/div>\n    <\/div>\n    \n<div class=\"kksr-stars-active\" style=\"width: 0px;\">\n            <div class=\"kksr-star\" style=\"padding-right: 5px\">\n            \n\n<div class=\"kksr-icon\" style=\"width: 24px; height: 24px;\"><\/div>\n        <\/div>\n            <div class=\"kksr-star\" style=\"padding-right: 5px\">\n            \n\n<div class=\"kksr-icon\" style=\"width: 24px; height: 24px;\"><\/div>\n        <\/div>\n            <div class=\"kksr-star\" style=\"padding-right: 5px\">\n            \n\n<div class=\"kksr-icon\" style=\"width: 24px; height: 24px;\"><\/div>\n        <\/div>\n            <div class=\"kksr-star\" style=\"padding-right: 5px\">\n            \n\n<div class=\"kksr-icon\" style=\"width: 24px; height: 24px;\"><\/div>\n        <\/div>\n            <div class=\"kksr-star\" style=\"padding-right: 5px\">\n            \n\n<div class=\"kksr-icon\" style=\"width: 24px; height: 24px;\"><\/div>\n        <\/div>\n    <\/div>\n<\/div>\n                \n\n<div class=\"kksr-legend\" style=\"font-size: 19.2px;\">\n            <span class=\"kksr-muted\">Rate this post<\/span>\n    <\/div>\n    <\/div>\n\n<div class=\"modelArticuloCanal templateHtmlMainPage\">\n<div class=\"articuloCuerpo\">\n<div class=\"articuloContenido\">\n<div class=\"contentImageContainer\"><img loading=\"lazy\" decoding=\"async\" src=\"https:\/\/www.tucanaldesalud.es\/es\/canalciencia\/articulos\/sabias-ojos-vista-envejecen.ficheros\/2870090-vista-ojos-envejece.jpg\" alt=\"\u00bfSab\u00edas que los ojos y la vista tambi\u00e9n envejecen?\" width=\"800\" height=\"700\" class=\"contentImage\"\/><\/div>\n<div class=\"contentTextContainer\">\n<div class=\"contentChannel canalciencia\"><a class=\"cmContentLink\" href=\"https:\/\/www.tucanaldesalud.es\/canalciencia\">Canal ciencia<\/a><\/div>\n<p><!--[LINK]--><\/p>\n<div class=\"contentInfo\"><span class=\"contentDatePlace\"><span class=\"contentDate\">13 de diciembre de 2022<\/span> <\/span><span class=\"contentTitle\">\u00bfSab\u00edas que los ojos y la vista tambi\u00e9n envejecen?<\/span> <span class=\"contentAltText\">Conoce las enfermedades oculares relacionadas con el envejecimiento y c\u00f3mo se manifiestan<\/span> <span class=\"contentDescription\">\u00bfVes peor con los a\u00f1os? \u00bfSientes que has perdido vista desde que cumpliste los 40? \u00bfEl aspecto de tus p\u00e1rpados ha cambiado con la edad? Detr\u00e1s de todos estos cambios se encuentra el envejecimiento ocular, que es un proceso natural asociado &#8230;<\/span> <span class=\"buttonSeguirLeyendo\" style=\"display: none\">Seguir leyendo&#8230;<\/span><\/div>\n<p><!--[\/LINK]--><\/div>\n<\/div>\n<\/div>\n<\/div>\n<p\/><a href=\"https:\/\/www.tucanaldesalud.es\/es\/canalciencia\/articulos\/sabias-ojos-vista-envejecen\">Fuente<\/a><\/p>\n","protected":false},"excerpt":{"rendered":"<p>Canal ciencia 13 de diciembre de 2022 \u00bfSab\u00edas que los ojos y la vista tambi\u00e9n envejecen? Conoce las enfermedades oculares relacionadas con el envejecimiento y c\u00f3mo se manifiestan \u00bfVes peor con los a\u00f1os? \u00bfSientes que has perdido vista desde que cumpliste los 40? \u00bfEl aspecto de tus p\u00e1rpados ha cambiado<\/p>\n","protected":false},"author":2,"featured_media":0,"comment_status":"closed","ping_status":"closed","sticky":false,"template":"","format":"standard","meta":{"footnotes":""},"categories":[5],"tags":[],"class_list":["post-2363","post","type-post","status-publish","format-standard","hentry","category-prensa"],"publishpress_future_action":{"enabled":false,"date":"2026-05-02 04:45:43","action":"change-status","newStatus":"draft","terms":[],"taxonomy":"category","extraData":[]},"publishpress_future_workflow_manual_trigger":{"enabledWorkflows":[]},"_links":{"self":[{"href":"https:\/\/hlrnet.net\/sites\/actu-es\/wp-json\/wp\/v2\/posts\/2363","targetHints":{"allow":["GET"]}}],"collection":[{"href":"https:\/\/hlrnet.net\/sites\/actu-es\/wp-json\/wp\/v2\/posts"}],"about":[{"href":"https:\/\/hlrnet.net\/sites\/actu-es\/wp-json\/wp\/v2\/types\/post"}],"author":[{"embeddable":true,"href":"https:\/\/hlrnet.net\/sites\/actu-es\/wp-json\/wp\/v2\/users\/2"}],"replies":[{"embeddable":true,"href":"https:\/\/hlrnet.net\/sites\/actu-es\/wp-json\/wp\/v2\/comments?post=2363"}],"version-history":[{"count":0,"href":"https:\/\/hlrnet.net\/sites\/actu-es\/wp-json\/wp\/v2\/posts\/2363\/revisions"}],"wp:attachment":[{"href":"https:\/\/hlrnet.net\/sites\/actu-es\/wp-json\/wp\/v2\/media?parent=2363"}],"wp:term":[{"taxonomy":"category","embeddable":true,"href":"https:\/\/hlrnet.net\/sites\/actu-es\/wp-json\/wp\/v2\/categories?post=2363"},{"taxonomy":"post_tag","embeddable":true,"href":"https:\/\/hlrnet.net\/sites\/actu-es\/wp-json\/wp\/v2\/tags?post=2363"}],"curies":[{"name":"wp","href":"https:\/\/api.w.org\/{rel}","templated":true}]}}