{"id":2385,"date":"2022-12-21T10:57:51","date_gmt":"2022-12-21T10:57:51","guid":{"rendered":"http:\/\/coooaoptometria.com\/?p=5713"},"modified":"2022-12-21T10:57:51","modified_gmt":"2022-12-21T10:57:51","slug":"la-falta-a-las-actividades-formativas-debe-estar-justificada","status":"publish","type":"post","link":"https:\/\/hlrnet.net\/sites\/actu-es\/2022\/12\/21\/la-falta-a-las-actividades-formativas-debe-estar-justificada\/","title":{"rendered":"La falta a las actividades formativas debe estar justificada"},"content":{"rendered":"\n\n<div class=\"kk-star-ratings kksr-auto kksr-align-left kksr-valign-top\"\n    data-payload='{&quot;align&quot;:&quot;left&quot;,&quot;id&quot;:&quot;2385&quot;,&quot;slug&quot;:&quot;default&quot;,&quot;valign&quot;:&quot;top&quot;,&quot;ignore&quot;:&quot;&quot;,&quot;reference&quot;:&quot;auto&quot;,&quot;class&quot;:&quot;&quot;,&quot;count&quot;:&quot;0&quot;,&quot;legendonly&quot;:&quot;&quot;,&quot;readonly&quot;:&quot;&quot;,&quot;score&quot;:&quot;0&quot;,&quot;starsonly&quot;:&quot;&quot;,&quot;best&quot;:&quot;5&quot;,&quot;gap&quot;:&quot;5&quot;,&quot;greet&quot;:&quot;Rate this post&quot;,&quot;legend&quot;:&quot;0\\\/5 - (0 votes)&quot;,&quot;size&quot;:&quot;24&quot;,&quot;title&quot;:&quot;La falta a las actividades formativas debe estar justificada&quot;,&quot;width&quot;:&quot;0&quot;,&quot;_legend&quot;:&quot;{score}\\\/{best} - ({count} {votes})&quot;,&quot;font_factor&quot;:&quot;1.25&quot;}'>\n            \n<div class=\"kksr-stars\">\n    \n<div class=\"kksr-stars-inactive\">\n            <div class=\"kksr-star\" data-star=\"1\" style=\"padding-right: 5px\">\n            \n\n<div class=\"kksr-icon\" style=\"width: 24px; height: 24px;\"><\/div>\n        <\/div>\n            <div class=\"kksr-star\" data-star=\"2\" style=\"padding-right: 5px\">\n            \n\n<div class=\"kksr-icon\" style=\"width: 24px; height: 24px;\"><\/div>\n        <\/div>\n            <div class=\"kksr-star\" data-star=\"3\" style=\"padding-right: 5px\">\n            \n\n<div class=\"kksr-icon\" style=\"width: 24px; height: 24px;\"><\/div>\n        <\/div>\n            <div class=\"kksr-star\" data-star=\"4\" style=\"padding-right: 5px\">\n            \n\n<div class=\"kksr-icon\" style=\"width: 24px; height: 24px;\"><\/div>\n        <\/div>\n            <div class=\"kksr-star\" data-star=\"5\" style=\"padding-right: 5px\">\n            \n\n<div class=\"kksr-icon\" style=\"width: 24px; height: 24px;\"><\/div>\n        <\/div>\n    <\/div>\n    \n<div class=\"kksr-stars-active\" style=\"width: 0px;\">\n            <div class=\"kksr-star\" style=\"padding-right: 5px\">\n            \n\n<div class=\"kksr-icon\" style=\"width: 24px; height: 24px;\"><\/div>\n        <\/div>\n            <div class=\"kksr-star\" style=\"padding-right: 5px\">\n            \n\n<div class=\"kksr-icon\" style=\"width: 24px; height: 24px;\"><\/div>\n        <\/div>\n            <div class=\"kksr-star\" style=\"padding-right: 5px\">\n            \n\n<div class=\"kksr-icon\" style=\"width: 24px; height: 24px;\"><\/div>\n        <\/div>\n            <div class=\"kksr-star\" style=\"padding-right: 5px\">\n            \n\n<div class=\"kksr-icon\" style=\"width: 24px; height: 24px;\"><\/div>\n        <\/div>\n            <div class=\"kksr-star\" style=\"padding-right: 5px\">\n            \n\n<div class=\"kksr-icon\" style=\"width: 24px; height: 24px;\"><\/div>\n        <\/div>\n    <\/div>\n<\/div>\n                \n\n<div class=\"kksr-legend\" style=\"font-size: 19.2px;\">\n            <span class=\"kksr-muted\">Rate this post<\/span>\n    <\/div>\n    <\/div>\n\n<p><img decoding=\"async\" loading=\"lazy\" data-attachment-id=\"5843\" data-permalink=\"https:\/\/coooaoptometria.com\/2022\/12\/21\/la-falta-a-las-actividades-formativas-debe-estar-justificada\/formacion-20\/\" data-orig-file=\"https:\/\/coooaoptometria.files.wordpress.com\/2022\/12\/formacion.png\" data-orig-size=\"900,600\" data-comments-opened=\"1\" data-image-meta=\"{&quot;aperture&quot;:&quot;0&quot;,&quot;credit&quot;:&quot;&quot;,&quot;camera&quot;:&quot;&quot;,&quot;caption&quot;:&quot;&quot;,&quot;created_timestamp&quot;:&quot;0&quot;,&quot;copyright&quot;:&quot;&quot;,&quot;focal_length&quot;:&quot;0&quot;,&quot;iso&quot;:&quot;0&quot;,&quot;shutter_speed&quot;:&quot;0&quot;,&quot;title&quot;:&quot;&quot;,&quot;orientation&quot;:&quot;0&quot;}\" data-image-title=\"formacion\" data-image-description=\"\" data-image-caption=\"\" data-medium-file=\"https:\/\/coooaoptometria.files.wordpress.com\/2022\/12\/formacion.png?w=300\" data-large-file=\"https:\/\/coooaoptometria.files.wordpress.com\/2022\/12\/formacion.png?w=700\" class=\"aligncenter size-large wp-image-5843\" src=\"https:\/\/coooaoptometria.files.wordpress.com\/2022\/12\/formacion.png?w=700\" alt=\"\" width=\"700\" height=\"467\" srcset=\"https:\/\/coooaoptometria.files.wordpress.com\/2022\/12\/formacion.png?w=700 700w, https:\/\/coooaoptometria.files.wordpress.com\/2022\/12\/formacion.png?w=150 150w, https:\/\/coooaoptometria.files.wordpress.com\/2022\/12\/formacion.png?w=300 300w, https:\/\/coooaoptometria.files.wordpress.com\/2022\/12\/formacion.png?w=768 768w, https:\/\/coooaoptometria.files.wordpress.com\/2022\/12\/formacion.png 900w\" sizes=\"auto, (max-width: 700px) 100vw, 700px\"><\/p>\n<p>Estimad@s compa\u00f1er@s<\/p>\n<p>Para evitar situaciones como las que se han producido recientemente, os recordamos que las faltas a las actividades formativas, ya sean presenciales, online streaming o por visionado, organizadas u en cooperaci\u00f3n con este Colegio Oficial, deben ser justificadas.<\/p>\n<p>Esta justificaci\u00f3n debe realizarse tanto en las actividades subvencionadas parcialmente como en las actividades totalmente subvencionadas ya que el Colegio realiza una inversi\u00f3n econ\u00f3mica formativa con los fondos aportados por todos los colegiados que debe ser respetada.<\/p>\n<p>Por otra parte tambi\u00e9n esta falta puede lesionar las demandas deotros compa\u00f1er@s que no hayan podido apuntarse por limitaci\u00f3n de qu\u00f3rum.<\/p>\n<p>Las normas de r\u00e9gimen interno de Programaci\u00f3n formativa indican:<\/p>\n<p><em>7.XV.<\/em><br \/>\n<em>Si un colegiado faltara a un curso o a una sesi\u00f3n cl\u00ednica sin causa justificada se le podr\u00e1 sancionar con un a\u00f1o sin poder asistir a actividades de la programaci\u00f3n formativa del COOOA. <\/em><br \/>\n<em>Por ello la entidad vigila el cumplimiento, visionado y asistencia presencial u online y no va a permitir malas pr\u00e1cticas en el desarrollo de sus actividades formativas.<\/em><\/p>\n<p style=\"text-align: right\"><em>Comisi\u00f3n de Formaci\u00f3n<\/em><\/p>\n<p>Publicado en <a href=\"https:\/\/coooaoptometria.com\/2022\/12\/21\/la-falta-a-las-actividades-formativas-debe-estar-justificada\/\" class=\"autohyperlink\">coooaoptometria.com\/2022\/12\/21\/la-falta-a-las-actividades-formativas-debe-estar-justificada\/<\/a><\/p>\n","protected":false},"excerpt":{"rendered":"<p>Estimad@s compa\u00f1er@s Para evitar situaciones como las que se han producido recientemente, os recordamos que las faltas a las actividades formativas, ya sean presenciales, online streaming o por visionado, organizadas u en cooperaci\u00f3n con este Colegio Oficial, deben ser justificadas. Esta justificaci\u00f3n debe realizarse tanto en las actividades subvencionadas parcialmente<\/p>\n","protected":false},"author":2,"featured_media":0,"comment_status":"closed","ping_status":"closed","sticky":false,"template":"","format":"standard","meta":{"footnotes":""},"categories":[10,4],"tags":[],"class_list":["post-2385","post","type-post","status-publish","format-standard","hentry","category-cuidado-ocular","category-espana"],"publishpress_future_action":{"enabled":false,"date":"2026-05-02 07:19:21","action":"change-status","newStatus":"draft","terms":[],"taxonomy":"category","extraData":[]},"publishpress_future_workflow_manual_trigger":{"enabledWorkflows":[]},"_links":{"self":[{"href":"https:\/\/hlrnet.net\/sites\/actu-es\/wp-json\/wp\/v2\/posts\/2385","targetHints":{"allow":["GET"]}}],"collection":[{"href":"https:\/\/hlrnet.net\/sites\/actu-es\/wp-json\/wp\/v2\/posts"}],"about":[{"href":"https:\/\/hlrnet.net\/sites\/actu-es\/wp-json\/wp\/v2\/types\/post"}],"author":[{"embeddable":true,"href":"https:\/\/hlrnet.net\/sites\/actu-es\/wp-json\/wp\/v2\/users\/2"}],"replies":[{"embeddable":true,"href":"https:\/\/hlrnet.net\/sites\/actu-es\/wp-json\/wp\/v2\/comments?post=2385"}],"version-history":[{"count":0,"href":"https:\/\/hlrnet.net\/sites\/actu-es\/wp-json\/wp\/v2\/posts\/2385\/revisions"}],"wp:attachment":[{"href":"https:\/\/hlrnet.net\/sites\/actu-es\/wp-json\/wp\/v2\/media?parent=2385"}],"wp:term":[{"taxonomy":"category","embeddable":true,"href":"https:\/\/hlrnet.net\/sites\/actu-es\/wp-json\/wp\/v2\/categories?post=2385"},{"taxonomy":"post_tag","embeddable":true,"href":"https:\/\/hlrnet.net\/sites\/actu-es\/wp-json\/wp\/v2\/tags?post=2385"}],"curies":[{"name":"wp","href":"https:\/\/api.w.org\/{rel}","templated":true}]}}