{"id":2389,"date":"2022-12-21T10:57:31","date_gmt":"2022-12-21T10:57:31","guid":{"rendered":"http:\/\/coooaoptometria.com\/?p=5705"},"modified":"2022-12-21T10:57:31","modified_gmt":"2022-12-21T10:57:31","slug":"el-coooa-pionero-en-el-sector-optico-para-la-reduccion-de-la-huella-de-carbono","status":"publish","type":"post","link":"https:\/\/hlrnet.net\/sites\/actu-es\/2022\/12\/21\/el-coooa-pionero-en-el-sector-optico-para-la-reduccion-de-la-huella-de-carbono\/","title":{"rendered":"El COOOA, pionero en el sector \u00f3ptico para la reducci\u00f3n de la huella de carbono"},"content":{"rendered":"\n\n<div class=\"kk-star-ratings kksr-auto kksr-align-left kksr-valign-top\"\n    data-payload='{&quot;align&quot;:&quot;left&quot;,&quot;id&quot;:&quot;2389&quot;,&quot;slug&quot;:&quot;default&quot;,&quot;valign&quot;:&quot;top&quot;,&quot;ignore&quot;:&quot;&quot;,&quot;reference&quot;:&quot;auto&quot;,&quot;class&quot;:&quot;&quot;,&quot;count&quot;:&quot;0&quot;,&quot;legendonly&quot;:&quot;&quot;,&quot;readonly&quot;:&quot;&quot;,&quot;score&quot;:&quot;0&quot;,&quot;starsonly&quot;:&quot;&quot;,&quot;best&quot;:&quot;5&quot;,&quot;gap&quot;:&quot;5&quot;,&quot;greet&quot;:&quot;Rate this post&quot;,&quot;legend&quot;:&quot;0\\\/5 - (0 votes)&quot;,&quot;size&quot;:&quot;24&quot;,&quot;title&quot;:&quot;El COOOA, pionero en el sector \u00f3ptico para la reducci\u00f3n de la huella de carbono&quot;,&quot;width&quot;:&quot;0&quot;,&quot;_legend&quot;:&quot;{score}\\\/{best} - ({count} {votes})&quot;,&quot;font_factor&quot;:&quot;1.25&quot;}'>\n            \n<div class=\"kksr-stars\">\n    \n<div class=\"kksr-stars-inactive\">\n            <div class=\"kksr-star\" data-star=\"1\" style=\"padding-right: 5px\">\n            \n\n<div class=\"kksr-icon\" style=\"width: 24px; height: 24px;\"><\/div>\n        <\/div>\n            <div class=\"kksr-star\" data-star=\"2\" style=\"padding-right: 5px\">\n            \n\n<div class=\"kksr-icon\" style=\"width: 24px; height: 24px;\"><\/div>\n        <\/div>\n            <div class=\"kksr-star\" data-star=\"3\" style=\"padding-right: 5px\">\n            \n\n<div class=\"kksr-icon\" style=\"width: 24px; height: 24px;\"><\/div>\n        <\/div>\n            <div class=\"kksr-star\" data-star=\"4\" style=\"padding-right: 5px\">\n            \n\n<div class=\"kksr-icon\" style=\"width: 24px; height: 24px;\"><\/div>\n        <\/div>\n            <div class=\"kksr-star\" data-star=\"5\" style=\"padding-right: 5px\">\n            \n\n<div class=\"kksr-icon\" style=\"width: 24px; height: 24px;\"><\/div>\n        <\/div>\n    <\/div>\n    \n<div class=\"kksr-stars-active\" style=\"width: 0px;\">\n            <div class=\"kksr-star\" style=\"padding-right: 5px\">\n            \n\n<div class=\"kksr-icon\" style=\"width: 24px; height: 24px;\"><\/div>\n        <\/div>\n            <div class=\"kksr-star\" style=\"padding-right: 5px\">\n            \n\n<div class=\"kksr-icon\" style=\"width: 24px; height: 24px;\"><\/div>\n        <\/div>\n            <div class=\"kksr-star\" style=\"padding-right: 5px\">\n            \n\n<div class=\"kksr-icon\" style=\"width: 24px; height: 24px;\"><\/div>\n        <\/div>\n            <div class=\"kksr-star\" style=\"padding-right: 5px\">\n            \n\n<div class=\"kksr-icon\" style=\"width: 24px; height: 24px;\"><\/div>\n        <\/div>\n            <div class=\"kksr-star\" style=\"padding-right: 5px\">\n            \n\n<div class=\"kksr-icon\" style=\"width: 24px; height: 24px;\"><\/div>\n        <\/div>\n    <\/div>\n<\/div>\n                \n\n<div class=\"kksr-legend\" style=\"font-size: 19.2px;\">\n            <span class=\"kksr-muted\">Rate this post<\/span>\n    <\/div>\n    <\/div>\n<br \/>\n<h3>Desde que se recopilan datos clim\u00e1ticos no existen precedentes de fen\u00f3menos meteorol\u00f3gicos tan violentos y extremos que alertan a la comunidad cient\u00edfica y a la opini\u00f3n p\u00fablica. Sequ\u00edas, inundaciones, olas de calor interminables como las de este pasado verano, el m\u00e1s caluroso en 61 a\u00f1os seg\u00fan la Agencia Estatal de Meteorolog\u00eda, as\u00ed como el oto\u00f1o caluroso y seco que hemos pasado, nos est\u00e1n avisando de que debemos adoptar medidas frente al cambio clim\u00e1tico.<\/h3>\n<p>&nbsp;<\/p>\n<p><strong><img decoding=\"async\" loading=\"lazy\" data-attachment-id=\"5801\" data-permalink=\"https:\/\/coooaoptometria.com\/2022\/12\/21\/el-coooa-pionero-en-el-sector-optico-para-la-reduccion-de-la-huella-de-carbono\/huella-carbono-coooa\/\" data-orig-file=\"https:\/\/coooaoptometria.files.wordpress.com\/2022\/12\/huella-carbono-coooa.jpg\" data-orig-size=\"900,577\" data-comments-opened=\"1\" data-image-meta=\"{&quot;aperture&quot;:&quot;0&quot;,&quot;credit&quot;:&quot;&quot;,&quot;camera&quot;:&quot;&quot;,&quot;caption&quot;:&quot;&quot;,&quot;created_timestamp&quot;:&quot;0&quot;,&quot;copyright&quot;:&quot;&quot;,&quot;focal_length&quot;:&quot;0&quot;,&quot;iso&quot;:&quot;0&quot;,&quot;shutter_speed&quot;:&quot;0&quot;,&quot;title&quot;:&quot;&quot;,&quot;orientation&quot;:&quot;1&quot;}\" data-image-title=\"huella carbono coooa\" data-image-description=\"\" data-image-caption=\"\" data-medium-file=\"https:\/\/coooaoptometria.files.wordpress.com\/2022\/12\/huella-carbono-coooa.jpg?w=300\" data-large-file=\"https:\/\/coooaoptometria.files.wordpress.com\/2022\/12\/huella-carbono-coooa.jpg?w=700\" class=\"aligncenter size-large wp-image-5801\" src=\"https:\/\/coooaoptometria.files.wordpress.com\/2022\/12\/huella-carbono-coooa.jpg?w=700\" alt=\"\" width=\"700\" height=\"449\" srcset=\"https:\/\/coooaoptometria.files.wordpress.com\/2022\/12\/huella-carbono-coooa.jpg?w=700 700w, https:\/\/coooaoptometria.files.wordpress.com\/2022\/12\/huella-carbono-coooa.jpg?w=150 150w, https:\/\/coooaoptometria.files.wordpress.com\/2022\/12\/huella-carbono-coooa.jpg?w=300 300w, https:\/\/coooaoptometria.files.wordpress.com\/2022\/12\/huella-carbono-coooa.jpg?w=768 768w, https:\/\/coooaoptometria.files.wordpress.com\/2022\/12\/huella-carbono-coooa.jpg 900w\" sizes=\"auto, (max-width: 700px) 100vw, 700px\"><\/strong><\/p>\n<p>La <strong>Organizaci\u00f3n de las Naciones Unidas<\/strong> define este concepto como \u201cun cambio en el clima atribuible directa o indirectamente a la actividad humana que altera la composici\u00f3n de la atm\u00f3sfera mundial y que se suma a la variabilidad natural del clima observada durante periodos comparables\u201d.<\/p>\n<p>La \u00fanica soluci\u00f3n que est\u00e1 en nuestra mano contra el cambio clim\u00e1tico es <strong>reducir las emisiones de gases de efecto invernadero<\/strong>. Para realizar este cometido, primero es necesario medirlas, por ello se crea el concepto de <strong>huella de carbono<\/strong> que, seg\u00fan la UK Carbon Trust, se define como \u201cla totalidad de gases de efecto invernadero (GEI) emitidos por efecto directo o indirecto de un individuo, organizaci\u00f3n, evento o producto\u201d. Es decir, la medida en la que una persona, entidad o instituci\u00f3n contribuye a la emisi\u00f3n de los gases de efecto invernadero, en especial el di\u00f3xido de carbono (CO2).<\/p>\n<p>La <strong>medici\u00f3n de la huella de carbono<\/strong> es un elemento diferenciador que genera <strong>aut\u00e9nticos beneficios para las organizaciones en el \u00e1mbito de la eficiencia energ\u00e9tica y la imagen corporativa<\/strong>, debido a la mayor sensibilizaci\u00f3n de los consumidores y la sociedad con la problem\u00e1tica y efectos del cambio clim\u00e1tico. Adem\u00e1s, mejora su imagen y reputaci\u00f3n y demuestra su compromiso con el desarrollo sostenible y la lucha frente al cambio clim\u00e1tico. Por otro lado, tambi\u00e9n da respuesta a nuevas exigencias de clientes e inversores, ayuda a clientes, consumidores e inversores en su toma de decisiones ofreciendo informaci\u00f3n veraz y fiable en un mercado que valora preferentemente a las empresas y productos m\u00e1s sostenibles. Tambi\u00e9n nos permite identificar <strong>potenciales ahorros y oportunidades de acceso a nuevos mercados y contribuir a la creaci\u00f3n de productos y servicios neutros en carbono<\/strong>, alineados con la demanda social actual.<\/p>\n<p>Con los mismos m\u00e9todos que grandes empresas como Acciona, Banco Santander, Hoteles Meli\u00e1\u2026 ya han puesto en marcha, y de la mano de una multinacional de gran relevancia como <strong>ClimateTrade<\/strong>, en el <strong>Colegio Oficial de \u00d3pticos-Optometristas de Andaluc\u00eda<\/strong> estamos preparados para <strong>tomar la iniciativa dentro del sector<\/strong> para medir y compensar nuestras emisiones con la intenci\u00f3n de convocar al mayor n\u00famero posible de colegiados y ofrecer una imagen de responsabilidad social y medioambiental.<\/p>\n<p>La conexi\u00f3n entre clima y salud est\u00e1 poniendo de relieve un aumento de <strong>alergias, problemas respiratorios y trastornos en la salud ocular<\/strong>. Por ello, el sector \u00f3ptico no deber\u00eda permanecer est\u00e1tico ante el escenario actual. Ser\u00eda acertado considerar como una prioridad ineludible la disminuci\u00f3n de nuestra huella de carbono colectiva y hacerlo con iniciativas conjuntas entre nosotros los colegiados y, adicionalmente, con clientes, proveedores, fabricantes y distribuidores.<\/p>\n<p>Individualmente podemos hacer mucho, pero las <strong>medidas colectivas tienen mayor calado<\/strong>. La producci\u00f3n y transporte sostenibles, la eliminaci\u00f3n y reciclaje de embalajes, displays publicitarios, de lentes oft\u00e1lmicas, de lentes de contacto y monturas despu\u00e9s de su vida \u00fatil y de residuos en general son cuestiones que preocupan cada vez m\u00e1s a los consumidores.<\/p>\n<p>La mayor concienciaci\u00f3n de estos con el cuidado del medio ambiente y el planeta est\u00e1 generando un <strong>aumento de la demanda de productos sostenibles<\/strong>. Este consumo, m\u00e1s responsable, hace que a estas personas no les importe pagar m\u00e1s por art\u00edculos m\u00e1s respetuosos con el medio ambiente. De hecho, <strong>esta actitud crece ostensiblemente en las nuevas generaciones<\/strong>. Seg\u00fan un informe de Forbes de 2019, el 54% de la \u2018Generaci\u00f3n Z\u2019 (con edades entre los 6 y los 24 a\u00f1os) est\u00e1n dispuestos a asumir un incremento del 10% o m\u00e1s en productos sostenibles. El 50% de \u2018Millennials\u2019 (entre 25 y 40 a\u00f1os) opinan igual, y lo mismo sucede con el 34% de la \u2018Generaci\u00f3n X\u2019 (de 41 a 56 a\u00f1os) y con el 23% de \u2018Baby Boomers\u2019 (57 a 75 a\u00f1os).<\/p>\n<p><div data-shortcode=\"caption\" id=\"attachment_5802\" style=\"width: 710px\" class=\"wp-caption aligncenter\"><img decoding=\"async\" loading=\"lazy\" aria-describedby=\"caption-attachment-5802\" data-attachment-id=\"5802\" data-permalink=\"https:\/\/coooaoptometria.com\/2022\/12\/21\/el-coooa-pionero-en-el-sector-optico-para-la-reduccion-de-la-huella-de-carbono\/huella-carbono-2\/\" data-orig-file=\"https:\/\/coooaoptometria.files.wordpress.com\/2022\/12\/huella-carbono-2.jpg\" data-orig-size=\"960,699\" data-comments-opened=\"1\" data-image-meta=\"{&quot;aperture&quot;:&quot;0&quot;,&quot;credit&quot;:&quot;&quot;,&quot;camera&quot;:&quot;&quot;,&quot;caption&quot;:&quot;&quot;,&quot;created_timestamp&quot;:&quot;0&quot;,&quot;copyright&quot;:&quot;&quot;,&quot;focal_length&quot;:&quot;0&quot;,&quot;iso&quot;:&quot;0&quot;,&quot;shutter_speed&quot;:&quot;0&quot;,&quot;title&quot;:&quot;&quot;,&quot;orientation&quot;:&quot;1&quot;}\" data-image-title=\"huella carbono 2\" data-image-description=\"\" data-image-caption=\"\" data-medium-file=\"https:\/\/coooaoptometria.files.wordpress.com\/2022\/12\/huella-carbono-2.jpg?w=300\" data-large-file=\"https:\/\/coooaoptometria.files.wordpress.com\/2022\/12\/huella-carbono-2.jpg?w=700\" class=\"wp-image-5802 size-large\" src=\"https:\/\/coooaoptometria.files.wordpress.com\/2022\/12\/huella-carbono-2.jpg?w=700\" alt=\"\" width=\"700\" height=\"510\" srcset=\"https:\/\/coooaoptometria.files.wordpress.com\/2022\/12\/huella-carbono-2.jpg?w=700 700w, https:\/\/coooaoptometria.files.wordpress.com\/2022\/12\/huella-carbono-2.jpg?w=150 150w, https:\/\/coooaoptometria.files.wordpress.com\/2022\/12\/huella-carbono-2.jpg?w=300 300w, https:\/\/coooaoptometria.files.wordpress.com\/2022\/12\/huella-carbono-2.jpg?w=768 768w, https:\/\/coooaoptometria.files.wordpress.com\/2022\/12\/huella-carbono-2.jpg 960w\" sizes=\"auto, (max-width: 700px) 100vw, 700px\"><\/p>\n<p id=\"caption-attachment-5802\" class=\"wp-caption-text\">Blanca Fern\u00e1ndez, decana-presidenta del COOOA, junto a Francisco Agenjo, colegiado andaluz \u00f3ptico-optometrista colaborador con ClimateTrade<\/p>\n<\/div>\n<p>&nbsp;<\/p>\n<p style=\"text-align: right\"><em>Francisco Agenjo Fern\u00e1ndez, \u00f3ptico-optometrista, colegiado n\u00ba 9951<\/em><\/p>\n<p>Publicado en <a href=\"https:\/\/coooaoptometria.com\/2022\/12\/21\/el-coooa-pionero-en-el-sector-optico-para-la-reduccion-de-la-huella-de-carbono\/\" class=\"autohyperlink\">coooaoptometria.com\/2022\/12\/21\/el-coooa-pionero-en-el-sector-optico-para-la-reduccion-de-la-huella-de-carbono\/<\/a><\/p>\n","protected":false},"excerpt":{"rendered":"<p>Desde que se recopilan datos clim\u00e1ticos no existen precedentes de fen\u00f3menos meteorol\u00f3gicos tan violentos y extremos que alertan a la comunidad cient\u00edfica y a la opini\u00f3n p\u00fablica. Sequ\u00edas, inundaciones, olas de calor interminables como las de este pasado verano, el m\u00e1s caluroso en 61 a\u00f1os seg\u00fan la Agencia Estatal de<\/p>\n","protected":false},"author":2,"featured_media":0,"comment_status":"closed","ping_status":"closed","sticky":false,"template":"","format":"standard","meta":{"footnotes":""},"categories":[10,4],"tags":[],"class_list":["post-2389","post","type-post","status-publish","format-standard","hentry","category-cuidado-ocular","category-espana"],"publishpress_future_action":{"enabled":false,"date":"2026-05-02 09:00:41","action":"change-status","newStatus":"draft","terms":[],"taxonomy":"category","extraData":[]},"publishpress_future_workflow_manual_trigger":{"enabledWorkflows":[]},"_links":{"self":[{"href":"https:\/\/hlrnet.net\/sites\/actu-es\/wp-json\/wp\/v2\/posts\/2389","targetHints":{"allow":["GET"]}}],"collection":[{"href":"https:\/\/hlrnet.net\/sites\/actu-es\/wp-json\/wp\/v2\/posts"}],"about":[{"href":"https:\/\/hlrnet.net\/sites\/actu-es\/wp-json\/wp\/v2\/types\/post"}],"author":[{"embeddable":true,"href":"https:\/\/hlrnet.net\/sites\/actu-es\/wp-json\/wp\/v2\/users\/2"}],"replies":[{"embeddable":true,"href":"https:\/\/hlrnet.net\/sites\/actu-es\/wp-json\/wp\/v2\/comments?post=2389"}],"version-history":[{"count":0,"href":"https:\/\/hlrnet.net\/sites\/actu-es\/wp-json\/wp\/v2\/posts\/2389\/revisions"}],"wp:attachment":[{"href":"https:\/\/hlrnet.net\/sites\/actu-es\/wp-json\/wp\/v2\/media?parent=2389"}],"wp:term":[{"taxonomy":"category","embeddable":true,"href":"https:\/\/hlrnet.net\/sites\/actu-es\/wp-json\/wp\/v2\/categories?post=2389"},{"taxonomy":"post_tag","embeddable":true,"href":"https:\/\/hlrnet.net\/sites\/actu-es\/wp-json\/wp\/v2\/tags?post=2389"}],"curies":[{"name":"wp","href":"https:\/\/api.w.org\/{rel}","templated":true}]}}