{"id":2403,"date":"2022-12-21T10:56:57","date_gmt":"2022-12-21T10:56:57","guid":{"rendered":"http:\/\/coooaoptometria.com\/?p=5692"},"modified":"2022-12-21T10:56:57","modified_gmt":"2022-12-21T10:56:57","slug":"el-cgcoo-presenta-la-campana-nacional-nos-importas-tu-para-concienciar-sobre-la-importancia-de-los-opticos-optometristas-como-profesionales-sanitarios","status":"publish","type":"post","link":"https:\/\/hlrnet.net\/sites\/actu-es\/2022\/12\/21\/el-cgcoo-presenta-la-campana-nacional-nos-importas-tu-para-concienciar-sobre-la-importancia-de-los-opticos-optometristas-como-profesionales-sanitarios\/","title":{"rendered":"El CGCOO presenta la campa\u00f1a nacional \u2018Nos importas t\u00fa\u2019 para concienciar sobre la importancia de los \u00f3pticos-optometristas como profesionales sanitarios"},"content":{"rendered":"\n\n<div class=\"kk-star-ratings kksr-auto kksr-align-left kksr-valign-top\"\n    data-payload='{&quot;align&quot;:&quot;left&quot;,&quot;id&quot;:&quot;2403&quot;,&quot;slug&quot;:&quot;default&quot;,&quot;valign&quot;:&quot;top&quot;,&quot;ignore&quot;:&quot;&quot;,&quot;reference&quot;:&quot;auto&quot;,&quot;class&quot;:&quot;&quot;,&quot;count&quot;:&quot;0&quot;,&quot;legendonly&quot;:&quot;&quot;,&quot;readonly&quot;:&quot;&quot;,&quot;score&quot;:&quot;0&quot;,&quot;starsonly&quot;:&quot;&quot;,&quot;best&quot;:&quot;5&quot;,&quot;gap&quot;:&quot;5&quot;,&quot;greet&quot;:&quot;Rate this post&quot;,&quot;legend&quot;:&quot;0\\\/5 - (0 votes)&quot;,&quot;size&quot;:&quot;24&quot;,&quot;title&quot;:&quot;El CGCOO presenta la campa\u00f1a nacional \u2018Nos importas t\u00fa\u2019 para concienciar sobre la importancia de los \u00f3pticos-optometristas como profesionales sanitarios&quot;,&quot;width&quot;:&quot;0&quot;,&quot;_legend&quot;:&quot;{score}\\\/{best} - ({count} {votes})&quot;,&quot;font_factor&quot;:&quot;1.25&quot;}'>\n            \n<div class=\"kksr-stars\">\n    \n<div class=\"kksr-stars-inactive\">\n            <div class=\"kksr-star\" data-star=\"1\" style=\"padding-right: 5px\">\n            \n\n<div class=\"kksr-icon\" style=\"width: 24px; height: 24px;\"><\/div>\n        <\/div>\n            <div class=\"kksr-star\" data-star=\"2\" style=\"padding-right: 5px\">\n            \n\n<div class=\"kksr-icon\" style=\"width: 24px; height: 24px;\"><\/div>\n        <\/div>\n            <div class=\"kksr-star\" data-star=\"3\" style=\"padding-right: 5px\">\n            \n\n<div class=\"kksr-icon\" style=\"width: 24px; height: 24px;\"><\/div>\n        <\/div>\n            <div class=\"kksr-star\" data-star=\"4\" style=\"padding-right: 5px\">\n            \n\n<div class=\"kksr-icon\" style=\"width: 24px; height: 24px;\"><\/div>\n        <\/div>\n            <div class=\"kksr-star\" data-star=\"5\" style=\"padding-right: 5px\">\n            \n\n<div class=\"kksr-icon\" style=\"width: 24px; height: 24px;\"><\/div>\n        <\/div>\n    <\/div>\n    \n<div class=\"kksr-stars-active\" style=\"width: 0px;\">\n            <div class=\"kksr-star\" style=\"padding-right: 5px\">\n            \n\n<div class=\"kksr-icon\" style=\"width: 24px; height: 24px;\"><\/div>\n        <\/div>\n            <div class=\"kksr-star\" style=\"padding-right: 5px\">\n            \n\n<div class=\"kksr-icon\" style=\"width: 24px; height: 24px;\"><\/div>\n        <\/div>\n            <div class=\"kksr-star\" style=\"padding-right: 5px\">\n            \n\n<div class=\"kksr-icon\" style=\"width: 24px; height: 24px;\"><\/div>\n        <\/div>\n            <div class=\"kksr-star\" style=\"padding-right: 5px\">\n            \n\n<div class=\"kksr-icon\" style=\"width: 24px; height: 24px;\"><\/div>\n        <\/div>\n            <div class=\"kksr-star\" style=\"padding-right: 5px\">\n            \n\n<div class=\"kksr-icon\" style=\"width: 24px; height: 24px;\"><\/div>\n        <\/div>\n    <\/div>\n<\/div>\n                \n\n<div class=\"kksr-legend\" style=\"font-size: 19.2px;\">\n            <span class=\"kksr-muted\">Rate this post<\/span>\n    <\/div>\n    <\/div>\n\n<p><div data-shortcode=\"caption\" id=\"attachment_5848\" style=\"width: 710px\" class=\"wp-caption aligncenter\"><img decoding=\"async\" loading=\"lazy\" aria-describedby=\"caption-attachment-5848\" data-attachment-id=\"5848\" data-permalink=\"https:\/\/coooaoptometria.com\/2022\/12\/21\/el-cgcoo-presenta-la-campana-nacional-nos-importas-tu-para-concienciar-sobre-la-importancia-de-los-opticos-optometristas-como-profesionales-sanitarios\/nos-importas-tu-2\/\" data-orig-file=\"https:\/\/coooaoptometria.files.wordpress.com\/2022\/12\/nos-importas-tu.jpg\" data-orig-size=\"900,600\" data-comments-opened=\"1\" data-image-meta=\"{&quot;aperture&quot;:&quot;3.5&quot;,&quot;credit&quot;:&quot;&quot;,&quot;camera&quot;:&quot;Canon EOS 77D&quot;,&quot;caption&quot;:&quot;&quot;,&quot;created_timestamp&quot;:&quot;1668510950&quot;,&quot;copyright&quot;:&quot;&quot;,&quot;focal_length&quot;:&quot;18&quot;,&quot;iso&quot;:&quot;500&quot;,&quot;shutter_speed&quot;:&quot;0.016666666666667&quot;,&quot;title&quot;:&quot;&quot;,&quot;orientation&quot;:&quot;1&quot;}\" data-image-title=\"nos importas tu\" data-image-description=\"\" data-image-caption=\"&lt;p&gt;Presentaci\u00f3n nacional de la campa\u00f1a en Madrid, a la que asisti\u00f3 Blanca Fern\u00e1ndez en representaci\u00f3n del COOOA, junto a presidentes y decanos de los colegios auton\u00f3micos participantes en la iniciativa&lt;\/p&gt; \" data-medium-file=\"https:\/\/coooaoptometria.files.wordpress.com\/2022\/12\/nos-importas-tu.jpg?w=300\" data-large-file=\"https:\/\/coooaoptometria.files.wordpress.com\/2022\/12\/nos-importas-tu.jpg?w=700\" class=\"size-large wp-image-5848\" src=\"https:\/\/coooaoptometria.files.wordpress.com\/2022\/12\/nos-importas-tu.jpg?w=700\" alt=\"\" width=\"700\" height=\"467\" srcset=\"https:\/\/coooaoptometria.files.wordpress.com\/2022\/12\/nos-importas-tu.jpg?w=700 700w, https:\/\/coooaoptometria.files.wordpress.com\/2022\/12\/nos-importas-tu.jpg?w=150 150w, https:\/\/coooaoptometria.files.wordpress.com\/2022\/12\/nos-importas-tu.jpg?w=300 300w, https:\/\/coooaoptometria.files.wordpress.com\/2022\/12\/nos-importas-tu.jpg?w=768 768w, https:\/\/coooaoptometria.files.wordpress.com\/2022\/12\/nos-importas-tu.jpg 900w\" sizes=\"auto, (max-width: 700px) 100vw, 700px\"><\/p>\n<p id=\"caption-attachment-5848\" class=\"wp-caption-text\">Presentaci\u00f3n nacional de la campa\u00f1a en Madrid, a la que asisti\u00f3 Blanca Fern\u00e1ndez en representaci\u00f3n del COOOA, junto a presidentes y decanos de los colegios auton\u00f3micos participantes en la iniciativa<\/p>\n<\/div>\n<p>El Consejo General de Colegios de \u00d3pticos-Optometristas (CGCOO) celebr\u00f3 el pasado 15 de noviembre el acto de presentaci\u00f3n de \u2018Nos importas t\u00fa\u2019, una campa\u00f1a de comunicaci\u00f3n a nivel nacional que tiene como objetivo visibilizar y poner en valor el trabajo que desarrollan los \u00f3pticos-optometristas como profesionales sanitarios cualificados que desempe\u00f1an su labor en hospitales p\u00fablicos y privados, cl\u00ednicas oftalmol\u00f3gicas, adem\u00e1s de en las \u00f3pticas. En este sentido, se promover\u00e1 entre la sociedad en general la importancia de tener unos buenos h\u00e1bitos visuales que eviten riesgos para la salud.<\/p>\n<p>La iniciativa fue presentada en la sede del Consejo en Madrid y cont\u00f3 con la presencia de Juan Carlos Mart\u00ednez Moral, presidente del CGCOO, as\u00ed como de decanos-presidentes de los diferentes colegios de \u00f3pticos-optometristas auton\u00f3micos que tambi\u00e9n participan y difunden la campa\u00f1a, como es el caso de Blanca Fern\u00e1ndez, decana-presidenta del Colegio Oficial de \u00d3pticos-Optometristas de Andaluc\u00eda.<\/p>\n<blockquote>\n<p>La iniciativa del CGCOO dar\u00e1 a conocer a nivel nacional la labor que desarrollan estos profesionales en \u00f3pticas y cl\u00ednicas, y pondr\u00e1 en valor las revisiones peri\u00f3dicas como parte de unos buenos h\u00e1bitos visuales, entre otros aspectos<\/p>\n<\/blockquote>\n<p>Juan Carlos Mart\u00ednez Moral destac\u00f3 que la iniciativa tiene como objetivo visibilizar \u201cla gran labor profesional sanitaria de los \u00f3pticos-optometristas como soluci\u00f3n para una atenci\u00f3n y cuidado saludable de los ojos\u201d, a lo que a\u00f1adi\u00f3 que estos profesionales ofrecen a los pacientes \u201catenci\u00f3n primaria, de recepci\u00f3n, de detecci\u00f3n de problemas visuales y es esto lo que queremos transmitir a la sociedad\u201d. El presidente del CGCOO tambi\u00e9n incidi\u00f3 en que \u201clas \u00f3pticas deben tener funciones de \u00f3pticas comunitarias, donde no solamente realicemos nuestra funci\u00f3n profesional, dotando de medios para corregir los defectos visuales de los ciudadanos, sino que adem\u00e1s, debemos dar consejos de salud y de prevenci\u00f3n\u201d.<\/p>\n<blockquote>\n<p>La campa\u00f1a se promocionar\u00e1 en redes sociales con el hashtag #Nosimportast\u00fa y a trav\u00e9s del portal web <a href=\"http:\/\/www.nosimportastu.com\" target=\"_blank\" rel=\"noopener\">www.nosimportastu.com<\/a><\/p>\n<\/blockquote>\n<p>La campa\u00f1a, que se desarrollar\u00e1 hasta febrero, quiere fomentar la importancia de realizar revisiones peri\u00f3dicas con \u00f3pticos-optometristas cualificados, cercanos y de confianza, permitiendo as\u00ed la sospecha patol\u00f3gica y correspondiente detecci\u00f3n temprana de alteraciones oculares como el glaucoma, la retinopat\u00eda diab\u00e9tica, e incluso la prevenci\u00f3n de aquellos problemas que van asociados a la ceguera evitable como es el caso de las cataratas.<br \/>\nTambi\u00e9n pondr\u00e1 el foco en el papel de las \u00f3pticas como establecimientos sanitarios, que ofrecen una atenci\u00f3n cercana y personalizada para cada paciente. Adem\u00e1s, se informar\u00e1 a la ciudadan\u00eda sobre los riesgos que supone la publicidad enga\u00f1osa en el \u00e1mbito sanitario.<\/p>\n<p>Con su eslogan \u2018Nos importas t\u00fa\u2019, la campa\u00f1a quiere trasladar a la sociedad que los \u00f3pticos-optometristas no solo se preocupan por la salud visual, sino que adem\u00e1s est\u00e1n capacitados para reconocer y tratar situaciones relacionadas con el sistema visual. En paralelo, se ha dise\u00f1ado una creatividad que potencia el componente humano, mostrando a diferentes \u00f3pticos-optometristas de la organizaci\u00f3n colegial, identificables con su n\u00famero de colegiado en el ejercicio de sus funciones.<\/p>\n<h2>&gt;&gt; Participaci\u00f3n de todos los Colegios auton\u00f3micos y delegaciones del Colegio Nacional<\/h2>\n<p><div data-shortcode=\"caption\" id=\"attachment_5846\" style=\"width: 710px\" class=\"wp-caption aligncenter\"><img decoding=\"async\" loading=\"lazy\" aria-describedby=\"caption-attachment-5846\" data-attachment-id=\"5846\" data-permalink=\"https:\/\/coooaoptometria.com\/2022\/12\/21\/el-cgcoo-presenta-la-campana-nacional-nos-importas-tu-para-concienciar-sobre-la-importancia-de-los-opticos-optometristas-como-profesionales-sanitarios\/nos-importas-tu\/\" data-orig-file=\"https:\/\/coooaoptometria.files.wordpress.com\/2022\/12\/nos-importas-tu.jpeg\" data-orig-size=\"1600,1066\" data-comments-opened=\"1\" data-image-meta=\"{&quot;aperture&quot;:&quot;0&quot;,&quot;credit&quot;:&quot;&quot;,&quot;camera&quot;:&quot;&quot;,&quot;caption&quot;:&quot;&quot;,&quot;created_timestamp&quot;:&quot;0&quot;,&quot;copyright&quot;:&quot;&quot;,&quot;focal_length&quot;:&quot;0&quot;,&quot;iso&quot;:&quot;0&quot;,&quot;shutter_speed&quot;:&quot;0&quot;,&quot;title&quot;:&quot;&quot;,&quot;orientation&quot;:&quot;0&quot;}\" data-image-title=\"nos importas t\u00fa\" data-image-description=\"\" data-image-caption=\"&lt;p&gt;De izquierda a derecha: Carmen Garc\u00eda (secretaria general), Blanca Fern\u00e1ndez (decana-presidenta) y Esteban Moreno (vicesecretario)&lt;\/p&gt; \" data-medium-file=\"https:\/\/coooaoptometria.files.wordpress.com\/2022\/12\/nos-importas-tu.jpeg?w=300\" data-large-file=\"https:\/\/coooaoptometria.files.wordpress.com\/2022\/12\/nos-importas-tu.jpeg?w=700\" class=\"size-large wp-image-5846\" src=\"https:\/\/coooaoptometria.files.wordpress.com\/2022\/12\/nos-importas-tu.jpeg?w=700\" alt=\"\" width=\"700\" height=\"466\" srcset=\"https:\/\/coooaoptometria.files.wordpress.com\/2022\/12\/nos-importas-tu.jpeg?w=700 700w, https:\/\/coooaoptometria.files.wordpress.com\/2022\/12\/nos-importas-tu.jpeg?w=1400 1400w, https:\/\/coooaoptometria.files.wordpress.com\/2022\/12\/nos-importas-tu.jpeg?w=150 150w, https:\/\/coooaoptometria.files.wordpress.com\/2022\/12\/nos-importas-tu.jpeg?w=300 300w, https:\/\/coooaoptometria.files.wordpress.com\/2022\/12\/nos-importas-tu.jpeg?w=768 768w, https:\/\/coooaoptometria.files.wordpress.com\/2022\/12\/nos-importas-tu.jpeg?w=1024 1024w\" sizes=\"auto, (max-width: 700px) 100vw, 700px\"><\/p>\n<p id=\"caption-attachment-5846\" class=\"wp-caption-text\">De izquierda a derecha: Carmen Garc\u00eda (secretaria general), Blanca Fern\u00e1ndez (decana-presidenta) y Esteban Moreno (vicesecretario)<\/p>\n<\/div>\n<p>Esta iniciativa a nivel nacional del CGCOO cuenta con la participaci\u00f3n del Colegio Oficial de \u00d3pticos-Optometristas de Andaluc\u00eda, el Colegio Nacional de \u00d3pticos-Optometristas, el Col\u00b7legi Oficial d\u2019\u00d2ptics-Optometristes de Catalunya, el Colegio de \u00d3pticos-Optometristas de la Comunitat Valenciana, el Colegio de \u00d3pticos-Optometristas de Castilla y Le\u00f3n y el Colegio Oficial \u00d3pticos-Optometristas Regi\u00f3n de Murcia, y en cada una se ha llevado a cabo una presentaci\u00f3n de la campa\u00f1a a nivel regional.<\/p>\n<p>En este sentido, el COOOA present\u00f3 la iniciativa a finales de noviembre en su sede de Sevilla, con la participaci\u00f3n de Blanca Fern\u00e1ndez, Carmen Garc\u00eda y Esteban Moreno, decana-presidenta, secretaria general y vicesecretario, respectivamente.<\/p>\n<blockquote>\n<p>La iniciativa nacional del Consejo cuenta con la participaci\u00f3n del COOOA a trav\u00e9s de varios de sus colegiados, que le ponen cara a los mensajes que se publicar\u00e1n a lo largo de la campa\u00f1a<\/p>\n<\/blockquote>\n<p>Durante su discurso en la presentaci\u00f3n, Blanca Fern\u00e1ndez agradeci\u00f3 al CGCOO y al resto de Colegios auton\u00f3micos \u201csu colaboraci\u00f3n para conseguir que esta campa\u00f1a se traslade a la ciudadan\u00eda y se adapte a las nuevas tecnolog\u00edas, a los nuevos canales digitales y a las nuevas v\u00edas de comunicaci\u00f3n que existen en la actualidad\u201d. En este sentido, recalc\u00f3 que \u201cno solo hay que hacer las cosas bien, sino tambi\u00e9n saber contarlas para que nuestro mensaje llegue a la sociedad\u201d.<\/p>\n<p>Adem\u00e1s, la campa\u00f1a ha contado con la participaci\u00f3n y colaboraci\u00f3n de Mercedes Tera, Carmen Silva, F\u00e1tima Manch\u00f3n, Mar\u00eda Jos\u00e9 Bautista y Jorge Mill\u00e1n, colegiados \u00f3pticos-optometristas andaluces, que han prestado su imagen para ser la cara visible de esta iniciativa a trav\u00e9s de los consejos y recomendaciones que se les ofrecer\u00e1 a la sociedad.<\/p>\n<p>Publicado en <a href=\"https:\/\/coooaoptometria.com\/2022\/12\/21\/el-cgcoo-presenta-la-campana-nacional-nos-importas-tu-para-concienciar-sobre-la-importancia-de-los-opticos-optometristas-como-profesionales-sanitarios\/\" class=\"autohyperlink\">coooaoptometria.com\/2022\/12\/21\/el-cgcoo-presenta-la-campana-nacional-nos-importas-tu-para-concienciar-sobre-la-importancia-de-los-opticos-optometristas-como-profesionales-sanitarios\/<\/a><\/p>\n","protected":false},"excerpt":{"rendered":"<p>Presentaci\u00f3n nacional de la campa\u00f1a en Madrid, a la que asisti\u00f3 Blanca Fern\u00e1ndez en representaci\u00f3n del COOOA, junto a presidentes y decanos de los colegios auton\u00f3micos participantes en la iniciativa El Consejo General de Colegios de \u00d3pticos-Optometristas (CGCOO) celebr\u00f3 el pasado 15 de noviembre el acto de presentaci\u00f3n de \u2018Nos<\/p>\n","protected":false},"author":2,"featured_media":0,"comment_status":"closed","ping_status":"closed","sticky":false,"template":"","format":"standard","meta":{"footnotes":""},"categories":[10,4],"tags":[],"class_list":["post-2403","post","type-post","status-publish","format-standard","hentry","category-cuidado-ocular","category-espana"],"publishpress_future_action":{"enabled":false,"date":"2026-05-02 09:01:29","action":"change-status","newStatus":"draft","terms":[],"taxonomy":"category","extraData":[]},"publishpress_future_workflow_manual_trigger":{"enabledWorkflows":[]},"_links":{"self":[{"href":"https:\/\/hlrnet.net\/sites\/actu-es\/wp-json\/wp\/v2\/posts\/2403","targetHints":{"allow":["GET"]}}],"collection":[{"href":"https:\/\/hlrnet.net\/sites\/actu-es\/wp-json\/wp\/v2\/posts"}],"about":[{"href":"https:\/\/hlrnet.net\/sites\/actu-es\/wp-json\/wp\/v2\/types\/post"}],"author":[{"embeddable":true,"href":"https:\/\/hlrnet.net\/sites\/actu-es\/wp-json\/wp\/v2\/users\/2"}],"replies":[{"embeddable":true,"href":"https:\/\/hlrnet.net\/sites\/actu-es\/wp-json\/wp\/v2\/comments?post=2403"}],"version-history":[{"count":0,"href":"https:\/\/hlrnet.net\/sites\/actu-es\/wp-json\/wp\/v2\/posts\/2403\/revisions"}],"wp:attachment":[{"href":"https:\/\/hlrnet.net\/sites\/actu-es\/wp-json\/wp\/v2\/media?parent=2403"}],"wp:term":[{"taxonomy":"category","embeddable":true,"href":"https:\/\/hlrnet.net\/sites\/actu-es\/wp-json\/wp\/v2\/categories?post=2403"},{"taxonomy":"post_tag","embeddable":true,"href":"https:\/\/hlrnet.net\/sites\/actu-es\/wp-json\/wp\/v2\/tags?post=2403"}],"curies":[{"name":"wp","href":"https:\/\/api.w.org\/{rel}","templated":true}]}}