{"id":2409,"date":"2022-12-21T10:56:54","date_gmt":"2022-12-21T10:56:54","guid":{"rendered":"http:\/\/coooaoptometria.com\/?p=5693"},"modified":"2022-12-21T10:56:54","modified_gmt":"2022-12-21T10:56:54","slug":"el-coooa-insiste-en-el-dia-mundial-de-la-vision-en-la-importancia-de-acudir-a-las-revisiones-visuales","status":"publish","type":"post","link":"https:\/\/hlrnet.net\/sites\/actu-es\/2022\/12\/21\/el-coooa-insiste-en-el-dia-mundial-de-la-vision-en-la-importancia-de-acudir-a-las-revisiones-visuales\/","title":{"rendered":"El COOOA insiste en el D\u00eda Mundial de la Visi\u00f3n en la importancia de acudir a las revisiones visuales"},"content":{"rendered":"\n\n<div class=\"kk-star-ratings kksr-auto kksr-align-left kksr-valign-top\"\n    data-payload='{&quot;align&quot;:&quot;left&quot;,&quot;id&quot;:&quot;2409&quot;,&quot;slug&quot;:&quot;default&quot;,&quot;valign&quot;:&quot;top&quot;,&quot;ignore&quot;:&quot;&quot;,&quot;reference&quot;:&quot;auto&quot;,&quot;class&quot;:&quot;&quot;,&quot;count&quot;:&quot;0&quot;,&quot;legendonly&quot;:&quot;&quot;,&quot;readonly&quot;:&quot;&quot;,&quot;score&quot;:&quot;0&quot;,&quot;starsonly&quot;:&quot;&quot;,&quot;best&quot;:&quot;5&quot;,&quot;gap&quot;:&quot;5&quot;,&quot;greet&quot;:&quot;Rate this post&quot;,&quot;legend&quot;:&quot;0\\\/5 - (0 votes)&quot;,&quot;size&quot;:&quot;24&quot;,&quot;title&quot;:&quot;El COOOA insiste en el D\u00eda Mundial de la Visi\u00f3n en la importancia de acudir a las revisiones visuales&quot;,&quot;width&quot;:&quot;0&quot;,&quot;_legend&quot;:&quot;{score}\\\/{best} - ({count} {votes})&quot;,&quot;font_factor&quot;:&quot;1.25&quot;}'>\n            \n<div class=\"kksr-stars\">\n    \n<div class=\"kksr-stars-inactive\">\n            <div class=\"kksr-star\" data-star=\"1\" style=\"padding-right: 5px\">\n            \n\n<div class=\"kksr-icon\" style=\"width: 24px; height: 24px;\"><\/div>\n        <\/div>\n            <div class=\"kksr-star\" data-star=\"2\" style=\"padding-right: 5px\">\n            \n\n<div class=\"kksr-icon\" style=\"width: 24px; height: 24px;\"><\/div>\n        <\/div>\n            <div class=\"kksr-star\" data-star=\"3\" style=\"padding-right: 5px\">\n            \n\n<div class=\"kksr-icon\" style=\"width: 24px; height: 24px;\"><\/div>\n        <\/div>\n            <div class=\"kksr-star\" data-star=\"4\" style=\"padding-right: 5px\">\n            \n\n<div class=\"kksr-icon\" style=\"width: 24px; height: 24px;\"><\/div>\n        <\/div>\n            <div class=\"kksr-star\" data-star=\"5\" style=\"padding-right: 5px\">\n            \n\n<div class=\"kksr-icon\" style=\"width: 24px; height: 24px;\"><\/div>\n        <\/div>\n    <\/div>\n    \n<div class=\"kksr-stars-active\" style=\"width: 0px;\">\n            <div class=\"kksr-star\" style=\"padding-right: 5px\">\n            \n\n<div class=\"kksr-icon\" style=\"width: 24px; height: 24px;\"><\/div>\n        <\/div>\n            <div class=\"kksr-star\" style=\"padding-right: 5px\">\n            \n\n<div class=\"kksr-icon\" style=\"width: 24px; height: 24px;\"><\/div>\n        <\/div>\n            <div class=\"kksr-star\" style=\"padding-right: 5px\">\n            \n\n<div class=\"kksr-icon\" style=\"width: 24px; height: 24px;\"><\/div>\n        <\/div>\n            <div class=\"kksr-star\" style=\"padding-right: 5px\">\n            \n\n<div class=\"kksr-icon\" style=\"width: 24px; height: 24px;\"><\/div>\n        <\/div>\n            <div class=\"kksr-star\" style=\"padding-right: 5px\">\n            \n\n<div class=\"kksr-icon\" style=\"width: 24px; height: 24px;\"><\/div>\n        <\/div>\n    <\/div>\n<\/div>\n                \n\n<div class=\"kksr-legend\" style=\"font-size: 19.2px;\">\n            <span class=\"kksr-muted\">Rate this post<\/span>\n    <\/div>\n    <\/div>\n\n<p>En el D\u00eda Mundial de la Visi\u00f3n, celebrado el pasado 12 de octubre, la decana-presidenta del COOOA y los vocales-delegados y miembros de la Junta de Gobierno pusieron en valor a trav\u00e9s de un v\u00eddeo elaborado para su difusi\u00f3n en las redes sociales, la labor profesional y funciones del \u00f3ptico-optometrista en la sociedad, insistiendo en la importancia de acudir a las revisiones visuales y reivindicando la inclusi\u00f3n de este profesional sanitario de la visi\u00f3n en el sistema sanitario p\u00fablico andaluz con los m\u00faltiples beneficios que aportar\u00eda a la sociedad.<\/p>\n<p>Participaron en el v\u00eddeo los vocales delegados del Colegio Oficial de \u00d3pticos-Optometristas de Andaluc\u00eda de Almer\u00eda (Javier Sebasti\u00e1n), C\u00e1diz (Laura Vitini), C\u00f3rdoba (Ana Mar\u00eda Mart\u00ednez), Granada (Raimundo Jim\u00e9nez), Huelva (Jos\u00e9 Noval), Ja\u00e9n (Eugenio Laguna), M\u00e1laga (Alberto Talero) y Sevilla (Bego\u00f1a Antol\u00edn); la secretaria general (Carmen Garc\u00eda); el vicesecretario (Esteban Moreno); y la decana-presidenta, Blanca Fern\u00e1ndez.<\/p>\n<p><iframe loading=\"lazy\" class=\"youtube-player\" width=\"700\" height=\"394\" src=\"https:\/\/www.youtube.com\/embed\/aYwG5Ez9Dwg?version=3&#038;rel=1&#038;showsearch=0&#038;showinfo=1&#038;iv_load_policy=1&#038;fs=1&#038;hl=es&#038;autohide=2&#038;wmode=transparent\" allowfullscreen=\"true\" style=\"border:0;\" sandbox=\"allow-scripts allow-same-origin allow-popups allow-presentation\"><\/iframe><\/p>\n<p>&nbsp;<\/p>\n<p>Publicado en <a href=\"https:\/\/coooaoptometria.com\/2022\/12\/21\/el-coooa-insiste-en-el-dia-mundial-de-la-vision-en-la-importancia-de-acudir-a-las-revisiones-visuales\/\" class=\"autohyperlink\">coooaoptometria.com\/2022\/12\/21\/el-coooa-insiste-en-el-dia-mundial-de-la-vision-en-la-importancia-de-acudir-a-las-revisiones-visuales\/<\/a><\/p>\n","protected":false},"excerpt":{"rendered":"<p>En el D\u00eda Mundial de la Visi\u00f3n, celebrado el pasado 12 de octubre, la decana-presidenta del COOOA y los vocales-delegados y miembros de la Junta de Gobierno pusieron en valor a trav\u00e9s de un v\u00eddeo elaborado para su difusi\u00f3n en las redes sociales, la labor profesional y funciones del \u00f3ptico-optometrista<\/p>\n","protected":false},"author":2,"featured_media":0,"comment_status":"closed","ping_status":"closed","sticky":false,"template":"","format":"standard","meta":{"footnotes":""},"categories":[10,4],"tags":[],"class_list":["post-2409","post","type-post","status-publish","format-standard","hentry","category-cuidado-ocular","category-espana"],"publishpress_future_action":{"enabled":false,"date":"2026-05-02 08:46:49","action":"change-status","newStatus":"draft","terms":[],"taxonomy":"category","extraData":[]},"publishpress_future_workflow_manual_trigger":{"enabledWorkflows":[]},"_links":{"self":[{"href":"https:\/\/hlrnet.net\/sites\/actu-es\/wp-json\/wp\/v2\/posts\/2409","targetHints":{"allow":["GET"]}}],"collection":[{"href":"https:\/\/hlrnet.net\/sites\/actu-es\/wp-json\/wp\/v2\/posts"}],"about":[{"href":"https:\/\/hlrnet.net\/sites\/actu-es\/wp-json\/wp\/v2\/types\/post"}],"author":[{"embeddable":true,"href":"https:\/\/hlrnet.net\/sites\/actu-es\/wp-json\/wp\/v2\/users\/2"}],"replies":[{"embeddable":true,"href":"https:\/\/hlrnet.net\/sites\/actu-es\/wp-json\/wp\/v2\/comments?post=2409"}],"version-history":[{"count":0,"href":"https:\/\/hlrnet.net\/sites\/actu-es\/wp-json\/wp\/v2\/posts\/2409\/revisions"}],"wp:attachment":[{"href":"https:\/\/hlrnet.net\/sites\/actu-es\/wp-json\/wp\/v2\/media?parent=2409"}],"wp:term":[{"taxonomy":"category","embeddable":true,"href":"https:\/\/hlrnet.net\/sites\/actu-es\/wp-json\/wp\/v2\/categories?post=2409"},{"taxonomy":"post_tag","embeddable":true,"href":"https:\/\/hlrnet.net\/sites\/actu-es\/wp-json\/wp\/v2\/tags?post=2409"}],"curies":[{"name":"wp","href":"https:\/\/api.w.org\/{rel}","templated":true}]}}