{"id":2414,"date":"2022-12-21T10:56:49","date_gmt":"2022-12-21T10:56:49","guid":{"rendered":"http:\/\/coooaoptometria.com\/?p=5691"},"modified":"2022-12-21T10:56:49","modified_gmt":"2022-12-21T10:56:49","slug":"blanca-fernandez-preside-la-gala-de-entrega-de-los-premios-uprosama","status":"publish","type":"post","link":"https:\/\/hlrnet.net\/sites\/actu-es\/2022\/12\/21\/blanca-fernandez-preside-la-gala-de-entrega-de-los-premios-uprosama\/","title":{"rendered":"Blanca Fern\u00e1ndez preside la gala de entrega de los Premios Uprosama"},"content":{"rendered":"\n\n<div class=\"kk-star-ratings kksr-auto kksr-align-left kksr-valign-top\"\n    data-payload='{&quot;align&quot;:&quot;left&quot;,&quot;id&quot;:&quot;2414&quot;,&quot;slug&quot;:&quot;default&quot;,&quot;valign&quot;:&quot;top&quot;,&quot;ignore&quot;:&quot;&quot;,&quot;reference&quot;:&quot;auto&quot;,&quot;class&quot;:&quot;&quot;,&quot;count&quot;:&quot;0&quot;,&quot;legendonly&quot;:&quot;&quot;,&quot;readonly&quot;:&quot;&quot;,&quot;score&quot;:&quot;0&quot;,&quot;starsonly&quot;:&quot;&quot;,&quot;best&quot;:&quot;5&quot;,&quot;gap&quot;:&quot;5&quot;,&quot;greet&quot;:&quot;Rate this post&quot;,&quot;legend&quot;:&quot;0\\\/5 - (0 votes)&quot;,&quot;size&quot;:&quot;24&quot;,&quot;title&quot;:&quot;Blanca Fern\u00e1ndez preside la gala de entrega de los Premios Uprosama&quot;,&quot;width&quot;:&quot;0&quot;,&quot;_legend&quot;:&quot;{score}\\\/{best} - ({count} {votes})&quot;,&quot;font_factor&quot;:&quot;1.25&quot;}'>\n            \n<div class=\"kksr-stars\">\n    \n<div class=\"kksr-stars-inactive\">\n            <div class=\"kksr-star\" data-star=\"1\" style=\"padding-right: 5px\">\n            \n\n<div class=\"kksr-icon\" style=\"width: 24px; height: 24px;\"><\/div>\n        <\/div>\n            <div class=\"kksr-star\" data-star=\"2\" style=\"padding-right: 5px\">\n            \n\n<div class=\"kksr-icon\" style=\"width: 24px; height: 24px;\"><\/div>\n        <\/div>\n            <div class=\"kksr-star\" data-star=\"3\" style=\"padding-right: 5px\">\n            \n\n<div class=\"kksr-icon\" style=\"width: 24px; height: 24px;\"><\/div>\n        <\/div>\n            <div class=\"kksr-star\" data-star=\"4\" style=\"padding-right: 5px\">\n            \n\n<div class=\"kksr-icon\" style=\"width: 24px; height: 24px;\"><\/div>\n        <\/div>\n            <div class=\"kksr-star\" data-star=\"5\" style=\"padding-right: 5px\">\n            \n\n<div class=\"kksr-icon\" style=\"width: 24px; height: 24px;\"><\/div>\n        <\/div>\n    <\/div>\n    \n<div class=\"kksr-stars-active\" style=\"width: 0px;\">\n            <div class=\"kksr-star\" style=\"padding-right: 5px\">\n            \n\n<div class=\"kksr-icon\" style=\"width: 24px; height: 24px;\"><\/div>\n        <\/div>\n            <div class=\"kksr-star\" style=\"padding-right: 5px\">\n            \n\n<div class=\"kksr-icon\" style=\"width: 24px; height: 24px;\"><\/div>\n        <\/div>\n            <div class=\"kksr-star\" style=\"padding-right: 5px\">\n            \n\n<div class=\"kksr-icon\" style=\"width: 24px; height: 24px;\"><\/div>\n        <\/div>\n            <div class=\"kksr-star\" style=\"padding-right: 5px\">\n            \n\n<div class=\"kksr-icon\" style=\"width: 24px; height: 24px;\"><\/div>\n        <\/div>\n            <div class=\"kksr-star\" style=\"padding-right: 5px\">\n            \n\n<div class=\"kksr-icon\" style=\"width: 24px; height: 24px;\"><\/div>\n        <\/div>\n    <\/div>\n<\/div>\n                \n\n<div class=\"kksr-legend\" style=\"font-size: 19.2px;\">\n            <span class=\"kksr-muted\">Rate this post<\/span>\n    <\/div>\n    <\/div>\n\n<p>La Uni\u00f3n Profesional Sanitaria de M\u00e1laga (Uprosama) entreg\u00f3 el pasado jueves 24 de noviembre los premios anuales que concede como reconocimiento a la trayectoria y m\u00e9ritos en el \u00e1mbito personal y profesional a personas o instituciones que destacan en solidaridad, superaci\u00f3n, promoci\u00f3n de M\u00e1laga y promoci\u00f3n de la salud.<\/p>\n<p>La subcampeona mundial de surf adaptado en 2021 Sarah Almagro, la Asociaci\u00f3n San Vicente de Pa\u00fal, la psic\u00f3loga y profesora Margarita Ortiz-Tallo y M\u00e1laga TechPark fueron las personalidades y entidades galardonadas en esta edici\u00f3n.<\/p>\n<p>El evento tuvo lugar en el Sal\u00f3n de los Espejos del Ayuntamiento de M\u00e1laga y estuvo presidido por Blanca Fern\u00e1ndez, decana-presidenta del Colegio Oficial de \u00d3pticos-Optometristas de Andaluc\u00eda (COOOA) y m\u00e1xima representante de Uprosama, acompa\u00f1ada por el alcalde de la capital malague\u00f1a, Francisco de la Torre, y Juan de Dios Villena en representaci\u00f3n de la Diputaci\u00f3n provincial, as\u00ed como la Junta de Gobierno de la organizaci\u00f3n supracolegial y miembros del COOOA como Alberto Talero, Manuel Aguilar y Antonio S\u00e1nchez, vocal-delegado en M\u00e1laga, contador y asesor jur\u00eddico, respectivamente.<\/p>\n<p>En su discurso de clausura, la presidenta de Uprosama reclam\u00f3 a las autoridades \u00abuna apuesta firme y decisiva para 2023 por la mejora de las condiciones laborales y salariales de los profesionales sanitarios del Sistema Andaluz de Salud\u00bb.<\/p>\n<p>&nbsp;<\/p>\n<p>\n<a href='https:\/\/coooaoptometria.com\/2022\/12\/21\/blanca-fernandez-preside-la-gala-de-entrega-de-los-premios-uprosama\/uprosama-3-2\/'><img width=\"150\" height=\"100\" src=\"https:\/\/coooaoptometria.files.wordpress.com\/2022\/12\/uprosama-3.jpg?w=150\" class=\"attachment-thumbnail size-thumbnail\" alt=\"\" decoding=\"async\" loading=\"lazy\" srcset=\"https:\/\/coooaoptometria.files.wordpress.com\/2022\/12\/uprosama-3.jpg?w=150 150w, https:\/\/coooaoptometria.files.wordpress.com\/2022\/12\/uprosama-3.jpg?w=300 300w\" sizes=\"auto, (max-width: 150px) 100vw, 150px\" data-attachment-id=\"5835\" data-permalink=\"https:\/\/coooaoptometria.com\/2022\/12\/21\/blanca-fernandez-preside-la-gala-de-entrega-de-los-premios-uprosama\/uprosama-3-2\/\" data-orig-file=\"https:\/\/coooaoptometria.files.wordpress.com\/2022\/12\/uprosama-3.jpg\" data-orig-size=\"900,600\" data-comments-opened=\"1\" data-image-meta=\"{&quot;aperture&quot;:&quot;4&quot;,&quot;credit&quot;:&quot;&quot;,&quot;camera&quot;:&quot;Canon EOS 1100D&quot;,&quot;caption&quot;:&quot;&quot;,&quot;created_timestamp&quot;:&quot;1669328827&quot;,&quot;copyright&quot;:&quot;&quot;,&quot;focal_length&quot;:&quot;28&quot;,&quot;iso&quot;:&quot;800&quot;,&quot;shutter_speed&quot;:&quot;0.016666666666667&quot;,&quot;title&quot;:&quot;&quot;,&quot;orientation&quot;:&quot;1&quot;}\" data-image-title=\"uprosama 3\" data-image-description=\"\" data-image-caption=\"&lt;p&gt;Blanca Fern\u00e1ndez, en la inauguraci\u00f3n de la gala de entrega de los Premios Uprosama 2022&lt;\/p&gt; \" data-medium-file=\"https:\/\/coooaoptometria.files.wordpress.com\/2022\/12\/uprosama-3.jpg?w=300\" data-large-file=\"https:\/\/coooaoptometria.files.wordpress.com\/2022\/12\/uprosama-3.jpg?w=700\" \/><\/a><br \/>\n<a href='https:\/\/coooaoptometria.com\/2022\/12\/21\/blanca-fernandez-preside-la-gala-de-entrega-de-los-premios-uprosama\/uprosama-9\/'><img width=\"150\" height=\"100\" src=\"https:\/\/coooaoptometria.files.wordpress.com\/2022\/12\/uprosama.jpg?w=150\" class=\"attachment-thumbnail size-thumbnail\" alt=\"\" decoding=\"async\" loading=\"lazy\" srcset=\"https:\/\/coooaoptometria.files.wordpress.com\/2022\/12\/uprosama.jpg?w=150 150w, https:\/\/coooaoptometria.files.wordpress.com\/2022\/12\/uprosama.jpg?w=300 300w\" sizes=\"auto, (max-width: 150px) 100vw, 150px\" data-attachment-id=\"5837\" data-permalink=\"https:\/\/coooaoptometria.com\/2022\/12\/21\/blanca-fernandez-preside-la-gala-de-entrega-de-los-premios-uprosama\/uprosama-9\/\" data-orig-file=\"https:\/\/coooaoptometria.files.wordpress.com\/2022\/12\/uprosama.jpg\" data-orig-size=\"900,600\" data-comments-opened=\"1\" data-image-meta=\"{&quot;aperture&quot;:&quot;4&quot;,&quot;credit&quot;:&quot;&quot;,&quot;camera&quot;:&quot;Canon EOS 1100D&quot;,&quot;caption&quot;:&quot;&quot;,&quot;created_timestamp&quot;:&quot;1669329271&quot;,&quot;copyright&quot;:&quot;&quot;,&quot;focal_length&quot;:&quot;18&quot;,&quot;iso&quot;:&quot;800&quot;,&quot;shutter_speed&quot;:&quot;0.016666666666667&quot;,&quot;title&quot;:&quot;&quot;,&quot;orientation&quot;:&quot;1&quot;}\" data-image-title=\"uprosama\" data-image-description=\"\" data-image-caption=\"&lt;p&gt;Foto de familia de las entidades y personalidades reconocidas en el acto junto a la Junta de Gobierno de Uprosama&lt;\/p&gt; \" data-medium-file=\"https:\/\/coooaoptometria.files.wordpress.com\/2022\/12\/uprosama.jpg?w=300\" data-large-file=\"https:\/\/coooaoptometria.files.wordpress.com\/2022\/12\/uprosama.jpg?w=700\" \/><\/a><br \/>\n<a href='https:\/\/coooaoptometria.com\/2022\/12\/21\/blanca-fernandez-preside-la-gala-de-entrega-de-los-premios-uprosama\/uprosama-2-2\/'><img width=\"150\" height=\"100\" src=\"https:\/\/coooaoptometria.files.wordpress.com\/2022\/12\/uprosama-2.jpg?w=150\" class=\"attachment-thumbnail size-thumbnail\" alt=\"\" decoding=\"async\" loading=\"lazy\" srcset=\"https:\/\/coooaoptometria.files.wordpress.com\/2022\/12\/uprosama-2.jpg?w=150 150w, https:\/\/coooaoptometria.files.wordpress.com\/2022\/12\/uprosama-2.jpg?w=300 300w\" sizes=\"auto, (max-width: 150px) 100vw, 150px\" data-attachment-id=\"5834\" data-permalink=\"https:\/\/coooaoptometria.com\/2022\/12\/21\/blanca-fernandez-preside-la-gala-de-entrega-de-los-premios-uprosama\/uprosama-2-2\/\" data-orig-file=\"https:\/\/coooaoptometria.files.wordpress.com\/2022\/12\/uprosama-2.jpg\" data-orig-size=\"900,600\" data-comments-opened=\"1\" data-image-meta=\"{&quot;aperture&quot;:&quot;4&quot;,&quot;credit&quot;:&quot;&quot;,&quot;camera&quot;:&quot;Canon EOS 1100D&quot;,&quot;caption&quot;:&quot;&quot;,&quot;created_timestamp&quot;:&quot;1669325730&quot;,&quot;copyright&quot;:&quot;&quot;,&quot;focal_length&quot;:&quot;23&quot;,&quot;iso&quot;:&quot;800&quot;,&quot;shutter_speed&quot;:&quot;0.016666666666667&quot;,&quot;title&quot;:&quot;&quot;,&quot;orientation&quot;:&quot;1&quot;}\" data-image-title=\"uprosama 2\" data-image-description=\"\" data-image-caption=\"&lt;p&gt;Galardonados junto a Blanca Fern\u00e1ndez y Francisco de la Torre, alcalde de M\u00e1laga&lt;\/p&gt; \" data-medium-file=\"https:\/\/coooaoptometria.files.wordpress.com\/2022\/12\/uprosama-2.jpg?w=300\" data-large-file=\"https:\/\/coooaoptometria.files.wordpress.com\/2022\/12\/uprosama-2.jpg?w=700\" \/><\/a><br \/>\n<a href='https:\/\/coooaoptometria.com\/2022\/12\/21\/blanca-fernandez-preside-la-gala-de-entrega-de-los-premios-uprosama\/uprosama-4-2\/'><img width=\"150\" height=\"113\" src=\"https:\/\/coooaoptometria.files.wordpress.com\/2022\/12\/uprosama-4.jpeg?w=150\" class=\"attachment-thumbnail size-thumbnail\" alt=\"\" decoding=\"async\" loading=\"lazy\" srcset=\"https:\/\/coooaoptometria.files.wordpress.com\/2022\/12\/uprosama-4.jpeg?w=150 150w, https:\/\/coooaoptometria.files.wordpress.com\/2022\/12\/uprosama-4.jpeg?w=300 300w\" sizes=\"auto, (max-width: 150px) 100vw, 150px\" data-attachment-id=\"5836\" data-permalink=\"https:\/\/coooaoptometria.com\/2022\/12\/21\/blanca-fernandez-preside-la-gala-de-entrega-de-los-premios-uprosama\/uprosama-4-2\/\" data-orig-file=\"https:\/\/coooaoptometria.files.wordpress.com\/2022\/12\/uprosama-4.jpeg\" data-orig-size=\"1024,768\" data-comments-opened=\"1\" data-image-meta=\"{&quot;aperture&quot;:&quot;0&quot;,&quot;credit&quot;:&quot;&quot;,&quot;camera&quot;:&quot;&quot;,&quot;caption&quot;:&quot;&quot;,&quot;created_timestamp&quot;:&quot;0&quot;,&quot;copyright&quot;:&quot;&quot;,&quot;focal_length&quot;:&quot;0&quot;,&quot;iso&quot;:&quot;0&quot;,&quot;shutter_speed&quot;:&quot;0&quot;,&quot;title&quot;:&quot;&quot;,&quot;orientation&quot;:&quot;0&quot;}\" data-image-title=\"uprosama 4\" data-image-description=\"\" data-image-caption=\"&lt;p&gt;Representantes del COOOA en el acto&lt;\/p&gt; \" data-medium-file=\"https:\/\/coooaoptometria.files.wordpress.com\/2022\/12\/uprosama-4.jpeg?w=300\" data-large-file=\"https:\/\/coooaoptometria.files.wordpress.com\/2022\/12\/uprosama-4.jpeg?w=700\" \/><\/a>\n<\/p>\n<p>Publicado en <a href=\"https:\/\/coooaoptometria.com\/2022\/12\/21\/blanca-fernandez-preside-la-gala-de-entrega-de-los-premios-uprosama\/\" class=\"autohyperlink\">coooaoptometria.com\/2022\/12\/21\/blanca-fernandez-preside-la-gala-de-entrega-de-los-premios-uprosama\/<\/a><\/p>\n","protected":false},"excerpt":{"rendered":"<p>La Uni\u00f3n Profesional Sanitaria de M\u00e1laga (Uprosama) entreg\u00f3 el pasado jueves 24 de noviembre los premios anuales que concede como reconocimiento a la trayectoria y m\u00e9ritos en el \u00e1mbito personal y profesional a personas o instituciones que destacan en solidaridad, superaci\u00f3n, promoci\u00f3n de M\u00e1laga y promoci\u00f3n de la salud. La<\/p>\n","protected":false},"author":2,"featured_media":0,"comment_status":"closed","ping_status":"closed","sticky":false,"template":"","format":"standard","meta":{"footnotes":""},"categories":[10,4],"tags":[],"class_list":["post-2414","post","type-post","status-publish","format-standard","hentry","category-cuidado-ocular","category-espana"],"publishpress_future_action":{"enabled":false,"date":"2026-05-02 05:23:59","action":"change-status","newStatus":"draft","terms":[],"taxonomy":"category","extraData":[]},"publishpress_future_workflow_manual_trigger":{"enabledWorkflows":[]},"_links":{"self":[{"href":"https:\/\/hlrnet.net\/sites\/actu-es\/wp-json\/wp\/v2\/posts\/2414","targetHints":{"allow":["GET"]}}],"collection":[{"href":"https:\/\/hlrnet.net\/sites\/actu-es\/wp-json\/wp\/v2\/posts"}],"about":[{"href":"https:\/\/hlrnet.net\/sites\/actu-es\/wp-json\/wp\/v2\/types\/post"}],"author":[{"embeddable":true,"href":"https:\/\/hlrnet.net\/sites\/actu-es\/wp-json\/wp\/v2\/users\/2"}],"replies":[{"embeddable":true,"href":"https:\/\/hlrnet.net\/sites\/actu-es\/wp-json\/wp\/v2\/comments?post=2414"}],"version-history":[{"count":0,"href":"https:\/\/hlrnet.net\/sites\/actu-es\/wp-json\/wp\/v2\/posts\/2414\/revisions"}],"wp:attachment":[{"href":"https:\/\/hlrnet.net\/sites\/actu-es\/wp-json\/wp\/v2\/media?parent=2414"}],"wp:term":[{"taxonomy":"category","embeddable":true,"href":"https:\/\/hlrnet.net\/sites\/actu-es\/wp-json\/wp\/v2\/categories?post=2414"},{"taxonomy":"post_tag","embeddable":true,"href":"https:\/\/hlrnet.net\/sites\/actu-es\/wp-json\/wp\/v2\/tags?post=2414"}],"curies":[{"name":"wp","href":"https:\/\/api.w.org\/{rel}","templated":true}]}}