{"id":2444,"date":"2023-01-10T10:08:11","date_gmt":"2023-01-10T10:08:11","guid":{"rendered":"https:\/\/coocv.com\/?p=34720"},"modified":"2023-01-10T10:08:11","modified_gmt":"2023-01-10T10:08:11","slug":"el-presidente-y-el-vicepresidente-del-coocv-se-reunen-con-el-conseller-de-sanitat-para-reclamar-la-inclusion-de-los-opticos-optometristas-en-la-sanidad-publica-valenciana","status":"publish","type":"post","link":"https:\/\/hlrnet.net\/sites\/actu-es\/2023\/01\/10\/el-presidente-y-el-vicepresidente-del-coocv-se-reunen-con-el-conseller-de-sanitat-para-reclamar-la-inclusion-de-los-opticos-optometristas-en-la-sanidad-publica-valenciana\/","title":{"rendered":"El presidente y el vicepresidente del COOCV se re\u00fanen con el conseller de Sanitat para reclamar la inclusi\u00f3n de los \u00f3pticos-optometristas en la sanidad p\u00fablica valenciana"},"content":{"rendered":"\n\n<div class=\"kk-star-ratings kksr-auto kksr-align-left kksr-valign-top\"\n    data-payload='{&quot;align&quot;:&quot;left&quot;,&quot;id&quot;:&quot;2444&quot;,&quot;slug&quot;:&quot;default&quot;,&quot;valign&quot;:&quot;top&quot;,&quot;ignore&quot;:&quot;&quot;,&quot;reference&quot;:&quot;auto&quot;,&quot;class&quot;:&quot;&quot;,&quot;count&quot;:&quot;0&quot;,&quot;legendonly&quot;:&quot;&quot;,&quot;readonly&quot;:&quot;&quot;,&quot;score&quot;:&quot;0&quot;,&quot;starsonly&quot;:&quot;&quot;,&quot;best&quot;:&quot;5&quot;,&quot;gap&quot;:&quot;5&quot;,&quot;greet&quot;:&quot;Rate this post&quot;,&quot;legend&quot;:&quot;0\\\/5 - (0 votes)&quot;,&quot;size&quot;:&quot;24&quot;,&quot;title&quot;:&quot;El presidente y el vicepresidente del COOCV se re\u00fanen con el conseller de Sanitat para reclamar la inclusi\u00f3n de los \u00f3pticos-optometristas en la sanidad p\u00fablica valenciana&quot;,&quot;width&quot;:&quot;0&quot;,&quot;_legend&quot;:&quot;{score}\\\/{best} - ({count} {votes})&quot;,&quot;font_factor&quot;:&quot;1.25&quot;}'>\n            \n<div class=\"kksr-stars\">\n    \n<div class=\"kksr-stars-inactive\">\n            <div class=\"kksr-star\" data-star=\"1\" style=\"padding-right: 5px\">\n            \n\n<div class=\"kksr-icon\" style=\"width: 24px; height: 24px;\"><\/div>\n        <\/div>\n            <div class=\"kksr-star\" data-star=\"2\" style=\"padding-right: 5px\">\n            \n\n<div class=\"kksr-icon\" style=\"width: 24px; height: 24px;\"><\/div>\n        <\/div>\n            <div class=\"kksr-star\" data-star=\"3\" style=\"padding-right: 5px\">\n            \n\n<div class=\"kksr-icon\" style=\"width: 24px; height: 24px;\"><\/div>\n        <\/div>\n            <div class=\"kksr-star\" data-star=\"4\" style=\"padding-right: 5px\">\n            \n\n<div class=\"kksr-icon\" style=\"width: 24px; height: 24px;\"><\/div>\n        <\/div>\n            <div class=\"kksr-star\" data-star=\"5\" style=\"padding-right: 5px\">\n            \n\n<div class=\"kksr-icon\" style=\"width: 24px; height: 24px;\"><\/div>\n        <\/div>\n    <\/div>\n    \n<div class=\"kksr-stars-active\" style=\"width: 0px;\">\n            <div class=\"kksr-star\" style=\"padding-right: 5px\">\n            \n\n<div class=\"kksr-icon\" style=\"width: 24px; height: 24px;\"><\/div>\n        <\/div>\n            <div class=\"kksr-star\" style=\"padding-right: 5px\">\n            \n\n<div class=\"kksr-icon\" style=\"width: 24px; height: 24px;\"><\/div>\n        <\/div>\n            <div class=\"kksr-star\" style=\"padding-right: 5px\">\n            \n\n<div class=\"kksr-icon\" style=\"width: 24px; height: 24px;\"><\/div>\n        <\/div>\n            <div class=\"kksr-star\" style=\"padding-right: 5px\">\n            \n\n<div class=\"kksr-icon\" style=\"width: 24px; height: 24px;\"><\/div>\n        <\/div>\n            <div class=\"kksr-star\" style=\"padding-right: 5px\">\n            \n\n<div class=\"kksr-icon\" style=\"width: 24px; height: 24px;\"><\/div>\n        <\/div>\n    <\/div>\n<\/div>\n                \n\n<div class=\"kksr-legend\" style=\"font-size: 19.2px;\">\n            <span class=\"kksr-muted\">Rate this post<\/span>\n    <\/div>\n    <\/div>\n\n<p>El presidente del COOCV, Andr\u00e9s Gen\u00e9, y el vicepresidente, Rafael P\u00e9rez, se han reunido con el conseller de Sanitat, Miguel M\u00ednguez, y la subdirectora general de Planificaci\u00f3n y Organizaci\u00f3n Asistencial, Cristina Ruiz, en la sede de la Conselleria en Valencia.<\/p>\n<p>En dicha reuni\u00f3n, los representantes de los \u00f3pticos-optometristas de la Comunitat Valenciana explicaron al conseller de Sanitat la importante funci\u00f3n que realizamos los \u00f3pticos-optometristas en la sanidad privada, insistiendo, adem\u00e1s, en el papel decisivo que podr\u00edamos desempe\u00f1ar en la sanidad p\u00fablica con nuestra inclusi\u00f3n en n\u00famero suficiente, principalmente en Atenci\u00f3n Primaria.<\/p>\n<p>Nuestra presencia permitir\u00eda mejorar notablemente la atenci\u00f3n en salud visual de la poblaci\u00f3n, reduciendo las listas de espera y optimizando los recursos de la sanidad p\u00fablica.<\/p>\n<p>Entre los argumentos expuestos destaca que los \u00f3pticos-optometristas podemos resolver, principalmente en el primer nivel asistencial, los casos altamente prevalentes que llegan a las consultas relacionados con problemas de refracci\u00f3n y binoculares. Adem\u00e1s, estamos capacitados para derivar con total garant\u00eda, precisi\u00f3n y efectividad a aquellos pacientes que presentan patolog\u00edas a los oftalm\u00f3logos. De esta forma se conseguir\u00edan resolver de forma m\u00e1s r\u00e1pida y efectiva los casos que llegan a las consultas y los m\u00e9dicos oftalm\u00f3logos contar\u00edan con m\u00e1s tiempo para diagnosticar y tratar a sus pacientes en tiempo y forma.<\/p>\n<p>La cada vez m\u00e1s creciente demanda asistencial y los recursos limitados aconsejan tener equipos de respuesta inmediata en Atenci\u00f3n Primaria y acometer el redise\u00f1o de aspectos esenciales del modelo sanitario para proporcionar una atenci\u00f3n visual m\u00e1s \u00e1gil, eficaz y eficiente.<\/p>\n<p><strong>Plan de Prevenci\u00f3n y Promoci\u00f3n de la Salud Visual<\/strong><\/p>\n<p>Por otro lado, Andr\u00e9s Gen\u00e9 y Rafael P\u00e9rez presentaron al conseller y a la subdirectora general\u00a0 el plan de Prevenci\u00f3n y Promoci\u00f3n de la Salud Visual en la poblaci\u00f3n de la Comunidad Valenciana redactado por el COOCV.<\/p>\n<p>En este sentido, se resalt\u00f3 que todas l<strong>as afecciones visuales, la mayor\u00eda de ellas subsanables, perturban durante todas las etapas de la vida. En caso de no ser detectadas a tiempo <\/strong>la p\u00e9rdida de visi\u00f3n nos afecta a todos en mayor o menor medida dado que tiene importantes consecuencias econ\u00f3micas para las personas, las familias y las comunidades afectadas.<\/p>\n<p><strong>Fomentar la prevenci\u00f3n, la promoci\u00f3n y la optimizaci\u00f3n de la visi\u00f3n de la poblaci\u00f3n facilita muchas actividades de la vida diaria<\/strong>, permitiendo afrontar con mayor garant\u00eda el aprendizaje educativo, aumentar la productividad laboral y la autoestima en todas las edades, especialmente en personas mayores, reduciendo la desigualdad por causa visual y los problemas asociados a esta.<\/p>\n<p><img loading=\"lazy\" decoding=\"async\" class=\"aligncenter size-full wp-image-34721\" src=\"https:\/\/coocv.com\/wp-content\/uploads\/2023\/01\/IMG_1883.jpeg\" alt=\"\" width=\"4032\" height=\"3024\" \/><\/p>\n<p>Publicado en <a href=\"https:\/\/coocv.com\/el-presidente-y-el-vicepresidente-del-coocv-se-reunen-con-el-conseller-de-sanitat-para-reclamar-la-inclusion-de-los-opticos-optometristas-en-la-sanidad-publica-valenciana\/\" class=\"autohyperlink\">coocv.com\/el-presidente-y-el-vicepresidente-del-coocv-se-reunen-con-el-conseller-de-sanitat-para-reclamar-la-inclusion-de-los-opticos-optometristas-en-la-sanidad-publica-valenciana\/<\/a><\/p>\n","protected":false},"excerpt":{"rendered":"<p>El presidente del COOCV, Andr\u00e9s Gen\u00e9, y el vicepresidente, Rafael P\u00e9rez, se han reunido con el conseller de Sanitat, Miguel M\u00ednguez, y la subdirectora general de Planificaci\u00f3n y Organizaci\u00f3n Asistencial, Cristina Ruiz, en la sede de la Conselleria en Valencia. En dicha reuni\u00f3n, los representantes de los \u00f3pticos-optometristas de la<\/p>\n","protected":false},"author":2,"featured_media":0,"comment_status":"closed","ping_status":"closed","sticky":false,"template":"","format":"standard","meta":{"footnotes":""},"categories":[10,4],"tags":[],"class_list":["post-2444","post","type-post","status-publish","format-standard","hentry","category-cuidado-ocular","category-espana"],"publishpress_future_action":{"enabled":false,"date":"2026-05-02 06:40:51","action":"change-status","newStatus":"draft","terms":[],"taxonomy":"category","extraData":[]},"publishpress_future_workflow_manual_trigger":{"enabledWorkflows":[]},"_links":{"self":[{"href":"https:\/\/hlrnet.net\/sites\/actu-es\/wp-json\/wp\/v2\/posts\/2444","targetHints":{"allow":["GET"]}}],"collection":[{"href":"https:\/\/hlrnet.net\/sites\/actu-es\/wp-json\/wp\/v2\/posts"}],"about":[{"href":"https:\/\/hlrnet.net\/sites\/actu-es\/wp-json\/wp\/v2\/types\/post"}],"author":[{"embeddable":true,"href":"https:\/\/hlrnet.net\/sites\/actu-es\/wp-json\/wp\/v2\/users\/2"}],"replies":[{"embeddable":true,"href":"https:\/\/hlrnet.net\/sites\/actu-es\/wp-json\/wp\/v2\/comments?post=2444"}],"version-history":[{"count":0,"href":"https:\/\/hlrnet.net\/sites\/actu-es\/wp-json\/wp\/v2\/posts\/2444\/revisions"}],"wp:attachment":[{"href":"https:\/\/hlrnet.net\/sites\/actu-es\/wp-json\/wp\/v2\/media?parent=2444"}],"wp:term":[{"taxonomy":"category","embeddable":true,"href":"https:\/\/hlrnet.net\/sites\/actu-es\/wp-json\/wp\/v2\/categories?post=2444"},{"taxonomy":"post_tag","embeddable":true,"href":"https:\/\/hlrnet.net\/sites\/actu-es\/wp-json\/wp\/v2\/tags?post=2444"}],"curies":[{"name":"wp","href":"https:\/\/api.w.org\/{rel}","templated":true}]}}