{"id":2528,"date":"2023-02-16T11:05:59","date_gmt":"2023-02-16T11:05:59","guid":{"rendered":"http:\/\/hugu.sescam.jccm.es\/noticias\/2658\/los-centros-area-integrada-guadalajara-se-han-sumado-celebracion-dia-internacional-cancer-infantil"},"modified":"2023-02-16T11:05:59","modified_gmt":"2023-02-16T11:05:59","slug":"los-centros-del-area-integrada-de-guadalajara-se-han-sumado-a-la-celebracion-del-dia-internacional-del-cancer-infantil","status":"publish","type":"post","link":"https:\/\/hlrnet.net\/sites\/actu-es\/2023\/02\/16\/los-centros-del-area-integrada-de-guadalajara-se-han-sumado-a-la-celebracion-del-dia-internacional-del-cancer-infantil\/","title":{"rendered":"Los centros del \u00c1rea Integrada de Guadalajara se han sumado a la celebraci\u00f3n del D\u00eda Internacional del C\u00e1ncer Infantil"},"content":{"rendered":"\n\n<div class=\"kk-star-ratings kksr-auto kksr-align-left kksr-valign-top\"\n    data-payload='{&quot;align&quot;:&quot;left&quot;,&quot;id&quot;:&quot;2528&quot;,&quot;slug&quot;:&quot;default&quot;,&quot;valign&quot;:&quot;top&quot;,&quot;ignore&quot;:&quot;&quot;,&quot;reference&quot;:&quot;auto&quot;,&quot;class&quot;:&quot;&quot;,&quot;count&quot;:&quot;0&quot;,&quot;legendonly&quot;:&quot;&quot;,&quot;readonly&quot;:&quot;&quot;,&quot;score&quot;:&quot;0&quot;,&quot;starsonly&quot;:&quot;&quot;,&quot;best&quot;:&quot;5&quot;,&quot;gap&quot;:&quot;5&quot;,&quot;greet&quot;:&quot;Rate this post&quot;,&quot;legend&quot;:&quot;0\\\/5 - (0 votes)&quot;,&quot;size&quot;:&quot;24&quot;,&quot;title&quot;:&quot;Los centros del \u00c1rea Integrada de Guadalajara se han sumado a la celebraci\u00f3n del D\u00eda Internacional del C\u00e1ncer Infantil&quot;,&quot;width&quot;:&quot;0&quot;,&quot;_legend&quot;:&quot;{score}\\\/{best} - ({count} {votes})&quot;,&quot;font_factor&quot;:&quot;1.25&quot;}'>\n            \n<div class=\"kksr-stars\">\n    \n<div class=\"kksr-stars-inactive\">\n            <div class=\"kksr-star\" data-star=\"1\" style=\"padding-right: 5px\">\n            \n\n<div class=\"kksr-icon\" style=\"width: 24px; height: 24px;\"><\/div>\n        <\/div>\n            <div class=\"kksr-star\" data-star=\"2\" style=\"padding-right: 5px\">\n            \n\n<div class=\"kksr-icon\" style=\"width: 24px; height: 24px;\"><\/div>\n        <\/div>\n            <div class=\"kksr-star\" data-star=\"3\" style=\"padding-right: 5px\">\n            \n\n<div class=\"kksr-icon\" style=\"width: 24px; height: 24px;\"><\/div>\n        <\/div>\n            <div class=\"kksr-star\" data-star=\"4\" style=\"padding-right: 5px\">\n            \n\n<div class=\"kksr-icon\" style=\"width: 24px; height: 24px;\"><\/div>\n        <\/div>\n            <div class=\"kksr-star\" data-star=\"5\" style=\"padding-right: 5px\">\n            \n\n<div class=\"kksr-icon\" style=\"width: 24px; height: 24px;\"><\/div>\n        <\/div>\n    <\/div>\n    \n<div class=\"kksr-stars-active\" style=\"width: 0px;\">\n            <div class=\"kksr-star\" style=\"padding-right: 5px\">\n            \n\n<div class=\"kksr-icon\" style=\"width: 24px; height: 24px;\"><\/div>\n        <\/div>\n            <div class=\"kksr-star\" style=\"padding-right: 5px\">\n            \n\n<div class=\"kksr-icon\" style=\"width: 24px; height: 24px;\"><\/div>\n        <\/div>\n            <div class=\"kksr-star\" style=\"padding-right: 5px\">\n            \n\n<div class=\"kksr-icon\" style=\"width: 24px; height: 24px;\"><\/div>\n        <\/div>\n            <div class=\"kksr-star\" style=\"padding-right: 5px\">\n            \n\n<div class=\"kksr-icon\" style=\"width: 24px; height: 24px;\"><\/div>\n        <\/div>\n            <div class=\"kksr-star\" style=\"padding-right: 5px\">\n            \n\n<div class=\"kksr-icon\" style=\"width: 24px; height: 24px;\"><\/div>\n        <\/div>\n    <\/div>\n<\/div>\n                \n\n<div class=\"kksr-legend\" style=\"font-size: 19.2px;\">\n            <span class=\"kksr-muted\">Rate this post<\/span>\n    <\/div>\n    <\/div>\n\n<div align=\"justify\"><b>El &aacute;rbol de la vida, compuesto por siluetas de manos,&nbsp; es el s&iacute;mbolo escogido para apoyar esta celebraci&oacute;n con la que dar visibilidad a una enfermedad por la que cada a&ntilde;o se registran 1.500 nuevos casos en nuestro pa&iacute;s. Los vest&iacute;bulos del Hospital de Guadalajara y del Centro de Atenci&oacute;n Materno-Infantil de Azuqueca exhiben estos &aacute;rboles cargados de mensajes de &aacute;nimo. <\/b><\/div>\n<p><\/p>\n<div align=\"justify\">El Hospital Universitario de Guadalajara y el Centro de Atenci&oacute;n Materno-Infantil de Azuqueca de Henares han apoyado la celebraci&oacute;n del&nbsp; D&iacute;a Internacional del C&aacute;ncer Infantil 2023 impulsada por la Asociaci&oacute;n de Familias de Ni&ntilde;os con C&aacute;ncer de Castilla-La Mancha (Afanion) con el objetivo de dar voz y visibilidad a una enfermedad que cada a&ntilde;o tiene en nuestro pa&iacute;s 1.500 nuevos casos.<br \/> El &aacute;rbol de la vida ha sido el s&iacute;mbolo escogido en este d&iacute;a, una iniciativa que ha contado con la colaboraci&oacute;n de los profesores del Equipo de Atenci&oacute;n Educativa Hospitalaria y Domiciliaria (Aula La Pecera) y el &aacute;rea de Humanizaci&oacute;n. <br \/>Ni&ntilde;os y ni&ntilde;as, profesionales y usuarios han recortado siluetas de sus manos y han escrito mensajes de apoyo y &aacute;nimo para los peque&ntilde;os que sufren c&aacute;ncer y sus familias. Con esas siluetas se han compuesto &aacute;rboles que decoran los vest&iacute;bulos del Hospital y del centro materno-infantil azudense.<\/p>\n<p> En el Hospital de Guadalajara, la delegada de Sanidad, Margarita Gascue&ntilde;a, el jefe de Pediatr&iacute;a, Alfonso Ortigado, la responsable de Humanizaci&oacute;n, Sandra Ropero, y representantes de la GAI, entre otros muchos trabajadores y usuarios, han dejado mensajes de apoyo en las siluetas que han aportado a este &aacute;rbol. <\/p>\n<p>En Azuqueca, la responsable de Enfermer&iacute;a, Eva de Miguel, y la trabajadora social, Mar&iacute;a del Carmen Montes, han montado este &aacute;rbol de la vida y han animado a los usuarios a decorar siluetas y escribir mensajes.<\/p><\/div>\n<p> <a href=\"http:\/\/hugu.sescam.jccm.es\/noticias\/2658\/los-centros-area-integrada-guadalajara-se-han-sumado-celebracion-dia-internacional-cancer-infantil\">Fuente<\/a><\/p>\n","protected":false},"excerpt":{"rendered":"<p>El &aacute;rbol de la vida, compuesto por siluetas de manos,&nbsp; es el s&iacute;mbolo escogido para apoyar esta celebraci&oacute;n con la que dar visibilidad a una enfermedad por la que cada a&ntilde;o se registran 1.500 nuevos casos en nuestro pa&iacute;s. Los vest&iacute;bulos del Hospital de Guadalajara y del Centro de Atenci&oacute;n<\/p>\n","protected":false},"author":2,"featured_media":0,"comment_status":"closed","ping_status":"closed","sticky":false,"template":"","format":"standard","meta":{"footnotes":""},"categories":[4],"tags":[],"class_list":["post-2528","post","type-post","status-publish","format-standard","hentry","category-espana"],"publishpress_future_action":{"enabled":false,"date":"2026-05-02 09:01:43","action":"change-status","newStatus":"draft","terms":[],"taxonomy":"category","extraData":[]},"publishpress_future_workflow_manual_trigger":{"enabledWorkflows":[]},"_links":{"self":[{"href":"https:\/\/hlrnet.net\/sites\/actu-es\/wp-json\/wp\/v2\/posts\/2528","targetHints":{"allow":["GET"]}}],"collection":[{"href":"https:\/\/hlrnet.net\/sites\/actu-es\/wp-json\/wp\/v2\/posts"}],"about":[{"href":"https:\/\/hlrnet.net\/sites\/actu-es\/wp-json\/wp\/v2\/types\/post"}],"author":[{"embeddable":true,"href":"https:\/\/hlrnet.net\/sites\/actu-es\/wp-json\/wp\/v2\/users\/2"}],"replies":[{"embeddable":true,"href":"https:\/\/hlrnet.net\/sites\/actu-es\/wp-json\/wp\/v2\/comments?post=2528"}],"version-history":[{"count":0,"href":"https:\/\/hlrnet.net\/sites\/actu-es\/wp-json\/wp\/v2\/posts\/2528\/revisions"}],"wp:attachment":[{"href":"https:\/\/hlrnet.net\/sites\/actu-es\/wp-json\/wp\/v2\/media?parent=2528"}],"wp:term":[{"taxonomy":"category","embeddable":true,"href":"https:\/\/hlrnet.net\/sites\/actu-es\/wp-json\/wp\/v2\/categories?post=2528"},{"taxonomy":"post_tag","embeddable":true,"href":"https:\/\/hlrnet.net\/sites\/actu-es\/wp-json\/wp\/v2\/tags?post=2528"}],"curies":[{"name":"wp","href":"https:\/\/api.w.org\/{rel}","templated":true}]}}