{"id":2530,"date":"2023-02-14T08:41:53","date_gmt":"2023-02-14T08:41:53","guid":{"rendered":"http:\/\/hugu.sescam.jccm.es\/noticias\/2656\/la-gerencia-area-integrada-guadalajara-trabaja-para-mejorar-comunicacion-usuarios-con-curso-dirigido-todo-personal-area"},"modified":"2023-02-14T08:41:53","modified_gmt":"2023-02-14T08:41:53","slug":"la-gerencia-del-area-integrada-de-guadalajara-trabaja-para-mejorar-la-comunicacion-a-los-usuarios-con-un-curso-dirigido-a-todo-el-personal-del-area","status":"publish","type":"post","link":"https:\/\/hlrnet.net\/sites\/actu-es\/2023\/02\/14\/la-gerencia-del-area-integrada-de-guadalajara-trabaja-para-mejorar-la-comunicacion-a-los-usuarios-con-un-curso-dirigido-a-todo-el-personal-del-area\/","title":{"rendered":"La Gerencia del \u00c1rea Integrada de Guadalajara trabaja para mejorar la comunicaci\u00f3n a los usuarios con un curso dirigido a todo el personal del \u00e1rea"},"content":{"rendered":"\n\n<div class=\"kk-star-ratings kksr-auto kksr-align-left kksr-valign-top\"\n    data-payload='{&quot;align&quot;:&quot;left&quot;,&quot;id&quot;:&quot;2530&quot;,&quot;slug&quot;:&quot;default&quot;,&quot;valign&quot;:&quot;top&quot;,&quot;ignore&quot;:&quot;&quot;,&quot;reference&quot;:&quot;auto&quot;,&quot;class&quot;:&quot;&quot;,&quot;count&quot;:&quot;0&quot;,&quot;legendonly&quot;:&quot;&quot;,&quot;readonly&quot;:&quot;&quot;,&quot;score&quot;:&quot;0&quot;,&quot;starsonly&quot;:&quot;&quot;,&quot;best&quot;:&quot;5&quot;,&quot;gap&quot;:&quot;5&quot;,&quot;greet&quot;:&quot;Rate this post&quot;,&quot;legend&quot;:&quot;0\\\/5 - (0 votes)&quot;,&quot;size&quot;:&quot;24&quot;,&quot;title&quot;:&quot;La Gerencia del \u00c1rea Integrada de Guadalajara trabaja para mejorar la comunicaci\u00f3n a los usuarios con un curso dirigido a todo el personal del \u00e1rea&quot;,&quot;width&quot;:&quot;0&quot;,&quot;_legend&quot;:&quot;{score}\\\/{best} - ({count} {votes})&quot;,&quot;font_factor&quot;:&quot;1.25&quot;}'>\n            \n<div class=\"kksr-stars\">\n    \n<div class=\"kksr-stars-inactive\">\n            <div class=\"kksr-star\" data-star=\"1\" style=\"padding-right: 5px\">\n            \n\n<div class=\"kksr-icon\" style=\"width: 24px; height: 24px;\"><\/div>\n        <\/div>\n            <div class=\"kksr-star\" data-star=\"2\" style=\"padding-right: 5px\">\n            \n\n<div class=\"kksr-icon\" style=\"width: 24px; height: 24px;\"><\/div>\n        <\/div>\n            <div class=\"kksr-star\" data-star=\"3\" style=\"padding-right: 5px\">\n            \n\n<div class=\"kksr-icon\" style=\"width: 24px; height: 24px;\"><\/div>\n        <\/div>\n            <div class=\"kksr-star\" data-star=\"4\" style=\"padding-right: 5px\">\n            \n\n<div class=\"kksr-icon\" style=\"width: 24px; height: 24px;\"><\/div>\n        <\/div>\n            <div class=\"kksr-star\" data-star=\"5\" style=\"padding-right: 5px\">\n            \n\n<div class=\"kksr-icon\" style=\"width: 24px; height: 24px;\"><\/div>\n        <\/div>\n    <\/div>\n    \n<div class=\"kksr-stars-active\" style=\"width: 0px;\">\n            <div class=\"kksr-star\" style=\"padding-right: 5px\">\n            \n\n<div class=\"kksr-icon\" style=\"width: 24px; height: 24px;\"><\/div>\n        <\/div>\n            <div class=\"kksr-star\" style=\"padding-right: 5px\">\n            \n\n<div class=\"kksr-icon\" style=\"width: 24px; height: 24px;\"><\/div>\n        <\/div>\n            <div class=\"kksr-star\" style=\"padding-right: 5px\">\n            \n\n<div class=\"kksr-icon\" style=\"width: 24px; height: 24px;\"><\/div>\n        <\/div>\n            <div class=\"kksr-star\" style=\"padding-right: 5px\">\n            \n\n<div class=\"kksr-icon\" style=\"width: 24px; height: 24px;\"><\/div>\n        <\/div>\n            <div class=\"kksr-star\" style=\"padding-right: 5px\">\n            \n\n<div class=\"kksr-icon\" style=\"width: 24px; height: 24px;\"><\/div>\n        <\/div>\n    <\/div>\n<\/div>\n                \n\n<div class=\"kksr-legend\" style=\"font-size: 19.2px;\">\n            <span class=\"kksr-muted\">Rate this post<\/span>\n    <\/div>\n    <\/div>\n\n<div align=\"justify\"><b>Ya se han celebrado tres ediciones del Curso de Comunicaci&oacute;n Eficaz para la Atenci&oacute;n al Usuario, que ha contado con gran acogida por parte de los profesionales. El &uacute;ltimo trimestre del a&ntilde;o se celebrar&aacute;n nuevas sesiones dirigidas a trabajadores de todas las categor&iacute;as profesionales de la GAI de Guadalajara. <\/b><\/div>\n<p> <\/p>\n<p align=\"justify\">La Gerencia del &Aacute;rea Integrada de Guadalajara, a trav&eacute;s de su Direcci&oacute;n de Enfermer&iacute;a, contin&uacute;a trabajando en la mejora de la atenci&oacute;n que se presta a los usuarios de la sanidad a trav&eacute;s de distintas iniciativas de formaci&oacute;n y humanizaci&oacute;n.<\/p>\n<p align=\"justify\">Durante el &uacute;ltimo a&ntilde;o, el Servicio de Informaci&oacute;n y Atenci&oacute;n al Usuario de la GAI de Guadalajara (SIAU) ha desarrollado actividades encaminadas a conocer la opini&oacute;n de los pacientes hospitalizados y los aspectos a mejorar en su atenci&oacute;n para definir nuevas l&iacute;neas estrat&eacute;gicas con las que aumentar la satisfacci&oacute;n y mejorar la experiencia de los usuarios. Entre estas acciones figuraba la realizaci&oacute;n de una encuesta a casi 400 pacientes ingresados y a familiares en las distintas unidades de hospitalizaci&oacute;n entre los meses de julio a septiembre. <\/p>\n<p align=\"justify\">Con las conclusiones extra&iacute;das de dichas encuestas se han tomado una serie de decisiones sobre aspectos en los que incidir para mejorar la percepci&oacute;n relativa a su experiencia con el sistema sanitario.<\/p>\n<div align=\"justify\">En colaboraci&oacute;n con el &aacute;rea de Humanizaci&oacute;n, se ha organizado una formaci&oacute;n bajo el t&iacute;tulo &lsquo;Curso de Comunicaci&oacute;n Eficaz para la Atenci&oacute;n al Usuario&rsquo; dirigida al personal de todas las categor&iacute;as profesionales del &Aacute;rea de Guadalajara. Ya se han celebrado tres ediciones del curso, que ha contado con gran acogida por parte de los trabajadores, y se programar&aacute;n dos nuevas fechas para llegar al m&aacute;ximo n&uacute;mero de trabajadores, que se comunicar&aacute;n en su momento para que los interesados puedan inscribirse a trav&eacute;s del portal de formaci&oacute;n SOFOS. <\/div>\n<p align=\"justify\">El servicio de Atenci&oacute;n al Usuario anima a todos los trabajadores a participar en esta formaci&oacute;n que imparte la enfermera especialista en Salud Mental y psic&oacute;loga Judith Palomares. <\/p>\n<p align=\"justify\">Respecto al contenido, el programa abarca un apartado te&oacute;rico-pr&aacute;ctico sobre estrategias para comunicarnos adecuadamente con los usuarios ante distintas situaciones, tanto en la actividad cotidiana como en situaciones de conflicto, problem&aacute;tica social, en cuestiones relacionadas con la accesibilidad o en relaci&oacute;n a posibles barreras idiom&aacute;ticas y culturales.<\/p>\n<p align=\"justify\"><b>Apuesta por la mejora<\/b><\/p>\n<p align=\"justify\">Por otra parte, desde Atenci&oacute;n al Paciente se va poner en marcha el nuevo Proceso de Informaci&oacute;n del Servicio de Urgencias.<\/p>\n<p align=\"justify\">Los d&iacute;as 20 y 22 de febrero, el Jefe de Atenci&oacute;n al Paciente de la GAI de Guadalajara, Alejandro Lara, explicar&aacute; en el sal&oacute;n de actos del hospital los detalles de dicho proceso, que ayudar&aacute; a mejorar la asistencia sanitaria a pacientes y familiares. Las sesiones, para las que no es necesaria inscripci&oacute;n previa, se dirigen al personal de todas las categor&iacute;as de la Urgencia y tendr&aacute;n lugar a las 14:00 horas.<\/p>\n<p align=\"justify\">El Proceso de Informaci&oacute;n ser&aacute; expuesto de igual modo en las II Jornadas Regionales de Servicios de Informaci&oacute;n y Atenci&oacute;n a Usuarios, que se celebrar&aacute;n los d&iacute;as 24 y 25 de Mayo en Talavera, para conocimiento de todas las Gerencias de Castilla-La Mancha.<\/p>\n<p align=\"justify\">Adem&aacute;s se est&aacute; formando a profesionales que impulsen y lideren iniciativas de mejora en la atenci&oacute;n al usuario y se est&aacute;n impartiendo talleres, adem&aacute;s de los citados cursos de comunicaci&oacute;n.<\/p>\n<p align=\"justify\">Estas iniciativas refuerzan el papel que tienen los Servicios de Informaci&oacute;n y Atenci&oacute;n al Usuario, cuya labor &ldquo;no se puede limitar a recoger y tramitar sugerencias y reclamaciones&rdquo; sino que debe orientarse a detectar fortalezas y debilidades y poner en marcha acciones correctivas cuando se detectan problemas recurrentes, as&iacute; como al seguimiento de las medidas adoptadas y el an&aacute;lisis de los resultados.<\/p>\n<p align=\"justify\">\n<p> <a href=\"http:\/\/hugu.sescam.jccm.es\/noticias\/2656\/la-gerencia-area-integrada-guadalajara-trabaja-para-mejorar-comunicacion-usuarios-con-curso-dirigido-todo-personal-area\">Fuente<\/a><\/p>\n","protected":false},"excerpt":{"rendered":"<p>Ya se han celebrado tres ediciones del Curso de Comunicaci&oacute;n Eficaz para la Atenci&oacute;n al Usuario, que ha contado con gran acogida por parte de los profesionales. El &uacute;ltimo trimestre del a&ntilde;o se celebrar&aacute;n nuevas sesiones dirigidas a trabajadores de todas las categor&iacute;as profesionales de la GAI de Guadalajara. La<\/p>\n","protected":false},"author":2,"featured_media":0,"comment_status":"closed","ping_status":"closed","sticky":false,"template":"","format":"standard","meta":{"footnotes":""},"categories":[4],"tags":[],"class_list":["post-2530","post","type-post","status-publish","format-standard","hentry","category-espana"],"publishpress_future_action":{"enabled":false,"date":"2026-05-02 05:23:52","action":"change-status","newStatus":"draft","terms":[],"taxonomy":"category","extraData":[]},"publishpress_future_workflow_manual_trigger":{"enabledWorkflows":[]},"_links":{"self":[{"href":"https:\/\/hlrnet.net\/sites\/actu-es\/wp-json\/wp\/v2\/posts\/2530","targetHints":{"allow":["GET"]}}],"collection":[{"href":"https:\/\/hlrnet.net\/sites\/actu-es\/wp-json\/wp\/v2\/posts"}],"about":[{"href":"https:\/\/hlrnet.net\/sites\/actu-es\/wp-json\/wp\/v2\/types\/post"}],"author":[{"embeddable":true,"href":"https:\/\/hlrnet.net\/sites\/actu-es\/wp-json\/wp\/v2\/users\/2"}],"replies":[{"embeddable":true,"href":"https:\/\/hlrnet.net\/sites\/actu-es\/wp-json\/wp\/v2\/comments?post=2530"}],"version-history":[{"count":0,"href":"https:\/\/hlrnet.net\/sites\/actu-es\/wp-json\/wp\/v2\/posts\/2530\/revisions"}],"wp:attachment":[{"href":"https:\/\/hlrnet.net\/sites\/actu-es\/wp-json\/wp\/v2\/media?parent=2530"}],"wp:term":[{"taxonomy":"category","embeddable":true,"href":"https:\/\/hlrnet.net\/sites\/actu-es\/wp-json\/wp\/v2\/categories?post=2530"},{"taxonomy":"post_tag","embeddable":true,"href":"https:\/\/hlrnet.net\/sites\/actu-es\/wp-json\/wp\/v2\/tags?post=2530"}],"curies":[{"name":"wp","href":"https:\/\/api.w.org\/{rel}","templated":true}]}}