{"id":2657,"date":"2023-04-25T14:13:03","date_gmt":"2023-04-25T14:13:03","guid":{"rendered":"http:\/\/hugu.sescam.jccm.es\/noticias\/2715\/profesionales-familias-se-han-reunido-guadalajara-i-jornada-atencion-acompanamiento-duelo-perinatal-para-mejorar-atencion-quienes-viven-este-tipo-duelo"},"modified":"2023-04-25T14:13:03","modified_gmt":"2023-04-25T14:13:03","slug":"profesionales-y-familias-se-han-reunido-en-guadalajara-en-la-i-jornada-de-atencion-y-acompanamiento-al-duelo-perinatal-para-mejorar-la-atencion-a-quienes-viven-este-tipo-de-duelo","status":"publish","type":"post","link":"https:\/\/hlrnet.net\/sites\/actu-es\/2023\/04\/25\/profesionales-y-familias-se-han-reunido-en-guadalajara-en-la-i-jornada-de-atencion-y-acompanamiento-al-duelo-perinatal-para-mejorar-la-atencion-a-quienes-viven-este-tipo-de-duelo\/","title":{"rendered":"Profesionales y familias se han reunido en Guadalajara en la I Jornada de Atenci\u00f3n y Acompa\u00f1amiento al Duelo perinatal para mejorar la atenci\u00f3n a quienes viven este tipo de duelo"},"content":{"rendered":"\n\n<div class=\"kk-star-ratings kksr-auto kksr-align-left kksr-valign-top\"\n    data-payload='{&quot;align&quot;:&quot;left&quot;,&quot;id&quot;:&quot;2657&quot;,&quot;slug&quot;:&quot;default&quot;,&quot;valign&quot;:&quot;top&quot;,&quot;ignore&quot;:&quot;&quot;,&quot;reference&quot;:&quot;auto&quot;,&quot;class&quot;:&quot;&quot;,&quot;count&quot;:&quot;0&quot;,&quot;legendonly&quot;:&quot;&quot;,&quot;readonly&quot;:&quot;&quot;,&quot;score&quot;:&quot;0&quot;,&quot;starsonly&quot;:&quot;&quot;,&quot;best&quot;:&quot;5&quot;,&quot;gap&quot;:&quot;5&quot;,&quot;greet&quot;:&quot;Rate this post&quot;,&quot;legend&quot;:&quot;0\\\/5 - (0 votes)&quot;,&quot;size&quot;:&quot;24&quot;,&quot;title&quot;:&quot;Profesionales y familias se han reunido en Guadalajara en la I Jornada de Atenci\u00f3n y Acompa\u00f1amiento al Duelo perinatal para mejorar la atenci\u00f3n a quienes viven este tipo de duelo&quot;,&quot;width&quot;:&quot;0&quot;,&quot;_legend&quot;:&quot;{score}\\\/{best} - ({count} {votes})&quot;,&quot;font_factor&quot;:&quot;1.25&quot;}'>\n            \n<div class=\"kksr-stars\">\n    \n<div class=\"kksr-stars-inactive\">\n            <div class=\"kksr-star\" data-star=\"1\" style=\"padding-right: 5px\">\n            \n\n<div class=\"kksr-icon\" style=\"width: 24px; height: 24px;\"><\/div>\n        <\/div>\n            <div class=\"kksr-star\" data-star=\"2\" style=\"padding-right: 5px\">\n            \n\n<div class=\"kksr-icon\" style=\"width: 24px; height: 24px;\"><\/div>\n        <\/div>\n            <div class=\"kksr-star\" data-star=\"3\" style=\"padding-right: 5px\">\n            \n\n<div class=\"kksr-icon\" style=\"width: 24px; height: 24px;\"><\/div>\n        <\/div>\n            <div class=\"kksr-star\" data-star=\"4\" style=\"padding-right: 5px\">\n            \n\n<div class=\"kksr-icon\" style=\"width: 24px; height: 24px;\"><\/div>\n        <\/div>\n            <div class=\"kksr-star\" data-star=\"5\" style=\"padding-right: 5px\">\n            \n\n<div class=\"kksr-icon\" style=\"width: 24px; height: 24px;\"><\/div>\n        <\/div>\n    <\/div>\n    \n<div class=\"kksr-stars-active\" style=\"width: 0px;\">\n            <div class=\"kksr-star\" style=\"padding-right: 5px\">\n            \n\n<div class=\"kksr-icon\" style=\"width: 24px; height: 24px;\"><\/div>\n        <\/div>\n            <div class=\"kksr-star\" style=\"padding-right: 5px\">\n            \n\n<div class=\"kksr-icon\" style=\"width: 24px; height: 24px;\"><\/div>\n        <\/div>\n            <div class=\"kksr-star\" style=\"padding-right: 5px\">\n            \n\n<div class=\"kksr-icon\" style=\"width: 24px; height: 24px;\"><\/div>\n        <\/div>\n            <div class=\"kksr-star\" style=\"padding-right: 5px\">\n            \n\n<div class=\"kksr-icon\" style=\"width: 24px; height: 24px;\"><\/div>\n        <\/div>\n            <div class=\"kksr-star\" style=\"padding-right: 5px\">\n            \n\n<div class=\"kksr-icon\" style=\"width: 24px; height: 24px;\"><\/div>\n        <\/div>\n    <\/div>\n<\/div>\n                \n\n<div class=\"kksr-legend\" style=\"font-size: 19.2px;\">\n            <span class=\"kksr-muted\">Rate this post<\/span>\n    <\/div>\n    <\/div>\n\n<div align=\"justify\"><b>La celebraci&oacute;n de estas jornadas se enmarca dentro de la implementaci&oacute;n del protocolo para facilitar el proceso de duelo gestacional, perinatal y neonatal, que se est&aacute; llevando tambi&eacute;n a las distintas gerencias del SESCAM. Es una de las acciones en las que se trabaja, de la mano de los profesionales y con las aportaciones de los pacientes, dentro del Plan de Humanizaci&oacute;n de la Asistencia Sanitaria en Castilla-La Mancha. <\/b><\/div>\n<p> <\/p>\n<p align=\"justify\">M&aacute;s de 150 personas han asistido hoy en el Hospital Universitario de Guadalajara, dependiente del Servicio de Salud de Castilla-La Mancha, a la primera edici&oacute;n de las &lsquo;Jornadas de Atenci&oacute;n y Acompa&ntilde;amiento al Duelo Perinatal&rsquo;. <\/p>\n<p align=\"justify\">El acto, en el que han participado pacientes y profesionales de distintas unidades y categor&iacute;as profesionales implicadas en la atenci&oacute;n a las personas que sufren este tipo de p&eacute;rdida, ten&iacute;a como fin dar visibilidad al duelo gestacional, perinatal y neonatal a trav&eacute;s de acciones encaminadas a apoyar a las familias mediante el acompa&ntilde;amiento y la puesta en marcha de protocolos de atenci&oacute;n que ayuden en el proceso de duelo.<\/p>\n<p align=\"justify\">La apertura de la jornada ha contado con la presencia del alcalde de Guadalajara, Alberto Rojo, el jefe de servicio de Programas de la Direcci&oacute;n General de Humanizaci&oacute;n, Rodrigo Guti&eacute;rrez, el delegado de la Junta en Guadalajara, Eusebio Robles, y el gerente del &Aacute;rea Integrada de Guadalajara, Antonio Sanz.<\/p>\n<p align=\"justify\">Rodrigo Guti&eacute;rrez ha destacado el valor de visibilizar el duelo perinatal, neonatal y gestacional que hasta hace poco tiempo resultaba &ldquo;desconocido y poco reconocido pero que tiene mucha importancia&rdquo; y la necesidad de iniciativas para garantizar una atenci&oacute;n &ldquo;m&aacute;s cercana, emp&aacute;tica y respetuosa con los pacientes, y por ello de mayor calidad&rdquo;. La humanizaci&oacute;n, ha a&ntilde;adido, es &ldquo;un concepto transversal que debe impregnar todos los procesos y acciones de la asistencia sanitaria&rdquo;.<\/p>\n<p align=\"justify\">La jornada se ha desarrollado bajo el lema &lsquo;El duelo no es olvidar, es vivir de otra manera&rsquo; y se enmarcaba dentro de la implementaci&oacute;n del protocolo de duelo perinatal en las distintas gerencias del SESCAM, que est&aacute; siendo un referente para hospitales y gerencias de toda Espa&ntilde;a. El acto estaba dirigido a los profesionales implicados a la atenci&oacute;n a las familias que sufren este tipo de duelo pero tambi&eacute;n a familias y asociaciones. <\/p>\n<p align=\"justify\">El objetivo de su celebraci&oacute;n es el de sensibilizar a los profesionales en la atenci&oacute;n a las familias y dotarles de recursos, as&iacute; como visibilizar el duelo en los distintos casos y exponer un problema poco reconocido que muchas personas han afrontado en soledad.<\/p>\n<p align=\"justify\">El servicio de Humanizaci&oacute;n de la GAI de Guadalajara, encabezado por la enfermera Sandra Ropero, y la Unidad de Docencia, Investigaci&oacute;n y Formaci&oacute;n han preparado esta jornada con la colaboraci&oacute;n de ginec&oacute;logos y obstetras, matronas, pediatras, psic&oacute;logos y profesionales de Atenci&oacute;n Primaria y de distintas especialidades hospitalarias, con la colaboraci&oacute;n de la Red de Apoyo a las familias en duelo perinatal de Castilla-La Mancha &lsquo;Meciendo Estrellas&rsquo;.<\/p>\n<p align=\"justify\">A lo largo de la jornada se han abordado temas como el acompa&ntilde;amiento y el apoyo psicol&oacute;gico durante el duelo perinatal y la facilitaci&oacute;n del v&iacute;nculo en la nueva gestaci&oacute;n, as&iacute; como la importancia de la escucha, el impacto emocional en estas situaciones, los cuidados a la familia en duelo perinatal tanto en el hospital como en Atenci&oacute;n Primaria o c&oacute;mo afectan estas situaciones tambi&eacute;n a los profesionales que intervienen en el proceso.<\/p>\n<p align=\"justify\">Han participado representantes de la Direcci&oacute;n General de Humanizaci&oacute;n y profesionales de Atenci&oacute;n Primaria y del hospital y ha contado con las aportaciones de la Red &lsquo;Meciendo Estrellas-CLM&rsquo; o la Asociaci&oacute;n &lsquo;Cu&eacute;ntame algo que me reconforte&rsquo;, entre otros. Finalmente, la jornada ha dedicado un apartado a escuchar la experiencia de personas que han pasado o pasan por la situaci&oacute;n de duelo perinatal.<\/p>\n<p> <a href=\"http:\/\/hugu.sescam.jccm.es\/noticias\/2715\/profesionales-familias-se-han-reunido-guadalajara-i-jornada-atencion-acompanamiento-duelo-perinatal-para-mejorar-atencion-quienes-viven-este-tipo-duelo\">Fuente<\/a><\/p>\n","protected":false},"excerpt":{"rendered":"<p>La celebraci&oacute;n de estas jornadas se enmarca dentro de la implementaci&oacute;n del protocolo para facilitar el proceso de duelo gestacional, perinatal y neonatal, que se est&aacute; llevando tambi&eacute;n a las distintas gerencias del SESCAM. Es una de las acciones en las que se trabaja, de la mano de los profesionales<\/p>\n","protected":false},"author":2,"featured_media":0,"comment_status":"closed","ping_status":"closed","sticky":false,"template":"","format":"standard","meta":{"footnotes":""},"categories":[4],"tags":[],"class_list":["post-2657","post","type-post","status-publish","format-standard","hentry","category-espana"],"publishpress_future_action":{"enabled":false,"date":"2026-05-02 04:47:38","action":"change-status","newStatus":"draft","terms":[],"taxonomy":"category","extraData":[]},"publishpress_future_workflow_manual_trigger":{"enabledWorkflows":[]},"_links":{"self":[{"href":"https:\/\/hlrnet.net\/sites\/actu-es\/wp-json\/wp\/v2\/posts\/2657","targetHints":{"allow":["GET"]}}],"collection":[{"href":"https:\/\/hlrnet.net\/sites\/actu-es\/wp-json\/wp\/v2\/posts"}],"about":[{"href":"https:\/\/hlrnet.net\/sites\/actu-es\/wp-json\/wp\/v2\/types\/post"}],"author":[{"embeddable":true,"href":"https:\/\/hlrnet.net\/sites\/actu-es\/wp-json\/wp\/v2\/users\/2"}],"replies":[{"embeddable":true,"href":"https:\/\/hlrnet.net\/sites\/actu-es\/wp-json\/wp\/v2\/comments?post=2657"}],"version-history":[{"count":0,"href":"https:\/\/hlrnet.net\/sites\/actu-es\/wp-json\/wp\/v2\/posts\/2657\/revisions"}],"wp:attachment":[{"href":"https:\/\/hlrnet.net\/sites\/actu-es\/wp-json\/wp\/v2\/media?parent=2657"}],"wp:term":[{"taxonomy":"category","embeddable":true,"href":"https:\/\/hlrnet.net\/sites\/actu-es\/wp-json\/wp\/v2\/categories?post=2657"},{"taxonomy":"post_tag","embeddable":true,"href":"https:\/\/hlrnet.net\/sites\/actu-es\/wp-json\/wp\/v2\/tags?post=2657"}],"curies":[{"name":"wp","href":"https:\/\/api.w.org\/{rel}","templated":true}]}}