{"id":2739,"date":"2023-06-01T09:30:00","date_gmt":"2023-06-01T09:30:00","guid":{"rendered":"http:\/\/coooaoptometria.com\/?p=6279"},"modified":"2023-06-01T09:30:00","modified_gmt":"2023-06-01T09:30:00","slug":"el-valor-de-una-vision-saludable-mas-alla-de-la-agudeza-visual","status":"publish","type":"post","link":"https:\/\/hlrnet.net\/sites\/actu-es\/2023\/06\/01\/el-valor-de-una-vision-saludable-mas-alla-de-la-agudeza-visual\/","title":{"rendered":"El valor de una visi\u00f3n saludable: m\u00e1s all\u00e1 de la agudeza visual"},"content":{"rendered":"\n\n<div class=\"kk-star-ratings kksr-auto kksr-align-left kksr-valign-top\"\n    data-payload='{&quot;align&quot;:&quot;left&quot;,&quot;id&quot;:&quot;2739&quot;,&quot;slug&quot;:&quot;default&quot;,&quot;valign&quot;:&quot;top&quot;,&quot;ignore&quot;:&quot;&quot;,&quot;reference&quot;:&quot;auto&quot;,&quot;class&quot;:&quot;&quot;,&quot;count&quot;:&quot;0&quot;,&quot;legendonly&quot;:&quot;&quot;,&quot;readonly&quot;:&quot;&quot;,&quot;score&quot;:&quot;0&quot;,&quot;starsonly&quot;:&quot;&quot;,&quot;best&quot;:&quot;5&quot;,&quot;gap&quot;:&quot;5&quot;,&quot;greet&quot;:&quot;Rate this post&quot;,&quot;legend&quot;:&quot;0\\\/5 - (0 votes)&quot;,&quot;size&quot;:&quot;24&quot;,&quot;title&quot;:&quot;El valor de una visi\u00f3n saludable: m\u00e1s all\u00e1 de la agudeza visual&quot;,&quot;width&quot;:&quot;0&quot;,&quot;_legend&quot;:&quot;{score}\\\/{best} - ({count} {votes})&quot;,&quot;font_factor&quot;:&quot;1.25&quot;}'>\n            \n<div class=\"kksr-stars\">\n    \n<div class=\"kksr-stars-inactive\">\n            <div class=\"kksr-star\" data-star=\"1\" style=\"padding-right: 5px\">\n            \n\n<div class=\"kksr-icon\" style=\"width: 24px; height: 24px;\"><\/div>\n        <\/div>\n            <div class=\"kksr-star\" data-star=\"2\" style=\"padding-right: 5px\">\n            \n\n<div class=\"kksr-icon\" style=\"width: 24px; height: 24px;\"><\/div>\n        <\/div>\n            <div class=\"kksr-star\" data-star=\"3\" style=\"padding-right: 5px\">\n            \n\n<div class=\"kksr-icon\" style=\"width: 24px; height: 24px;\"><\/div>\n        <\/div>\n            <div class=\"kksr-star\" data-star=\"4\" style=\"padding-right: 5px\">\n            \n\n<div class=\"kksr-icon\" style=\"width: 24px; height: 24px;\"><\/div>\n        <\/div>\n            <div class=\"kksr-star\" data-star=\"5\" style=\"padding-right: 5px\">\n            \n\n<div class=\"kksr-icon\" style=\"width: 24px; height: 24px;\"><\/div>\n        <\/div>\n    <\/div>\n    \n<div class=\"kksr-stars-active\" style=\"width: 0px;\">\n            <div class=\"kksr-star\" style=\"padding-right: 5px\">\n            \n\n<div class=\"kksr-icon\" style=\"width: 24px; height: 24px;\"><\/div>\n        <\/div>\n            <div class=\"kksr-star\" style=\"padding-right: 5px\">\n            \n\n<div class=\"kksr-icon\" style=\"width: 24px; height: 24px;\"><\/div>\n        <\/div>\n            <div class=\"kksr-star\" style=\"padding-right: 5px\">\n            \n\n<div class=\"kksr-icon\" style=\"width: 24px; height: 24px;\"><\/div>\n        <\/div>\n            <div class=\"kksr-star\" style=\"padding-right: 5px\">\n            \n\n<div class=\"kksr-icon\" style=\"width: 24px; height: 24px;\"><\/div>\n        <\/div>\n            <div class=\"kksr-star\" style=\"padding-right: 5px\">\n            \n\n<div class=\"kksr-icon\" style=\"width: 24px; height: 24px;\"><\/div>\n        <\/div>\n    <\/div>\n<\/div>\n                \n\n<div class=\"kksr-legend\" style=\"font-size: 19.2px;\">\n            <span class=\"kksr-muted\">Rate this post<\/span>\n    <\/div>\n    <\/div>\n\n<p><img loading=\"lazy\" decoding=\"async\" data-attachment-id=\"6427\" data-permalink=\"https:\/\/coooaoptometria.com\/2023\/06\/01\/el-valor-de-una-vision-saludable-mas-alla-de-la-agudeza-visual\/salud-visual\/\" data-orig-file=\"https:\/\/coooaoptometria.files.wordpress.com\/2023\/06\/salud-visual.jpg\" data-orig-size=\"1062,634\" data-comments-opened=\"1\" data-image-meta=\"{&quot;aperture&quot;:&quot;0&quot;,&quot;credit&quot;:&quot;Daniel&quot;,&quot;camera&quot;:&quot;&quot;,&quot;caption&quot;:&quot;&quot;,&quot;created_timestamp&quot;:&quot;1687791444&quot;,&quot;copyright&quot;:&quot;&quot;,&quot;focal_length&quot;:&quot;0&quot;,&quot;iso&quot;:&quot;0&quot;,&quot;shutter_speed&quot;:&quot;0&quot;,&quot;title&quot;:&quot;&quot;,&quot;orientation&quot;:&quot;0&quot;}\" data-image-title=\"salud visual\" data-image-description=\"\" data-image-caption=\"\" data-medium-file=\"https:\/\/coooaoptometria.files.wordpress.com\/2023\/06\/salud-visual.jpg?w=300\" data-large-file=\"https:\/\/coooaoptometria.files.wordpress.com\/2023\/06\/salud-visual.jpg?w=700\" class=\"aligncenter size-large wp-image-6427\" src=\"https:\/\/coooaoptometria.files.wordpress.com\/2023\/06\/salud-visual.jpg?w=700\" alt=\"\" width=\"700\" height=\"418\" srcset=\"https:\/\/coooaoptometria.files.wordpress.com\/2023\/06\/salud-visual.jpg?w=700 700w, https:\/\/coooaoptometria.files.wordpress.com\/2023\/06\/salud-visual.jpg?w=150 150w, https:\/\/coooaoptometria.files.wordpress.com\/2023\/06\/salud-visual.jpg?w=300 300w, https:\/\/coooaoptometria.files.wordpress.com\/2023\/06\/salud-visual.jpg?w=768 768w, https:\/\/coooaoptometria.files.wordpress.com\/2023\/06\/salud-visual.jpg?w=1024 1024w, https:\/\/coooaoptometria.files.wordpress.com\/2023\/06\/salud-visual.jpg 1062w\" sizes=\"auto, (max-width: 700px) 100vw, 700px\" \/><\/p>\n<p>A menudo llegan a nuestras \u00f3pticas pacientes que refieren<strong> \u2018no ver bien\u2019<\/strong>, realizamos una refracci\u00f3n a trav\u00e9s de autorrefract\u00f3metro, retinoscopia, subjetivo, etc. y observamos que <strong>no necesita graduaci\u00f3n<\/strong> o que, a pesar de llevar la graduaci\u00f3n correcta, no mejora.<\/p>\n<p>Muchos de ellos no se refieren a la cantidad, sino a la <strong>calidad de su visi\u00f3n<\/strong>. Tienen una agudeza visual estupenda, pero su visi\u00f3n no es estable. Puede que a veces su refracci\u00f3n cambie a lo largo del d\u00eda, que les aumente la miop\u00eda en \u00e9poca de ex\u00e1menes u oposiciones, por trabajo, que se mareen al llevar la graduaci\u00f3n correcta, tengan visi\u00f3n borrosa moment\u00e1nea o que les duela la cabeza tras hacer tareas visuales.<\/p>\n<p>Todos estos s\u00edntomas nos dan pistas de que, quiz\u00e1s, necesita una<strong> evaluaci\u00f3n optom\u00e9trica m\u00e1s completa <\/strong>donde se eval\u00faen movimientos oculares, vergencias en lejos y cerca, fusi\u00f3n plana, estereopsis, agudeza visual en binocular, flexibilidad acomodativa, amplitud de acomodaci\u00f3n, etc.<\/p>\n<p>Pero,<strong><em> \u00bfc\u00f3mo puede afectar un problema visual en su d\u00eda a d\u00eda?<\/em><\/strong><\/p>\n<ul>\n<li><strong>Acomodaci\u00f3n.<\/strong> Se debe valorar independientemente de la edad del sujeto. A menudo encontraremos pacientes cuya acomodaci\u00f3n est\u00e1 disminuida y esto le causa dolores de cabeza, visi\u00f3n borrosa en cerca o en lejos tras realizar tareas de cerca, lentitud al copiar de la pizarra o cambiar el enfoque.<\/li>\n<li><strong>Vergencias. <\/strong>Muchos pacientes tienen poca amplitud vergencial y esto les provoca mucho cansancio ocular, desviaci\u00f3n de uno de los ojos cuando est\u00e1n cansados, picor de ojos y molestias en lejos y\/o cerca. Esta habilidad visual est\u00e1 \u00edntimamente relacionada con la acomodaci\u00f3n en cuanto a la convergencia por la sinergia que existe y con la coordinaci\u00f3n ocular.<\/li>\n<li><strong>Binocularidad.<\/strong> Y no nos referimos solo a casos de estrabismo y\/o ambliop\u00eda, sino a problemas binoculares no estr\u00e1bicos que pueden dar como resultado visi\u00f3n doble en momentos puntuales, supresi\u00f3n de uno de los ojos y, por tanto, falta de visi\u00f3n en profundidad. Personas con dificultades en esta \u00e1rea pueden percibirse como \u2018torpes\u2019, ya que el c\u00e1lculo de distancias tambi\u00e9n puede estar afectado.<\/li>\n<li><strong>Movimientos oculares:<\/strong> sac\u00e1dicos, seguimientos y de fijaci\u00f3n. Mediante este peque\u00f1o test podemos detectar diferentes problemas visuales, especialmente en poblaci\u00f3n infantil donde el rendimiento escolar es bajo, sobre todo en la lectura. Dificultades en esta \u00e1rea hacen que el paciente se pierda al leer, tenga bajo rendimiento en deportes, necesite el dedo para no perderse en la lectura o tenga baja comprensi\u00f3n lectora.<\/li>\n<\/ul>\n<p>La <strong>detecci\u00f3n de problemas visuales m\u00e1s all\u00e1 de la agudeza visual <\/strong>es clave en muchos casos en los que la calidad del paciente se ve disminuida. Por ello es clave la colaboraci\u00f3n interdisciplinar entre profesionales y entre compa\u00f1eros por el bien del paciente.<\/p>\n<p>Un <strong>examen optom\u00e9trico completo es esencial para garantizar un buen funcionamiento de nuestro sistema visual<\/strong>. Adem\u00e1s, nos permite mejorar nuestra calidad de vida al obtener una visi\u00f3n clara y c\u00f3moda en nuestras actividades diarias. No subestimes el poder de una evaluaci\u00f3n optom\u00e9trica exhaustiva, \u00a1tu visi\u00f3n te lo agradecer\u00e1!<\/p>\n<p class=\"has-text-align-right\" style=\"text-align: right\"><strong>Laura Romero Monta\u00f1o, \u00f3ptico-optometrista. Colegiada n21551.<\/strong><\/p>\n<p>Publicado en <a href=\"https:\/\/coooaoptometria.com\/2023\/06\/01\/el-valor-de-una-vision-saludable-mas-alla-de-la-agudeza-visual\/\" class=\"autohyperlink\">coooaoptometria.com\/2023\/06\/01\/el-valor-de-una-vision-saludable-mas-alla-de-la-agudeza-visual\/<\/a><\/p>\n","protected":false},"excerpt":{"rendered":"<p>A menudo llegan a nuestras \u00f3pticas pacientes que refieren \u2018no ver bien\u2019, realizamos una refracci\u00f3n a trav\u00e9s de autorrefract\u00f3metro, retinoscopia, subjetivo, etc. y observamos que no necesita graduaci\u00f3n o que, a pesar de llevar la graduaci\u00f3n correcta, no mejora. Muchos de ellos no se refieren a la cantidad, sino a<\/p>\n","protected":false},"author":2,"featured_media":0,"comment_status":"closed","ping_status":"closed","sticky":false,"template":"","format":"standard","meta":{"footnotes":""},"categories":[10,4],"tags":[],"class_list":["post-2739","post","type-post","status-publish","format-standard","hentry","category-cuidado-ocular","category-espana"],"publishpress_future_action":{"enabled":false,"date":"2026-05-02 08:39:08","action":"change-status","newStatus":"draft","terms":[],"taxonomy":"category","extraData":[]},"publishpress_future_workflow_manual_trigger":{"enabledWorkflows":[]},"_links":{"self":[{"href":"https:\/\/hlrnet.net\/sites\/actu-es\/wp-json\/wp\/v2\/posts\/2739","targetHints":{"allow":["GET"]}}],"collection":[{"href":"https:\/\/hlrnet.net\/sites\/actu-es\/wp-json\/wp\/v2\/posts"}],"about":[{"href":"https:\/\/hlrnet.net\/sites\/actu-es\/wp-json\/wp\/v2\/types\/post"}],"author":[{"embeddable":true,"href":"https:\/\/hlrnet.net\/sites\/actu-es\/wp-json\/wp\/v2\/users\/2"}],"replies":[{"embeddable":true,"href":"https:\/\/hlrnet.net\/sites\/actu-es\/wp-json\/wp\/v2\/comments?post=2739"}],"version-history":[{"count":0,"href":"https:\/\/hlrnet.net\/sites\/actu-es\/wp-json\/wp\/v2\/posts\/2739\/revisions"}],"wp:attachment":[{"href":"https:\/\/hlrnet.net\/sites\/actu-es\/wp-json\/wp\/v2\/media?parent=2739"}],"wp:term":[{"taxonomy":"category","embeddable":true,"href":"https:\/\/hlrnet.net\/sites\/actu-es\/wp-json\/wp\/v2\/categories?post=2739"},{"taxonomy":"post_tag","embeddable":true,"href":"https:\/\/hlrnet.net\/sites\/actu-es\/wp-json\/wp\/v2\/tags?post=2739"}],"curies":[{"name":"wp","href":"https:\/\/api.w.org\/{rel}","templated":true}]}}