{"id":2744,"date":"2023-06-01T09:28:00","date_gmt":"2023-06-01T09:28:00","guid":{"rendered":"http:\/\/coooaoptometria.com\/?p=6272"},"modified":"2023-06-01T09:28:00","modified_gmt":"2023-06-01T09:28:00","slug":"calidad-de-vida-en-la-discapacidad-visual","status":"publish","type":"post","link":"https:\/\/hlrnet.net\/sites\/actu-es\/2023\/06\/01\/calidad-de-vida-en-la-discapacidad-visual\/","title":{"rendered":"Calidad de vida en la discapacidad visual"},"content":{"rendered":"\n\n<div class=\"kk-star-ratings kksr-auto kksr-align-left kksr-valign-top\"\n    data-payload='{&quot;align&quot;:&quot;left&quot;,&quot;id&quot;:&quot;2744&quot;,&quot;slug&quot;:&quot;default&quot;,&quot;valign&quot;:&quot;top&quot;,&quot;ignore&quot;:&quot;&quot;,&quot;reference&quot;:&quot;auto&quot;,&quot;class&quot;:&quot;&quot;,&quot;count&quot;:&quot;0&quot;,&quot;legendonly&quot;:&quot;&quot;,&quot;readonly&quot;:&quot;&quot;,&quot;score&quot;:&quot;0&quot;,&quot;starsonly&quot;:&quot;&quot;,&quot;best&quot;:&quot;5&quot;,&quot;gap&quot;:&quot;5&quot;,&quot;greet&quot;:&quot;Rate this post&quot;,&quot;legend&quot;:&quot;0\\\/5 - (0 votes)&quot;,&quot;size&quot;:&quot;24&quot;,&quot;title&quot;:&quot;Calidad de vida en la discapacidad visual&quot;,&quot;width&quot;:&quot;0&quot;,&quot;_legend&quot;:&quot;{score}\\\/{best} - ({count} {votes})&quot;,&quot;font_factor&quot;:&quot;1.25&quot;}'>\n            \n<div class=\"kksr-stars\">\n    \n<div class=\"kksr-stars-inactive\">\n            <div class=\"kksr-star\" data-star=\"1\" style=\"padding-right: 5px\">\n            \n\n<div class=\"kksr-icon\" style=\"width: 24px; height: 24px;\"><\/div>\n        <\/div>\n            <div class=\"kksr-star\" data-star=\"2\" style=\"padding-right: 5px\">\n            \n\n<div class=\"kksr-icon\" style=\"width: 24px; height: 24px;\"><\/div>\n        <\/div>\n            <div class=\"kksr-star\" data-star=\"3\" style=\"padding-right: 5px\">\n            \n\n<div class=\"kksr-icon\" style=\"width: 24px; height: 24px;\"><\/div>\n        <\/div>\n            <div class=\"kksr-star\" data-star=\"4\" style=\"padding-right: 5px\">\n            \n\n<div class=\"kksr-icon\" style=\"width: 24px; height: 24px;\"><\/div>\n        <\/div>\n            <div class=\"kksr-star\" data-star=\"5\" style=\"padding-right: 5px\">\n            \n\n<div class=\"kksr-icon\" style=\"width: 24px; height: 24px;\"><\/div>\n        <\/div>\n    <\/div>\n    \n<div class=\"kksr-stars-active\" style=\"width: 0px;\">\n            <div class=\"kksr-star\" style=\"padding-right: 5px\">\n            \n\n<div class=\"kksr-icon\" style=\"width: 24px; height: 24px;\"><\/div>\n        <\/div>\n            <div class=\"kksr-star\" style=\"padding-right: 5px\">\n            \n\n<div class=\"kksr-icon\" style=\"width: 24px; height: 24px;\"><\/div>\n        <\/div>\n            <div class=\"kksr-star\" style=\"padding-right: 5px\">\n            \n\n<div class=\"kksr-icon\" style=\"width: 24px; height: 24px;\"><\/div>\n        <\/div>\n            <div class=\"kksr-star\" style=\"padding-right: 5px\">\n            \n\n<div class=\"kksr-icon\" style=\"width: 24px; height: 24px;\"><\/div>\n        <\/div>\n            <div class=\"kksr-star\" style=\"padding-right: 5px\">\n            \n\n<div class=\"kksr-icon\" style=\"width: 24px; height: 24px;\"><\/div>\n        <\/div>\n    <\/div>\n<\/div>\n                \n\n<div class=\"kksr-legend\" style=\"font-size: 19.2px;\">\n            <span class=\"kksr-muted\">Rate this post<\/span>\n    <\/div>\n    <\/div>\n\n<p><img loading=\"lazy\" decoding=\"async\" data-attachment-id=\"6418\" data-permalink=\"https:\/\/coooaoptometria.com\/2023\/06\/01\/calidad-de-vida-en-la-discapacidad-visual\/baja-vision-calidad\/\" data-orig-file=\"https:\/\/coooaoptometria.files.wordpress.com\/2023\/06\/baja-vision-calidad.jpg\" data-orig-size=\"1350,872\" data-comments-opened=\"1\" data-image-meta=\"{&quot;aperture&quot;:&quot;0&quot;,&quot;credit&quot;:&quot;Daniel&quot;,&quot;camera&quot;:&quot;&quot;,&quot;caption&quot;:&quot;&quot;,&quot;created_timestamp&quot;:&quot;1687787518&quot;,&quot;copyright&quot;:&quot;&quot;,&quot;focal_length&quot;:&quot;0&quot;,&quot;iso&quot;:&quot;0&quot;,&quot;shutter_speed&quot;:&quot;0&quot;,&quot;title&quot;:&quot;&quot;,&quot;orientation&quot;:&quot;0&quot;}\" data-image-title=\"baja visi\u00f3n calidad\" data-image-description=\"\" data-image-caption=\"\" data-medium-file=\"https:\/\/coooaoptometria.files.wordpress.com\/2023\/06\/baja-vision-calidad.jpg?w=300\" data-large-file=\"https:\/\/coooaoptometria.files.wordpress.com\/2023\/06\/baja-vision-calidad.jpg?w=700\" class=\"aligncenter size-large wp-image-6418\" src=\"https:\/\/coooaoptometria.files.wordpress.com\/2023\/06\/baja-vision-calidad.jpg?w=700\" alt=\"\" width=\"700\" height=\"452\" srcset=\"https:\/\/coooaoptometria.files.wordpress.com\/2023\/06\/baja-vision-calidad.jpg?w=700 700w, https:\/\/coooaoptometria.files.wordpress.com\/2023\/06\/baja-vision-calidad.jpg?w=150 150w, https:\/\/coooaoptometria.files.wordpress.com\/2023\/06\/baja-vision-calidad.jpg?w=300 300w, https:\/\/coooaoptometria.files.wordpress.com\/2023\/06\/baja-vision-calidad.jpg?w=768 768w, https:\/\/coooaoptometria.files.wordpress.com\/2023\/06\/baja-vision-calidad.jpg?w=1024 1024w, https:\/\/coooaoptometria.files.wordpress.com\/2023\/06\/baja-vision-calidad.jpg 1350w\" sizes=\"auto, (max-width: 700px) 100vw, 700px\" \/><\/p>\n<p><span style=\"font-size: 13px\">La <strong>rehabilitacio\u0301n de la Baja Visio\u0301n<\/strong> tiene como objetivo dotar a las personas con discapacidad visual de todo tipo de <strong>te\u0301cnicas, estrategias y recursos<\/strong> que les permitan <strong>realizar las actividades cotidianas<\/strong>, participando de forma activa en cualquier entorno social. De este modo contribuimos en la normalizaci\u00f3n de su integraci\u00f3n mejorando su calidad de vida.<\/span><\/p>\n<p><span style=\"font-size: 13px\">El momento \u00f3ptimo para la intervenci\u00f3n y el apoyo de las personas con Baja Visio\u0301n es inmediatamente <strong>despue\u0301s del diagn\u00f3stico m\u00e9dico<\/strong>, circunstancia no com\u00fan en muchos pacientes a los que prestamos asistencia en la actualidad.<\/span><\/p>\n<p><span style=\"font-size: 13px\">La ausencia de iniciativas especi\u0301ficas en rehabilitacio\u0301n visual constituyen una <strong>barrera para el acceso de la poblacio\u0301n con Baja Visio\u0301n a la prestacio\u0301n de servicios de salud visual<\/strong>, suministro de ayudas o\u0301pticas y programa rehabilitador, lo que repercute de manera negativa en su calidad de vida.<\/span><\/p>\n<p><span style=\"font-size: 13px\">Resulta, por tanto, important\u00edsimo en la actualidad y dentro de nuestra labor profesional, la medida de este complejo concepto de m\u00faltiples definiciones y conceptualizaciones motivado por su estructura multidimensional (f\u00edsica, funcional, social, psicol\u00f3gica, etc.).<\/span><\/p>\n<p><span style=\"font-size: 13px\">Hace a\u00f1os se dise\u00f1\u00f3 una herramienta de <strong>Evaluacio\u0301n de la Calidad de Vida especi\u0301fica en el \u00e1mbito cl\u00ednico de la discapacidad visual<\/strong> en forma de cuestionario: \u00abLow Vision Quality of life Questionnaire\u00bb (LVQOL).<\/span><\/p>\n<p><span style=\"font-size: 13px\">Este cuestionario ha permitido <strong>cuantificar la calidad de vida de las personas con Baja Visio\u0301n<\/strong> siendo \u00fatil tambi\u00e9n para determinar los efectos de la rehabilitaci\u00f3n visual en su idioma nativo.<\/span><\/p>\n<p><span style=\"font-size: 13px\">En el a\u00f1o 2019 nuestro compa\u00f1ero <strong>Dr. Llu\u00eds P\u00e9rez Ma\u00f1a<\/strong>, previo permiso de sus autores originales y tras un gran trabajo de investigaci\u00f3n, llev\u00f3 a cabo una adaptaci\u00f3n transcultural del mismo procediendo a su traducci\u00f3n y validaci\u00f3n en espa\u00f1ol. Gracias a este gran trabajo disponemos en la actualidad de una <strong>herramienta de medida especifica de la calidad de vida en pacientes portadores de discapacidad visual<\/strong>.<\/span><\/p>\n<p><span style=\"font-size: 13px\">Su uso como instrumento de partida nos ayuda a <strong>objetivar inicialmente las limitaciones visuales presentes y necesarias de tratamiento<\/strong> dentro del programa de rehabilitaci\u00f3n integral e individualizado en la persona.<\/span><\/p>\n<p>&nbsp;<\/p>\n<p class=\"has-text-align-right\"><strong>Comisi\u00f3n Baja Visi\u00f3n y Rehabilitaci\u00f3n Visual COOOA<\/strong><\/p>\n<p class=\"has-text-align-right\"><strong>Referencia: <\/strong><em>\u00abTraducci\u00f3n y adaptaci\u00f3n cultural al espa\u00f1ol del cuestionario Low Vision Quality of Life (LVQOL)\u00bb. L. P\u00e9rez-Ma\u00f1\u00e1, G. Cardoma, Y. Pardo Cladellas, C. P\u00e9rez Ma\u00f1\u00e1, J.S. Wolffsohn, A. Ant\u00f3n. Arch Soc Esp Oftalmol. 2019; 944: 384-90. <\/em><\/p>\n<p class=\"has-text-align-right\"><strong>M\u00e1s informaci\u00f3n: <a href=\"https:\/\/www.elsevier.es\/es-revista-archivos-sociedad-espanola-oftalmologia-296-articulo-traduccion-adaptacion-cultural-al-espanol-S0365669119300826\" target=\"_blank\" rel=\"noopener\">www.elsevier.es\/es-revista-archivos-sociedad-espanola-oftalmologia-296-articulo-traduccion-adaptacion-cultural-al-espanol-S0365669119300826<\/a><\/strong><\/p>\n<p>Publicado en <a href=\"https:\/\/coooaoptometria.com\/2023\/06\/01\/calidad-de-vida-en-la-discapacidad-visual\/\" class=\"autohyperlink\">coooaoptometria.com\/2023\/06\/01\/calidad-de-vida-en-la-discapacidad-visual\/<\/a><\/p>\n","protected":false},"excerpt":{"rendered":"<p>La rehabilitacio\u0301n de la Baja Visio\u0301n tiene como objetivo dotar a las personas con discapacidad visual de todo tipo de te\u0301cnicas, estrategias y recursos que les permitan realizar las actividades cotidianas, participando de forma activa en cualquier entorno social. De este modo contribuimos en la normalizaci\u00f3n de su integraci\u00f3n mejorando<\/p>\n","protected":false},"author":2,"featured_media":0,"comment_status":"closed","ping_status":"closed","sticky":false,"template":"","format":"standard","meta":{"footnotes":""},"categories":[10,4],"tags":[],"class_list":["post-2744","post","type-post","status-publish","format-standard","hentry","category-cuidado-ocular","category-espana"],"publishpress_future_action":{"enabled":false,"date":"2026-05-02 04:46:49","action":"change-status","newStatus":"draft","terms":[],"taxonomy":"category","extraData":[]},"publishpress_future_workflow_manual_trigger":{"enabledWorkflows":[]},"_links":{"self":[{"href":"https:\/\/hlrnet.net\/sites\/actu-es\/wp-json\/wp\/v2\/posts\/2744","targetHints":{"allow":["GET"]}}],"collection":[{"href":"https:\/\/hlrnet.net\/sites\/actu-es\/wp-json\/wp\/v2\/posts"}],"about":[{"href":"https:\/\/hlrnet.net\/sites\/actu-es\/wp-json\/wp\/v2\/types\/post"}],"author":[{"embeddable":true,"href":"https:\/\/hlrnet.net\/sites\/actu-es\/wp-json\/wp\/v2\/users\/2"}],"replies":[{"embeddable":true,"href":"https:\/\/hlrnet.net\/sites\/actu-es\/wp-json\/wp\/v2\/comments?post=2744"}],"version-history":[{"count":0,"href":"https:\/\/hlrnet.net\/sites\/actu-es\/wp-json\/wp\/v2\/posts\/2744\/revisions"}],"wp:attachment":[{"href":"https:\/\/hlrnet.net\/sites\/actu-es\/wp-json\/wp\/v2\/media?parent=2744"}],"wp:term":[{"taxonomy":"category","embeddable":true,"href":"https:\/\/hlrnet.net\/sites\/actu-es\/wp-json\/wp\/v2\/categories?post=2744"},{"taxonomy":"post_tag","embeddable":true,"href":"https:\/\/hlrnet.net\/sites\/actu-es\/wp-json\/wp\/v2\/tags?post=2744"}],"curies":[{"name":"wp","href":"https:\/\/api.w.org\/{rel}","templated":true}]}}