{"id":2766,"date":"2023-05-11T15:48:53","date_gmt":"2023-05-11T15:48:53","guid":{"rendered":"https:\/\/coocv.com\/?p=35364"},"modified":"2023-05-11T15:48:53","modified_gmt":"2023-05-11T15:48:53","slug":"colegiacion-obligatoria","status":"publish","type":"post","link":"https:\/\/hlrnet.net\/sites\/actu-es\/2023\/05\/11\/colegiacion-obligatoria\/","title":{"rendered":"Colegiaci\u00f3n obligatoria"},"content":{"rendered":"\n\n<div class=\"kk-star-ratings kksr-auto kksr-align-left kksr-valign-top\"\n    data-payload='{&quot;align&quot;:&quot;left&quot;,&quot;id&quot;:&quot;2766&quot;,&quot;slug&quot;:&quot;default&quot;,&quot;valign&quot;:&quot;top&quot;,&quot;ignore&quot;:&quot;&quot;,&quot;reference&quot;:&quot;auto&quot;,&quot;class&quot;:&quot;&quot;,&quot;count&quot;:&quot;0&quot;,&quot;legendonly&quot;:&quot;&quot;,&quot;readonly&quot;:&quot;&quot;,&quot;score&quot;:&quot;0&quot;,&quot;starsonly&quot;:&quot;&quot;,&quot;best&quot;:&quot;5&quot;,&quot;gap&quot;:&quot;5&quot;,&quot;greet&quot;:&quot;Rate this post&quot;,&quot;legend&quot;:&quot;0\\\/5 - (0 votes)&quot;,&quot;size&quot;:&quot;24&quot;,&quot;title&quot;:&quot;Colegiaci\u00f3n obligatoria&quot;,&quot;width&quot;:&quot;0&quot;,&quot;_legend&quot;:&quot;{score}\\\/{best} - ({count} {votes})&quot;,&quot;font_factor&quot;:&quot;1.25&quot;}'>\n            \n<div class=\"kksr-stars\">\n    \n<div class=\"kksr-stars-inactive\">\n            <div class=\"kksr-star\" data-star=\"1\" style=\"padding-right: 5px\">\n            \n\n<div class=\"kksr-icon\" style=\"width: 24px; height: 24px;\"><\/div>\n        <\/div>\n            <div class=\"kksr-star\" data-star=\"2\" style=\"padding-right: 5px\">\n            \n\n<div class=\"kksr-icon\" style=\"width: 24px; height: 24px;\"><\/div>\n        <\/div>\n            <div class=\"kksr-star\" data-star=\"3\" style=\"padding-right: 5px\">\n            \n\n<div class=\"kksr-icon\" style=\"width: 24px; height: 24px;\"><\/div>\n        <\/div>\n            <div class=\"kksr-star\" data-star=\"4\" style=\"padding-right: 5px\">\n            \n\n<div class=\"kksr-icon\" style=\"width: 24px; height: 24px;\"><\/div>\n        <\/div>\n            <div class=\"kksr-star\" data-star=\"5\" style=\"padding-right: 5px\">\n            \n\n<div class=\"kksr-icon\" style=\"width: 24px; height: 24px;\"><\/div>\n        <\/div>\n    <\/div>\n    \n<div class=\"kksr-stars-active\" style=\"width: 0px;\">\n            <div class=\"kksr-star\" style=\"padding-right: 5px\">\n            \n\n<div class=\"kksr-icon\" style=\"width: 24px; height: 24px;\"><\/div>\n        <\/div>\n            <div class=\"kksr-star\" style=\"padding-right: 5px\">\n            \n\n<div class=\"kksr-icon\" style=\"width: 24px; height: 24px;\"><\/div>\n        <\/div>\n            <div class=\"kksr-star\" style=\"padding-right: 5px\">\n            \n\n<div class=\"kksr-icon\" style=\"width: 24px; height: 24px;\"><\/div>\n        <\/div>\n            <div class=\"kksr-star\" style=\"padding-right: 5px\">\n            \n\n<div class=\"kksr-icon\" style=\"width: 24px; height: 24px;\"><\/div>\n        <\/div>\n            <div class=\"kksr-star\" style=\"padding-right: 5px\">\n            \n\n<div class=\"kksr-icon\" style=\"width: 24px; height: 24px;\"><\/div>\n        <\/div>\n    <\/div>\n<\/div>\n                \n\n<div class=\"kksr-legend\" style=\"font-size: 19.2px;\">\n            <span class=\"kksr-muted\">Rate this post<\/span>\n    <\/div>\n    <\/div>\n\n<p>La legislaci\u00f3n vigente conforma la profesi\u00f3n de \u00f3ptico-optometrista como profesi\u00f3n sanitaria regulada, cuyo ejercicio requiere estar en posesi\u00f3n del correspondiente t\u00edtulo oficial, dirigi\u00e9ndose la formaci\u00f3n espec\u00edfica, fundamentalmente, a dotar a los interesados de los conocimientos, habilidades y actitudes propias de la atenci\u00f3n de la salud.<\/p>\n<p>Normalmente la actividad de los profesionales sanitarios titulados comprende una pluralidad de actuaciones en las que, junto a la atenci\u00f3n de los pacientes propiamente dicha, est\u00e1n implicadas otras actividades que, a su vez, pueden comprender o no a aquella. La Ley 44\/2003, de 21 de noviembre, de Ordenaci\u00f3n de las Profesiones Sanitarias define en su art\u00edculo 4.3., mediante norma con rango de ley, que: &#8220;<strong>Los profesionales sanitarios desarrollan, entre otras, funciones en los \u00e1mbitos asistencial, investigador, docente, de gesti\u00f3n cl\u00ednica, de prevenci\u00f3n y de informaci\u00f3n y educaci\u00f3n sanitarias<\/strong>&#8220;. Enunciaci\u00f3n que no es exhaustiva.<\/p>\n<p>El ejercicio de la profesi\u00f3n de \u00f3ptico-optometrista se realiza, en cualquiera de sus modalidades y en todos los \u00e1mbitos, bien en forma independiente o bien al servicio de la Administraci\u00f3n Central del Estado, de las Comunidades Aut\u00f3nomas, Local o Institucional o de cualesquiera otras entidades p\u00fablicas o privadas.<\/p>\n<p><strong>L<\/strong><strong>a colegiaci\u00f3n como ejerciente es obligatoria para el ejercicio profesional de todos los titulados en \u00d3ptica y Optometr\u00eda que trabajen en un establecimiento sanitario de \u00f3ptica <\/strong>(ESO), tanto para el Director T\u00e9cnico, como para todos los \u00f3pticos-optometristas en cualquiera de las actividades profesionales que realicen dentro del ESO. <strong>Siendo la empresa, adem\u00e1s del colegiado, responsable del cumplimiento de la normativa de la colegiaci\u00f3n. <\/strong><\/p>\n<p>Adem\u00e1s, en el caso de si se cursa un m\u00e1ster, un postgrado universitario o un doctorado dirigido a \u00f3pticos-optometristas, tambi\u00e9n persiste la necesidad de colegiaci\u00f3n como ejerciente dado que la realizaci\u00f3n de investigaci\u00f3n y\/o pr\u00e1cticas durante el mismo implica actividad profesional. Para proteger los derechos de los pacientes y los suyos propios.<\/p>\n<p>Tal como se ha informado en repetidas ocasiones desde el COOCV, la Ley 4\/2019, de la Generalitat Valenciana, establece como infracci\u00f3n muy grave el ejercicio de una profesi\u00f3n colegiada por quienes no cumplan la obligaci\u00f3n de colegiaci\u00f3n cuando la normativa que la regule lo exija, y que la misma valoraci\u00f3n se har\u00e1 para los profesionales, empresas y entes que contraten profesionales en estos supuestos. La sanci\u00f3n conlleva una multa de entre 5.001\u20ac y 150.000\u20ac as\u00ed como la inhabilitaci\u00f3n profesional durante un tiempo no superior a 5 a\u00f1os.<\/p>\n<p>La colegiaci\u00f3n, adem\u00e1s de constituir una condici\u00f3n b\u00e1sica que garantiza la igualdad en el ejercicio de los derechos y deberes constitucionales, es un instrumento eficiente de control de la buena praxis del ejercicio profesional, la cual define los niveles de conducta y ejercicio, con el fin de fomentar y mantener la confianza social, as\u00ed como el prestigio profesional, y la mejor defensa de los destinatarios de los servicios.<\/p>\n<p>La p\u00e9rdida de la condici\u00f3n colegial implica su exclusi\u00f3n de la p\u00f3liza del seguro de responsabilidad civil concertada por el COOCV, que le ha cubierto durante su ejercicio profesional por un importe de 600.000\u20ac, as\u00ed como de la p\u00f3liza de seguro de vida individual de 6.000\u20ac que se dispone por su condici\u00f3n colegial en el COOCV.<\/p>\n<p>Publicado en <a href=\"https:\/\/coocv.com\/colegiacion-obligatoria\/\" class=\"autohyperlink\">coocv.com\/colegiacion-obligatoria\/<\/a><\/p>\n","protected":false},"excerpt":{"rendered":"<p>La legislaci\u00f3n vigente conforma la profesi\u00f3n de \u00f3ptico-optometrista como profesi\u00f3n sanitaria regulada, cuyo ejercicio requiere estar en posesi\u00f3n del correspondiente t\u00edtulo oficial, dirigi\u00e9ndose la formaci\u00f3n espec\u00edfica, fundamentalmente, a dotar a los interesados de los conocimientos, habilidades y actitudes propias de la atenci\u00f3n de la salud. Normalmente la actividad de los<\/p>\n","protected":false},"author":2,"featured_media":0,"comment_status":"closed","ping_status":"closed","sticky":false,"template":"","format":"standard","meta":{"footnotes":""},"categories":[10,4],"tags":[],"class_list":["post-2766","post","type-post","status-publish","format-standard","hentry","category-cuidado-ocular","category-espana"],"publishpress_future_action":{"enabled":false,"date":"2026-05-02 05:03:22","action":"change-status","newStatus":"draft","terms":[],"taxonomy":"category","extraData":[]},"publishpress_future_workflow_manual_trigger":{"enabledWorkflows":[]},"_links":{"self":[{"href":"https:\/\/hlrnet.net\/sites\/actu-es\/wp-json\/wp\/v2\/posts\/2766","targetHints":{"allow":["GET"]}}],"collection":[{"href":"https:\/\/hlrnet.net\/sites\/actu-es\/wp-json\/wp\/v2\/posts"}],"about":[{"href":"https:\/\/hlrnet.net\/sites\/actu-es\/wp-json\/wp\/v2\/types\/post"}],"author":[{"embeddable":true,"href":"https:\/\/hlrnet.net\/sites\/actu-es\/wp-json\/wp\/v2\/users\/2"}],"replies":[{"embeddable":true,"href":"https:\/\/hlrnet.net\/sites\/actu-es\/wp-json\/wp\/v2\/comments?post=2766"}],"version-history":[{"count":0,"href":"https:\/\/hlrnet.net\/sites\/actu-es\/wp-json\/wp\/v2\/posts\/2766\/revisions"}],"wp:attachment":[{"href":"https:\/\/hlrnet.net\/sites\/actu-es\/wp-json\/wp\/v2\/media?parent=2766"}],"wp:term":[{"taxonomy":"category","embeddable":true,"href":"https:\/\/hlrnet.net\/sites\/actu-es\/wp-json\/wp\/v2\/categories?post=2766"},{"taxonomy":"post_tag","embeddable":true,"href":"https:\/\/hlrnet.net\/sites\/actu-es\/wp-json\/wp\/v2\/tags?post=2766"}],"curies":[{"name":"wp","href":"https:\/\/api.w.org\/{rel}","templated":true}]}}