{"id":2858,"date":"2023-09-21T10:00:00","date_gmt":"2023-09-21T10:00:00","guid":{"rendered":"https:\/\/www.tucanaldesalud.es\/es\/canalciencia\/articulos\/alzheimer-problemas-dormir-principales-causas#560458"},"modified":"2023-09-21T10:00:00","modified_gmt":"2023-09-21T10:00:00","slug":"el-alzheimer-y-los-problemas-para-dormir-principales-causas","status":"publish","type":"post","link":"https:\/\/hlrnet.net\/sites\/actu-es\/2023\/09\/21\/el-alzheimer-y-los-problemas-para-dormir-principales-causas\/","title":{"rendered":"El alzh\u00e9imer y los problemas para dormir: principales causas"},"content":{"rendered":"\n\n<div class=\"kk-star-ratings kksr-auto kksr-align-left kksr-valign-top\"\n    data-payload='{&quot;align&quot;:&quot;left&quot;,&quot;id&quot;:&quot;2858&quot;,&quot;slug&quot;:&quot;default&quot;,&quot;valign&quot;:&quot;top&quot;,&quot;ignore&quot;:&quot;&quot;,&quot;reference&quot;:&quot;auto&quot;,&quot;class&quot;:&quot;&quot;,&quot;count&quot;:&quot;0&quot;,&quot;legendonly&quot;:&quot;&quot;,&quot;readonly&quot;:&quot;&quot;,&quot;score&quot;:&quot;0&quot;,&quot;starsonly&quot;:&quot;&quot;,&quot;best&quot;:&quot;5&quot;,&quot;gap&quot;:&quot;5&quot;,&quot;greet&quot;:&quot;Rate this post&quot;,&quot;legend&quot;:&quot;0\\\/5 - (0 votes)&quot;,&quot;size&quot;:&quot;24&quot;,&quot;title&quot;:&quot;El alzh\u00e9imer y los problemas para dormir: principales causas&quot;,&quot;width&quot;:&quot;0&quot;,&quot;_legend&quot;:&quot;{score}\\\/{best} - ({count} {votes})&quot;,&quot;font_factor&quot;:&quot;1.25&quot;}'>\n            \n<div class=\"kksr-stars\">\n    \n<div class=\"kksr-stars-inactive\">\n            <div class=\"kksr-star\" data-star=\"1\" style=\"padding-right: 5px\">\n            \n\n<div class=\"kksr-icon\" style=\"width: 24px; height: 24px;\"><\/div>\n        <\/div>\n            <div class=\"kksr-star\" data-star=\"2\" style=\"padding-right: 5px\">\n            \n\n<div class=\"kksr-icon\" style=\"width: 24px; height: 24px;\"><\/div>\n        <\/div>\n            <div class=\"kksr-star\" data-star=\"3\" style=\"padding-right: 5px\">\n            \n\n<div class=\"kksr-icon\" style=\"width: 24px; height: 24px;\"><\/div>\n        <\/div>\n            <div class=\"kksr-star\" data-star=\"4\" style=\"padding-right: 5px\">\n            \n\n<div class=\"kksr-icon\" style=\"width: 24px; height: 24px;\"><\/div>\n        <\/div>\n            <div class=\"kksr-star\" data-star=\"5\" style=\"padding-right: 5px\">\n            \n\n<div class=\"kksr-icon\" style=\"width: 24px; height: 24px;\"><\/div>\n        <\/div>\n    <\/div>\n    \n<div class=\"kksr-stars-active\" style=\"width: 0px;\">\n            <div class=\"kksr-star\" style=\"padding-right: 5px\">\n            \n\n<div class=\"kksr-icon\" style=\"width: 24px; height: 24px;\"><\/div>\n        <\/div>\n            <div class=\"kksr-star\" style=\"padding-right: 5px\">\n            \n\n<div class=\"kksr-icon\" style=\"width: 24px; height: 24px;\"><\/div>\n        <\/div>\n            <div class=\"kksr-star\" style=\"padding-right: 5px\">\n            \n\n<div class=\"kksr-icon\" style=\"width: 24px; height: 24px;\"><\/div>\n        <\/div>\n            <div class=\"kksr-star\" style=\"padding-right: 5px\">\n            \n\n<div class=\"kksr-icon\" style=\"width: 24px; height: 24px;\"><\/div>\n        <\/div>\n            <div class=\"kksr-star\" style=\"padding-right: 5px\">\n            \n\n<div class=\"kksr-icon\" style=\"width: 24px; height: 24px;\"><\/div>\n        <\/div>\n    <\/div>\n<\/div>\n                \n\n<div class=\"kksr-legend\" style=\"font-size: 19.2px;\">\n            <span class=\"kksr-muted\">Rate this post<\/span>\n    <\/div>\n    <\/div>\n\n<div class=\"modelArticuloCanal templateHtmlMainPage\">\n<div class=\"articuloCuerpo\">\n<div class=\"articuloContenido\">\n<div class=\"contentImageContainer\"><img loading=\"lazy\" decoding=\"async\" src=\"https:\/\/www.tucanaldesalud.es\/es\/canalciencia\/articulos\/alzheimer-problemas-dormir-principales-causas.ficheros\/3154095-alzheimer-problemas-dormir.jpg\" alt=\"El alzh\u00e9imer y los problemas para dormir\" width=\"800\" height=\"700\" class=\"contentImage\"\/><\/div>\n<div class=\"contentTextContainer\">\n<div class=\"contentChannel canalciencia\"><a class=\"cmContentLink\" href=\"https:\/\/www.tucanaldesalud.es\/canalciencia\">Canal ciencia<\/a><\/div>\n<p><!--[LINK]--><\/p>\n<div class=\"contentInfo\"><span class=\"contentDatePlace\"><span class=\"contentDate\">21 de septiembre de 2023<\/span> <\/span><span class=\"contentTitle\">El alzh\u00e9imer y los problemas para dormir: principales causas<\/span> <span class=\"contentAltText\">As\u00ed puede influir el alzh\u00e9imer en el sue\u00f1o: insomnio, agitaci\u00f3n, somnolencia durante el d\u00eda&#x2026; Pon medidas para su prevenci\u00f3n<\/span> <span class=\"contentDescription\">Las personas con alzh\u00e9imer a menudo duermen poco por la noche y demasiado por el d\u00eda. Detr\u00e1s de esta alteraci\u00f3n del sue\u00f1o se encuentran varios factores, como el ritmo circadiano, los h\u00e1bitos durante el d\u00eda, la falta de exposici\u00f3n solar o ci&#8230;<\/span> <span class=\"buttonSeguirLeyendo\" style=\"display: none\">Seguir leyendo&#8230;<\/span><\/div>\n<p><!--[\/LINK]--><\/div>\n<\/div>\n<\/div>\n<\/div>\n<p\/><a href=\"https:\/\/www.tucanaldesalud.es\/es\/canalciencia\/articulos\/alzheimer-problemas-dormir-principales-causas\">Fuente<\/a><\/p>\n","protected":false},"excerpt":{"rendered":"<p>Canal ciencia 21 de septiembre de 2023 El alzh\u00e9imer y los problemas para dormir: principales causas As\u00ed puede influir el alzh\u00e9imer en el sue\u00f1o: insomnio, agitaci\u00f3n, somnolencia durante el d\u00eda&#x2026; Pon medidas para su prevenci\u00f3n Las personas con alzh\u00e9imer a menudo duermen poco por la noche y demasiado por el<\/p>\n","protected":false},"author":2,"featured_media":0,"comment_status":"closed","ping_status":"closed","sticky":false,"template":"","format":"standard","meta":{"footnotes":""},"categories":[5],"tags":[],"class_list":["post-2858","post","type-post","status-publish","format-standard","hentry","category-prensa"],"publishpress_future_action":{"enabled":false,"date":"2026-05-02 04:46:50","action":"change-status","newStatus":"draft","terms":[],"taxonomy":"category","extraData":[]},"publishpress_future_workflow_manual_trigger":{"enabledWorkflows":[]},"_links":{"self":[{"href":"https:\/\/hlrnet.net\/sites\/actu-es\/wp-json\/wp\/v2\/posts\/2858","targetHints":{"allow":["GET"]}}],"collection":[{"href":"https:\/\/hlrnet.net\/sites\/actu-es\/wp-json\/wp\/v2\/posts"}],"about":[{"href":"https:\/\/hlrnet.net\/sites\/actu-es\/wp-json\/wp\/v2\/types\/post"}],"author":[{"embeddable":true,"href":"https:\/\/hlrnet.net\/sites\/actu-es\/wp-json\/wp\/v2\/users\/2"}],"replies":[{"embeddable":true,"href":"https:\/\/hlrnet.net\/sites\/actu-es\/wp-json\/wp\/v2\/comments?post=2858"}],"version-history":[{"count":0,"href":"https:\/\/hlrnet.net\/sites\/actu-es\/wp-json\/wp\/v2\/posts\/2858\/revisions"}],"wp:attachment":[{"href":"https:\/\/hlrnet.net\/sites\/actu-es\/wp-json\/wp\/v2\/media?parent=2858"}],"wp:term":[{"taxonomy":"category","embeddable":true,"href":"https:\/\/hlrnet.net\/sites\/actu-es\/wp-json\/wp\/v2\/categories?post=2858"},{"taxonomy":"post_tag","embeddable":true,"href":"https:\/\/hlrnet.net\/sites\/actu-es\/wp-json\/wp\/v2\/tags?post=2858"}],"curies":[{"name":"wp","href":"https:\/\/api.w.org\/{rel}","templated":true}]}}