{"id":2868,"date":"2023-01-01T00:00:00","date_gmt":"2023-01-01T00:00:00","guid":{"rendered":"https:\/\/hdl.handle.net\/20.500.12008\/39834"},"modified":"2023-01-01T00:00:00","modified_gmt":"2023-01-01T00:00:00","slug":"o-gestar-em-prisoes-por-traficantes-de-drogas","status":"publish","type":"post","link":"https:\/\/hlrnet.net\/sites\/actu-es\/2023\/01\/01\/o-gestar-em-prisoes-por-traficantes-de-drogas\/","title":{"rendered":"O gestar em pris\u00f5es por traficantes de drogas"},"content":{"rendered":"\n\n<div class=\"kk-star-ratings kksr-auto kksr-align-left kksr-valign-top\"\n    data-payload='{&quot;align&quot;:&quot;left&quot;,&quot;id&quot;:&quot;2868&quot;,&quot;slug&quot;:&quot;default&quot;,&quot;valign&quot;:&quot;top&quot;,&quot;ignore&quot;:&quot;&quot;,&quot;reference&quot;:&quot;auto&quot;,&quot;class&quot;:&quot;&quot;,&quot;count&quot;:&quot;0&quot;,&quot;legendonly&quot;:&quot;&quot;,&quot;readonly&quot;:&quot;&quot;,&quot;score&quot;:&quot;0&quot;,&quot;starsonly&quot;:&quot;&quot;,&quot;best&quot;:&quot;5&quot;,&quot;gap&quot;:&quot;5&quot;,&quot;greet&quot;:&quot;Rate this post&quot;,&quot;legend&quot;:&quot;0\\\/5 - (0 votes)&quot;,&quot;size&quot;:&quot;24&quot;,&quot;title&quot;:&quot;O gestar em pris\u00f5es por traficantes de drogas&quot;,&quot;width&quot;:&quot;0&quot;,&quot;_legend&quot;:&quot;{score}\\\/{best} - ({count} {votes})&quot;,&quot;font_factor&quot;:&quot;1.25&quot;}'>\n            \n<div class=\"kksr-stars\">\n    \n<div class=\"kksr-stars-inactive\">\n            <div class=\"kksr-star\" data-star=\"1\" style=\"padding-right: 5px\">\n            \n\n<div class=\"kksr-icon\" style=\"width: 24px; height: 24px;\"><\/div>\n        <\/div>\n            <div class=\"kksr-star\" data-star=\"2\" style=\"padding-right: 5px\">\n            \n\n<div class=\"kksr-icon\" style=\"width: 24px; height: 24px;\"><\/div>\n        <\/div>\n            <div class=\"kksr-star\" data-star=\"3\" style=\"padding-right: 5px\">\n            \n\n<div class=\"kksr-icon\" style=\"width: 24px; height: 24px;\"><\/div>\n        <\/div>\n            <div class=\"kksr-star\" data-star=\"4\" style=\"padding-right: 5px\">\n            \n\n<div class=\"kksr-icon\" style=\"width: 24px; height: 24px;\"><\/div>\n        <\/div>\n            <div class=\"kksr-star\" data-star=\"5\" style=\"padding-right: 5px\">\n            \n\n<div class=\"kksr-icon\" style=\"width: 24px; height: 24px;\"><\/div>\n        <\/div>\n    <\/div>\n    \n<div class=\"kksr-stars-active\" style=\"width: 0px;\">\n            <div class=\"kksr-star\" style=\"padding-right: 5px\">\n            \n\n<div class=\"kksr-icon\" style=\"width: 24px; height: 24px;\"><\/div>\n        <\/div>\n            <div class=\"kksr-star\" style=\"padding-right: 5px\">\n            \n\n<div class=\"kksr-icon\" style=\"width: 24px; height: 24px;\"><\/div>\n        <\/div>\n            <div class=\"kksr-star\" style=\"padding-right: 5px\">\n            \n\n<div class=\"kksr-icon\" style=\"width: 24px; height: 24px;\"><\/div>\n        <\/div>\n            <div class=\"kksr-star\" style=\"padding-right: 5px\">\n            \n\n<div class=\"kksr-icon\" style=\"width: 24px; height: 24px;\"><\/div>\n        <\/div>\n            <div class=\"kksr-star\" style=\"padding-right: 5px\">\n            \n\n<div class=\"kksr-icon\" style=\"width: 24px; height: 24px;\"><\/div>\n        <\/div>\n    <\/div>\n<\/div>\n                \n\n<div class=\"kksr-legend\" style=\"font-size: 19.2px;\">\n            <span class=\"kksr-muted\">Rate this post<\/span>\n    <\/div>\n    <\/div>\n<p> T\u00edtulo: O gestar em pris\u00f5es por traficantes de drogas<br \/>\nAutor: Silva, Amanda Batista da; Nascimento, Vagner Ferreira do; Hatorri, Thalise Yuri; Atanaka, Marina; Ter\u00e7as-Trettel, Ana Cl\u00e1udia Pereira<br \/>\nResumen: Objetivo: Descrever a experi\u00eancia da gesta\u00e7\u00e3o no ambiente prisional de mulheres inseridas no tr\u00e1fico de drogas M\u00e9todo: Estudo descritivo-explorat\u00f3rio com abordagem qualitativa, realizado em Cadeia P\u00fablica mato-grossense. Os sujeitos da pesquisa foram as mulheres em regime de deten\u00e7\u00e3o provis\u00f3ria ou condenadas que estivessem com gesta\u00e7\u00e3o em curso de 12 a 36semanas. A coleta de dados ocorreu em 2019, por meio de entrevista, semiestruturada,\u00e1udio gravada, com posterior an\u00e1lise de conte\u00fado. Resultados: Todas as mulheres foram detidas por tr\u00e1fico de drogas, e utilizavam subst\u00e2ncias psicoativas anteriores ao encarceramento devido a ruptura dos la\u00e7os familiares e\/ou influ\u00eancia de parceiros afetivos. A gesta\u00e7\u00e3o atual n\u00e3o foi planejada, e foi acompanhada da separa\u00e7\u00e3o dos outros filhos, al\u00e9m da ansiedade e ang\u00fastia que ascercam pela expectativa do parto e amamenta\u00e7\u00e3o no ambiente prisional, seguidos da separa\u00e7\u00e3o da crian\u00e7a que ir\u00e1 nascer ap\u00f3s a lacta\u00e7\u00e3o. Isso fez verbalizassem o anseio por buscar mudan\u00e7as e melhoria de vida no futuro. Conclus\u00e3o: \u00c9 necess\u00e1ria a incorpora\u00e7\u00e3o de pr\u00e1ticas assistenciais humanizadas no cuidado \u00e0s mulheres que vivenciam a maternidade em situa\u00e7\u00e3o de pris\u00e3o, que poder\u00e3o auxiliar para a efetiva\u00e7\u00e3o da ressocializa\u00e7\u00e3o, al\u00e9m de contribuir para o fortalecimento familiar.; Objective: To describe the experience of pregnancy in the prison environment of women involved in drug trafficking. Method: Descriptive-exploratory study with a qualitative approach, carried out in a public jail in Mato Grosso. The research subjects were women in provisional detention or condemned who were with gestation in course of 12 to 36 weeks. Data collection took place in 2019, through semi-structured recorded audio interviews, with subsequent content analysis. Results: All women were arrested for drug trafficking, and used psychoactive substances prior to incarceration due to the rupture of family ties and\/or the influence of affective partners. The current pregnancy was not planned, and was accompanied by the separation of the other children, in addition to the anxiety and anguish that surround them with the expectation of childbirth and breastfeeding in the prison environment, followed by the separation of the child who will be born after lactation. This made them expresses their desire to seek changes and improve their lives in the future. Conclusion: It is necessary to incorporate humanized care practices in the care of women who experience motherhood in a situation of prison, which may help to carryout resocialization, in addition to contributing to family strengthening.; Objetivo: Describir la experiencia del embarazo en el \u00e1mbito carcelario de mujeres involucradas en el tr\u00e1fico de drogas. M\u00e9todo: Estudio descriptivo-exploratorio con enfoque cualitativo, realizado en una c\u00e1rcel p\u00fablica de Mato Grosso. Los sujetos de investigaci\u00f3n fueron mujeres en prisi\u00f3n,provisional o condenadas, que se encontraban en gestaci\u00f3n en curso de 12 a 36 semanas. La recolecci\u00f3n de datos tuvo lugar en 2019, mediante entrevistas semiestructuradas grabadas en audio, con posterior an\u00e1lisis de contenido. Resultados: Todas las mujeres fueron detenidas por tr\u00e1fico de drogas y consumieron sustancias psicoactivas antes de su encarcelamiento por ruptura de lazos familiares y\/o influencia de parejas afectivas. El embarazo actual no fue planeado, y estuvo acompa\u00f1ado de la separaci\u00f3n de los otros ni\u00f1os, adem\u00e1s de la ansiedad y angustia que los envuelve con la expectativa del parto y la lactancia en el ambiente carcelario,seguido de la separaci\u00f3n del ni\u00f1o que nacer\u00e1 luego de la lactancia. Esto les hizo expresar su deseo de buscar cambios y mejorar sus vidas en el futuro. Conclusi\u00f3n: Es necesario incorporar pr\u00e1cticas de atenci\u00f3n humanizada en el cuidado delas mujeres que experimentan la maternidad en situaci\u00f3n de prisi\u00f3n, que puedan ayudara llevar a cabo la resocializaci\u00f3n, adem\u00e1s de contribuir al fortalecimiento familiar.<br \/>\nDescripci\u00f3n: <a href=\"https:\/\/rue.fenf.edu.uy\/index.php\/rue\" class=\"autohyperlink\">rue.fenf.edu.uy\/index.php\/rue<\/a> <a href=\"https:\/\/hdl.handle.net\/20.500.12008\/39834\">Fuente<\/a><\/p>\n","protected":false},"excerpt":{"rendered":"<p>T\u00edtulo: O gestar em pris\u00f5es por traficantes de drogas Autor: Silva, Amanda Batista da; Nascimento, Vagner Ferreira do; Hatorri, Thalise Yuri; Atanaka, Marina; Ter\u00e7as-Trettel, Ana Cl\u00e1udia Pereira Resumen: Objetivo: Descrever a experi\u00eancia da gesta\u00e7\u00e3o no ambiente prisional de mulheres inseridas no tr\u00e1fico de drogas M\u00e9todo: Estudo descritivo-explorat\u00f3rio com abordagem qualitativa,<\/p>\n","protected":false},"author":2,"featured_media":0,"comment_status":"closed","ping_status":"closed","sticky":false,"template":"","format":"standard","meta":{"footnotes":""},"categories":[6],"tags":[],"class_list":["post-2868","post","type-post","status-publish","format-standard","hentry","category-america-latina"],"publishpress_future_action":{"enabled":false,"date":"2026-05-02 09:02:34","action":"change-status","newStatus":"draft","terms":[],"taxonomy":"category","extraData":[]},"publishpress_future_workflow_manual_trigger":{"enabledWorkflows":[]},"_links":{"self":[{"href":"https:\/\/hlrnet.net\/sites\/actu-es\/wp-json\/wp\/v2\/posts\/2868","targetHints":{"allow":["GET"]}}],"collection":[{"href":"https:\/\/hlrnet.net\/sites\/actu-es\/wp-json\/wp\/v2\/posts"}],"about":[{"href":"https:\/\/hlrnet.net\/sites\/actu-es\/wp-json\/wp\/v2\/types\/post"}],"author":[{"embeddable":true,"href":"https:\/\/hlrnet.net\/sites\/actu-es\/wp-json\/wp\/v2\/users\/2"}],"replies":[{"embeddable":true,"href":"https:\/\/hlrnet.net\/sites\/actu-es\/wp-json\/wp\/v2\/comments?post=2868"}],"version-history":[{"count":0,"href":"https:\/\/hlrnet.net\/sites\/actu-es\/wp-json\/wp\/v2\/posts\/2868\/revisions"}],"wp:attachment":[{"href":"https:\/\/hlrnet.net\/sites\/actu-es\/wp-json\/wp\/v2\/media?parent=2868"}],"wp:term":[{"taxonomy":"category","embeddable":true,"href":"https:\/\/hlrnet.net\/sites\/actu-es\/wp-json\/wp\/v2\/categories?post=2868"},{"taxonomy":"post_tag","embeddable":true,"href":"https:\/\/hlrnet.net\/sites\/actu-es\/wp-json\/wp\/v2\/tags?post=2868"}],"curies":[{"name":"wp","href":"https:\/\/api.w.org\/{rel}","templated":true}]}}