{"id":2910,"date":"2023-10-02T13:23:52","date_gmt":"2023-10-02T13:23:52","guid":{"rendered":"http:\/\/coooaoptometria.com\/?p=6460"},"modified":"2023-10-02T13:23:52","modified_gmt":"2023-10-02T13:23:52","slug":"xxii-jornadas-cientificas-andaluzas-sobre-la-vision-en-cadiz-reserva-la-fecha","status":"publish","type":"post","link":"https:\/\/hlrnet.net\/sites\/actu-es\/2023\/10\/02\/xxii-jornadas-cientificas-andaluzas-sobre-la-vision-en-cadiz-reserva-la-fecha\/","title":{"rendered":"XXII Jornadas Cient\u00edficas Andaluzas sobre la Visi\u00f3n en C\u00e1diz: \u00a1Reserva la fecha!"},"content":{"rendered":"\n\n<div class=\"kk-star-ratings kksr-auto kksr-align-left kksr-valign-top\"\n    data-payload='{&quot;align&quot;:&quot;left&quot;,&quot;id&quot;:&quot;2910&quot;,&quot;slug&quot;:&quot;default&quot;,&quot;valign&quot;:&quot;top&quot;,&quot;ignore&quot;:&quot;&quot;,&quot;reference&quot;:&quot;auto&quot;,&quot;class&quot;:&quot;&quot;,&quot;count&quot;:&quot;0&quot;,&quot;legendonly&quot;:&quot;&quot;,&quot;readonly&quot;:&quot;&quot;,&quot;score&quot;:&quot;0&quot;,&quot;starsonly&quot;:&quot;&quot;,&quot;best&quot;:&quot;5&quot;,&quot;gap&quot;:&quot;5&quot;,&quot;greet&quot;:&quot;Rate this post&quot;,&quot;legend&quot;:&quot;0\\\/5 - (0 votes)&quot;,&quot;size&quot;:&quot;24&quot;,&quot;title&quot;:&quot;XXII Jornadas Cient\u00edficas Andaluzas sobre la Visi\u00f3n en C\u00e1diz: \u00a1Reserva la fecha!&quot;,&quot;width&quot;:&quot;0&quot;,&quot;_legend&quot;:&quot;{score}\\\/{best} - ({count} {votes})&quot;,&quot;font_factor&quot;:&quot;1.25&quot;}'>\n            \n<div class=\"kksr-stars\">\n    \n<div class=\"kksr-stars-inactive\">\n            <div class=\"kksr-star\" data-star=\"1\" style=\"padding-right: 5px\">\n            \n\n<div class=\"kksr-icon\" style=\"width: 24px; height: 24px;\"><\/div>\n        <\/div>\n            <div class=\"kksr-star\" data-star=\"2\" style=\"padding-right: 5px\">\n            \n\n<div class=\"kksr-icon\" style=\"width: 24px; height: 24px;\"><\/div>\n        <\/div>\n            <div class=\"kksr-star\" data-star=\"3\" style=\"padding-right: 5px\">\n            \n\n<div class=\"kksr-icon\" style=\"width: 24px; height: 24px;\"><\/div>\n        <\/div>\n            <div class=\"kksr-star\" data-star=\"4\" style=\"padding-right: 5px\">\n            \n\n<div class=\"kksr-icon\" style=\"width: 24px; height: 24px;\"><\/div>\n        <\/div>\n            <div class=\"kksr-star\" data-star=\"5\" style=\"padding-right: 5px\">\n            \n\n<div class=\"kksr-icon\" style=\"width: 24px; height: 24px;\"><\/div>\n        <\/div>\n    <\/div>\n    \n<div class=\"kksr-stars-active\" style=\"width: 0px;\">\n            <div class=\"kksr-star\" style=\"padding-right: 5px\">\n            \n\n<div class=\"kksr-icon\" style=\"width: 24px; height: 24px;\"><\/div>\n        <\/div>\n            <div class=\"kksr-star\" style=\"padding-right: 5px\">\n            \n\n<div class=\"kksr-icon\" style=\"width: 24px; height: 24px;\"><\/div>\n        <\/div>\n            <div class=\"kksr-star\" style=\"padding-right: 5px\">\n            \n\n<div class=\"kksr-icon\" style=\"width: 24px; height: 24px;\"><\/div>\n        <\/div>\n            <div class=\"kksr-star\" style=\"padding-right: 5px\">\n            \n\n<div class=\"kksr-icon\" style=\"width: 24px; height: 24px;\"><\/div>\n        <\/div>\n            <div class=\"kksr-star\" style=\"padding-right: 5px\">\n            \n\n<div class=\"kksr-icon\" style=\"width: 24px; height: 24px;\"><\/div>\n        <\/div>\n    <\/div>\n<\/div>\n                \n\n<div class=\"kksr-legend\" style=\"font-size: 19.2px;\">\n            <span class=\"kksr-muted\">Rate this post<\/span>\n    <\/div>\n    <\/div>\n\n<p><img loading=\"lazy\" decoding=\"async\" data-attachment-id=\"6581\" data-permalink=\"https:\/\/coooaoptometria.com\/2023\/10\/02\/xxii-jornadas-cientificas-andaluzas-sobre-la-vision-en-cadiz-reserva-la-fecha\/jornadas-cadiz\/\" data-orig-file=\"https:\/\/coooaoptometria.files.wordpress.com\/2023\/10\/jornadas-cadiz.jpg\" data-orig-size=\"680,918\" data-comments-opened=\"1\" data-image-meta=\"{&quot;aperture&quot;:&quot;0&quot;,&quot;credit&quot;:&quot;Daniel&quot;,&quot;camera&quot;:&quot;&quot;,&quot;caption&quot;:&quot;&quot;,&quot;created_timestamp&quot;:&quot;1698143509&quot;,&quot;copyright&quot;:&quot;&quot;,&quot;focal_length&quot;:&quot;0&quot;,&quot;iso&quot;:&quot;0&quot;,&quot;shutter_speed&quot;:&quot;0&quot;,&quot;title&quot;:&quot;&quot;,&quot;orientation&quot;:&quot;0&quot;}\" data-image-title=\"jornadas cadiz\" data-image-description=\"\" data-image-caption=\"\" data-medium-file=\"https:\/\/coooaoptometria.files.wordpress.com\/2023\/10\/jornadas-cadiz.jpg?w=222\" data-large-file=\"https:\/\/coooaoptometria.files.wordpress.com\/2023\/10\/jornadas-cadiz.jpg?w=680\" class=\" wp-image-6581 alignright\" src=\"https:\/\/coooaoptometria.files.wordpress.com\/2023\/10\/jornadas-cadiz.jpg?w=591&#038;h=798\" alt=\"\" width=\"591\" height=\"798\" srcset=\"https:\/\/coooaoptometria.files.wordpress.com\/2023\/10\/jornadas-cadiz.jpg?w=591&amp;h=798 591w, https:\/\/coooaoptometria.files.wordpress.com\/2023\/10\/jornadas-cadiz.jpg?w=111&amp;h=150 111w, https:\/\/coooaoptometria.files.wordpress.com\/2023\/10\/jornadas-cadiz.jpg?w=222&amp;h=300 222w, https:\/\/coooaoptometria.files.wordpress.com\/2023\/10\/jornadas-cadiz.jpg 680w\" sizes=\"auto, (max-width: 591px) 100vw, 591px\" \/><\/p>\n<p>Estimad@ compa\u00f1er@:<\/p>\n<p>Es un honor presentaros las <span style=\"text-decoration: underline\"><strong>\u2018XXII Jornadas Cient\u00edficas Andaluzas sobre la Visi\u00f3n: Salud visual en Atenci\u00f3n Primaria, Pedi\u00e1trica y Geri\u00e1trica\u2019<\/strong><\/span> que organizaremos en <strong>C\u00e1diz del 15 al 17 de marzo de 2024<\/strong>. Se trata de la actividad formativa m\u00e1s se\u00f1alada dentro de la programaci\u00f3n del Colegio Oficial de \u00d3pticos-Optometristas de Andaluc\u00eda para el pr\u00f3ximo a\u00f1o, repleta de aprendizaje, impulso e intercambio de nuevos conocimientos y momentos de compa\u00f1erismo que, esperamos, sean de tu inter\u00e9s.<\/p>\n<p>Este encuentro profesional es un <strong>testimonio directo del compromiso que tenemos desde nuestra Junta de Gobierno con la formaci\u00f3n continua de los \u00f3pticos-optometristas andaluces<\/strong>, indispensable para poder ofrecer una labor \u00f3ptima a la sociedad. Uno de nuestros objetivos principales es que pod\u00e1is estar actualizados en los \u00faltimos avances y t\u00e9cnicas en diferentes campos relacionados con la salud visual. Por eso, hemos reunido a <strong>expertos ponentes en un programa cient\u00edfico puntero de gran valor<\/strong> y donde se abordar\u00e1n las anomal\u00edas visuales y patolog\u00edas oculares m\u00e1s frecuentes en la poblaci\u00f3n pedi\u00e1trica y geri\u00e1trica, la realizaci\u00f3n de screenings visuales, c\u00f3mo comunicarse con el paciente, salud visual en poblaciones especiales, h\u00e1bitos para mantener una adecuada visi\u00f3n o el trabajo multidisciplinar, entre otras muchas tem\u00e1ticas relacionadas.<\/p>\n<p>Desde el COOOA queremos subrayar el <strong>importante esfuerzo que realizamos para ofrecer una formaci\u00f3n de calidad y accesible<\/strong>. Es por lo que estas jornadas ser\u00e1n <strong>subvencionadas en un alto porcentaje para los colegiados<\/strong>, con el objetivo de que cada uno de vosotros pueda participar activamente y aprovechar esta oportunidad \u00fanica de aprendizaje.<\/p>\n<p>Adem\u00e1s, me gustar\u00eda mencionar los <strong>reconocimientos que recibimos de otros colegios sanitarios a nivel nacional por la calidad y variedad en nuestro programa formativo<\/strong>. Se trata de un reflejo de nuestro compromiso con la excelencia y la innovaci\u00f3n en la Optometr\u00eda, Contactolog\u00eda y otros campos relacionados con la salud visual que me enorgullece compartir con todos vosotros.<\/p>\n<p>Asimismo, quiero agradecer de coraz\u00f3n a todos los colegiados que contribuyen d\u00eda a d\u00eda a que nuestro Colegio siga avanzando. <strong>Vuestra participaci\u00f3n es fundamental<\/strong> para identificar \u00e1reas de mejora y oportunidades de crecimiento. Gracias a vuestro apoyo y sugerencias podemos seguir fortaleciendo nuestro sector y nuestra comunidad profesional.<\/p>\n<p>Las pr\u00f3ximas XXII Jornadas Cient\u00edficas Andaluzas de la Visi\u00f3n son una muestra de nuestro <strong>compromiso con la formaci\u00f3n de calidad, la colaboraci\u00f3n y el crecimiento profesional<\/strong>.<\/p>\n<p>Espero veros a todos all\u00ed, preparados para aprender, compartir y fortalecer nuestra profesi\u00f3n, as\u00ed como para disfrutar de buenos momentos de ocio. <span style=\"text-decoration: underline\"><strong>\u00a1Reserva ya la fecha y nos vemos en C\u00e1diz del 15 al 17 de marzo de 2024!<\/strong><\/span><\/p>\n<p>&nbsp;<\/p>\n<p>Publicado en <a href=\"https:\/\/coooaoptometria.com\/2023\/10\/02\/xxii-jornadas-cientificas-andaluzas-sobre-la-vision-en-cadiz-reserva-la-fecha\/\" class=\"autohyperlink\">coooaoptometria.com\/2023\/10\/02\/xxii-jornadas-cientificas-andaluzas-sobre-la-vision-en-cadiz-reserva-la-fecha\/<\/a><\/p>\n","protected":false},"excerpt":{"rendered":"<p>Estimad@ compa\u00f1er@: Es un honor presentaros las \u2018XXII Jornadas Cient\u00edficas Andaluzas sobre la Visi\u00f3n: Salud visual en Atenci\u00f3n Primaria, Pedi\u00e1trica y Geri\u00e1trica\u2019 que organizaremos en C\u00e1diz del 15 al 17 de marzo de 2024. Se trata de la actividad formativa m\u00e1s se\u00f1alada dentro de la programaci\u00f3n del Colegio Oficial de<\/p>\n","protected":false},"author":2,"featured_media":0,"comment_status":"closed","ping_status":"closed","sticky":false,"template":"","format":"standard","meta":{"footnotes":""},"categories":[10,4],"tags":[],"class_list":["post-2910","post","type-post","status-publish","format-standard","hentry","category-cuidado-ocular","category-espana"],"publishpress_future_action":{"enabled":false,"date":"2026-05-02 06:41:15","action":"change-status","newStatus":"draft","terms":[],"taxonomy":"category","extraData":[]},"publishpress_future_workflow_manual_trigger":{"enabledWorkflows":[]},"_links":{"self":[{"href":"https:\/\/hlrnet.net\/sites\/actu-es\/wp-json\/wp\/v2\/posts\/2910","targetHints":{"allow":["GET"]}}],"collection":[{"href":"https:\/\/hlrnet.net\/sites\/actu-es\/wp-json\/wp\/v2\/posts"}],"about":[{"href":"https:\/\/hlrnet.net\/sites\/actu-es\/wp-json\/wp\/v2\/types\/post"}],"author":[{"embeddable":true,"href":"https:\/\/hlrnet.net\/sites\/actu-es\/wp-json\/wp\/v2\/users\/2"}],"replies":[{"embeddable":true,"href":"https:\/\/hlrnet.net\/sites\/actu-es\/wp-json\/wp\/v2\/comments?post=2910"}],"version-history":[{"count":0,"href":"https:\/\/hlrnet.net\/sites\/actu-es\/wp-json\/wp\/v2\/posts\/2910\/revisions"}],"wp:attachment":[{"href":"https:\/\/hlrnet.net\/sites\/actu-es\/wp-json\/wp\/v2\/media?parent=2910"}],"wp:term":[{"taxonomy":"category","embeddable":true,"href":"https:\/\/hlrnet.net\/sites\/actu-es\/wp-json\/wp\/v2\/categories?post=2910"},{"taxonomy":"post_tag","embeddable":true,"href":"https:\/\/hlrnet.net\/sites\/actu-es\/wp-json\/wp\/v2\/tags?post=2910"}],"curies":[{"name":"wp","href":"https:\/\/api.w.org\/{rel}","templated":true}]}}