{"id":2912,"date":"2023-10-23T08:02:29","date_gmt":"2023-10-23T08:02:29","guid":{"rendered":"https:\/\/coocv.com\/?p=36749"},"modified":"2023-10-23T08:02:29","modified_gmt":"2023-10-23T08:02:29","slug":"la-union-profesional-sanitaria-de-alicante-rinde-tributo-en-la-ix-gala-de-salud-a-los-sanitarios-que-se-entregaron-a-sus-pacientes-durante-la-pandemia","status":"publish","type":"post","link":"https:\/\/hlrnet.net\/sites\/actu-es\/2023\/10\/23\/la-union-profesional-sanitaria-de-alicante-rinde-tributo-en-la-ix-gala-de-salud-a-los-sanitarios-que-se-entregaron-a-sus-pacientes-durante-la-pandemia\/","title":{"rendered":"La Uni\u00f3n Profesional Sanitaria de Alicante rinde tributo en la IX Gala de Salud a los sanitarios que se entregaron a sus pacientes durante la pandemia"},"content":{"rendered":"\n\n<div class=\"kk-star-ratings kksr-auto kksr-align-left kksr-valign-top\"\n    data-payload='{&quot;align&quot;:&quot;left&quot;,&quot;id&quot;:&quot;2912&quot;,&quot;slug&quot;:&quot;default&quot;,&quot;valign&quot;:&quot;top&quot;,&quot;ignore&quot;:&quot;&quot;,&quot;reference&quot;:&quot;auto&quot;,&quot;class&quot;:&quot;&quot;,&quot;count&quot;:&quot;0&quot;,&quot;legendonly&quot;:&quot;&quot;,&quot;readonly&quot;:&quot;&quot;,&quot;score&quot;:&quot;0&quot;,&quot;starsonly&quot;:&quot;&quot;,&quot;best&quot;:&quot;5&quot;,&quot;gap&quot;:&quot;5&quot;,&quot;greet&quot;:&quot;Rate this post&quot;,&quot;legend&quot;:&quot;0\\\/5 - (0 votes)&quot;,&quot;size&quot;:&quot;24&quot;,&quot;title&quot;:&quot;La Uni\u00f3n Profesional Sanitaria de Alicante rinde tributo en la IX Gala de Salud a los sanitarios que se entregaron a sus pacientes durante la pandemia&quot;,&quot;width&quot;:&quot;0&quot;,&quot;_legend&quot;:&quot;{score}\\\/{best} - ({count} {votes})&quot;,&quot;font_factor&quot;:&quot;1.25&quot;}'>\n            \n<div class=\"kksr-stars\">\n    \n<div class=\"kksr-stars-inactive\">\n            <div class=\"kksr-star\" data-star=\"1\" style=\"padding-right: 5px\">\n            \n\n<div class=\"kksr-icon\" style=\"width: 24px; height: 24px;\"><\/div>\n        <\/div>\n            <div class=\"kksr-star\" data-star=\"2\" style=\"padding-right: 5px\">\n            \n\n<div class=\"kksr-icon\" style=\"width: 24px; height: 24px;\"><\/div>\n        <\/div>\n            <div class=\"kksr-star\" data-star=\"3\" style=\"padding-right: 5px\">\n            \n\n<div class=\"kksr-icon\" style=\"width: 24px; height: 24px;\"><\/div>\n        <\/div>\n            <div class=\"kksr-star\" data-star=\"4\" style=\"padding-right: 5px\">\n            \n\n<div class=\"kksr-icon\" style=\"width: 24px; height: 24px;\"><\/div>\n        <\/div>\n            <div class=\"kksr-star\" data-star=\"5\" style=\"padding-right: 5px\">\n            \n\n<div class=\"kksr-icon\" style=\"width: 24px; height: 24px;\"><\/div>\n        <\/div>\n    <\/div>\n    \n<div class=\"kksr-stars-active\" style=\"width: 0px;\">\n            <div class=\"kksr-star\" style=\"padding-right: 5px\">\n            \n\n<div class=\"kksr-icon\" style=\"width: 24px; height: 24px;\"><\/div>\n        <\/div>\n            <div class=\"kksr-star\" style=\"padding-right: 5px\">\n            \n\n<div class=\"kksr-icon\" style=\"width: 24px; height: 24px;\"><\/div>\n        <\/div>\n            <div class=\"kksr-star\" style=\"padding-right: 5px\">\n            \n\n<div class=\"kksr-icon\" style=\"width: 24px; height: 24px;\"><\/div>\n        <\/div>\n            <div class=\"kksr-star\" style=\"padding-right: 5px\">\n            \n\n<div class=\"kksr-icon\" style=\"width: 24px; height: 24px;\"><\/div>\n        <\/div>\n            <div class=\"kksr-star\" style=\"padding-right: 5px\">\n            \n\n<div class=\"kksr-icon\" style=\"width: 24px; height: 24px;\"><\/div>\n        <\/div>\n    <\/div>\n<\/div>\n                \n\n<div class=\"kksr-legend\" style=\"font-size: 19.2px;\">\n            <span class=\"kksr-muted\">Rate this post<\/span>\n    <\/div>\n    <\/div>\n\n<p>La Uni\u00f3n Profesional Sanitaria de Alicante (Upsana), que re\u00fane a once colegios profesionales sanitarios de la provincia, celebr\u00f3 el pasado 19 de octubre la IX Gala de la Salud.<\/p>\n<p>Un evento, que resurge con fuerza tras cuatro a\u00f1os sin realizarse por la pandemia, en el que se reconoci\u00f3 la labor de los profesionales de la salud m\u00e1s <a><\/a>destacados de la provincia.<\/p>\n<p>Al acto asistieron varios representantes del COOCV, encabezados por su presidente, Andr\u00e9s Gen\u00e9, que quisieron acompa\u00f1ar a \u00c1ngel Garc\u00eda Mu\u00f1oz, que recibi\u00f3 un merecido Premio a la Implicaci\u00f3n Colegial por su larga trayectoria y su trabajo realizado en favor de los \u00f3pticos-optometristas y la profesi\u00f3n. Un galard\u00f3n que recibi\u00f3 de la mano del presidente del COOCV.<\/p>\n<p><strong>Otros premiados<\/strong><\/p>\n<p>El Premio Especial se concedi\u00f3 a todos los profesionales sanitarios de la provincia que entregaron sus vidas y pusieron en riesgo su salud y las de sus familias para atender a sus pacientes durante la pandemia. Desde el Colegio agradecemos la importante, y esencial labor, que desarrollasteis como \u00f3pticos-optometristas en este periodo.<\/p>\n<p>En esta convocatoria tambi\u00e9n se premi\u00f3 la labor que desempe\u00f1an los profesionales sanitarios de la asamblea provincial de Cruz Roja y a los trabajadores de la salud de los centros penitenciarios alicantinos de Villena y Fontcalent, as\u00ed como del Hospital Psiqui\u00e1trico Penitenciario de Alicante.<\/p>\n<p>Reconocer a nuestra compa\u00f1era Mila Murillo Cerda la importante labor de atenci\u00f3n visual que desarrolla en este sector<\/p>\n<p>A su vez, Upsana realiz\u00f3 un reconocimiento especial a t\u00edtulo p\u00f3stumo a dos mujeres muy implicadas con la entidad profesional, la dentista Hiris Carrasco Rodr\u00edguez y la periodista Carmen Esther Collado.<\/p>\n<figure class=\"wp-block-gallery has-nested-images columns-default is-cropped wp-block-gallery-1 is-layout-flex wp-block-gallery-is-layout-flex\">\n<figure class=\"wp-block-image size-large\"><img decoding=\"async\" fetchpriority=\"high\" width=\"1024\" height=\"768\" data-id=\"36751\" src=\"https:\/\/coocv.com\/wp-content\/uploads\/2023\/10\/Entrega-1024x768.jpeg\" alt=\"Entrega\" class=\"wp-image-36751\" srcset=\"https:\/\/coocv.com\/wp-content\/uploads\/2023\/10\/Entrega-1024x768.jpeg 1024w, https:\/\/coocv.com\/wp-content\/uploads\/2023\/10\/Entrega-300x225.jpeg 300w, https:\/\/coocv.com\/wp-content\/uploads\/2023\/10\/Entrega-768x576.jpeg 768w, https:\/\/coocv.com\/wp-content\/uploads\/2023\/10\/Entrega-1536x1152.jpeg 1536w, https:\/\/coocv.com\/wp-content\/uploads\/2023\/10\/Entrega-scaled.jpeg 2048w, https:\/\/coocv.com\/wp-content\/uploads\/2023\/10\/Entrega-640x480.jpeg 640w, https:\/\/coocv.com\/wp-content\/uploads\/2023\/10\/Entrega-600x450.jpeg 600w\" sizes=\"(max-width: 1024px) 100vw, 1024px\" title=\"La Uni\u00f3n Profesional Sanitaria de Alicante rinde tributo en la IX Gala de Salud a los sanitarios que se entregaron a sus pacientes durante la pandemia 1\"><\/figure>\n<figure class=\"wp-block-image size-large\"><img loading=\"lazy\" decoding=\"async\" width=\"1024\" height=\"628\" data-id=\"36750\" src=\"https:\/\/coocv.com\/wp-content\/uploads\/2023\/10\/Grupo-OO-4748-1024x628.jpeg\" alt=\"Grupo OO 4748\" class=\"wp-image-36750\" srcset=\"https:\/\/coocv.com\/wp-content\/uploads\/2023\/10\/Grupo-OO-4748-1024x628.jpeg 1024w, https:\/\/coocv.com\/wp-content\/uploads\/2023\/10\/Grupo-OO-4748-300x184.jpeg 300w, https:\/\/coocv.com\/wp-content\/uploads\/2023\/10\/Grupo-OO-4748-768x471.jpeg 768w, https:\/\/coocv.com\/wp-content\/uploads\/2023\/10\/Grupo-OO-4748-1536x942.jpeg 1536w, https:\/\/coocv.com\/wp-content\/uploads\/2023\/10\/Grupo-OO-4748-scaled.jpeg 2048w, https:\/\/coocv.com\/wp-content\/uploads\/2023\/10\/Grupo-OO-4748-640x393.jpeg 640w, https:\/\/coocv.com\/wp-content\/uploads\/2023\/10\/Grupo-OO-4748-600x368.jpeg 600w\" sizes=\"auto, (max-width: 1024px) 100vw, 1024px\" title=\"La Uni\u00f3n Profesional Sanitaria de Alicante rinde tributo en la IX Gala de Salud a los sanitarios que se entregaron a sus pacientes durante la pandemia 2\"><\/figure>\n<figure class=\"wp-block-image size-large\"><img loading=\"lazy\" decoding=\"async\" width=\"1024\" height=\"791\" data-id=\"36752\" src=\"https:\/\/coocv.com\/wp-content\/uploads\/2023\/10\/JG-Premiado-1024x791.jpeg\" alt=\"JG Premiado\" class=\"wp-image-36752\" srcset=\"https:\/\/coocv.com\/wp-content\/uploads\/2023\/10\/JG-Premiado-1024x791.jpeg 1024w, https:\/\/coocv.com\/wp-content\/uploads\/2023\/10\/JG-Premiado-300x232.jpeg 300w, https:\/\/coocv.com\/wp-content\/uploads\/2023\/10\/JG-Premiado-768x593.jpeg 768w, https:\/\/coocv.com\/wp-content\/uploads\/2023\/10\/JG-Premiado-1536x1186.jpeg 1536w, https:\/\/coocv.com\/wp-content\/uploads\/2023\/10\/JG-Premiado-scaled.jpeg 2048w, https:\/\/coocv.com\/wp-content\/uploads\/2023\/10\/JG-Premiado-622x480.jpeg 622w, https:\/\/coocv.com\/wp-content\/uploads\/2023\/10\/JG-Premiado-600x463.jpeg 600w\" sizes=\"auto, (max-width: 1024px) 100vw, 1024px\" title=\"La Uni\u00f3n Profesional Sanitaria de Alicante rinde tributo en la IX Gala de Salud a los sanitarios que se entregaron a sus pacientes durante la pandemia 3\"><\/figure>\n<\/figure>\n<p>Publicado en <a href=\"https:\/\/coocv.com\/la-union-profesional-sanitaria-de-alicante-rinde-tributo-en-la-ix-gala-de-salud-a-los-sanitarios-que-se-entregaron-a-sus-pacientes-durante-la-pandemia\/\" class=\"autohyperlink\">coocv.com\/la-union-profesional-sanitaria-de-alicante-rinde-tributo-en-la-ix-gala-de-salud-a-los-sanitarios-que-se-entregaron-a-sus-pacientes-durante-la-pandemia\/<\/a><\/p>\n","protected":false},"excerpt":{"rendered":"<p>La Uni\u00f3n Profesional Sanitaria de Alicante (Upsana), que re\u00fane a once colegios profesionales sanitarios de la provincia, celebr\u00f3 el pasado 19 de octubre la IX Gala de la Salud. Un evento, que resurge con fuerza tras cuatro a\u00f1os sin realizarse por la pandemia, en el que se reconoci\u00f3 la labor<\/p>\n","protected":false},"author":2,"featured_media":0,"comment_status":"closed","ping_status":"closed","sticky":false,"template":"","format":"standard","meta":{"footnotes":""},"categories":[10,4],"tags":[],"class_list":["post-2912","post","type-post","status-publish","format-standard","hentry","category-cuidado-ocular","category-espana"],"publishpress_future_action":{"enabled":false,"date":"2026-05-02 06:40:48","action":"change-status","newStatus":"draft","terms":[],"taxonomy":"category","extraData":[]},"publishpress_future_workflow_manual_trigger":{"enabledWorkflows":[]},"_links":{"self":[{"href":"https:\/\/hlrnet.net\/sites\/actu-es\/wp-json\/wp\/v2\/posts\/2912","targetHints":{"allow":["GET"]}}],"collection":[{"href":"https:\/\/hlrnet.net\/sites\/actu-es\/wp-json\/wp\/v2\/posts"}],"about":[{"href":"https:\/\/hlrnet.net\/sites\/actu-es\/wp-json\/wp\/v2\/types\/post"}],"author":[{"embeddable":true,"href":"https:\/\/hlrnet.net\/sites\/actu-es\/wp-json\/wp\/v2\/users\/2"}],"replies":[{"embeddable":true,"href":"https:\/\/hlrnet.net\/sites\/actu-es\/wp-json\/wp\/v2\/comments?post=2912"}],"version-history":[{"count":0,"href":"https:\/\/hlrnet.net\/sites\/actu-es\/wp-json\/wp\/v2\/posts\/2912\/revisions"}],"wp:attachment":[{"href":"https:\/\/hlrnet.net\/sites\/actu-es\/wp-json\/wp\/v2\/media?parent=2912"}],"wp:term":[{"taxonomy":"category","embeddable":true,"href":"https:\/\/hlrnet.net\/sites\/actu-es\/wp-json\/wp\/v2\/categories?post=2912"},{"taxonomy":"post_tag","embeddable":true,"href":"https:\/\/hlrnet.net\/sites\/actu-es\/wp-json\/wp\/v2\/tags?post=2912"}],"curies":[{"name":"wp","href":"https:\/\/api.w.org\/{rel}","templated":true}]}}