{"id":2917,"date":"2023-10-26T08:46:15","date_gmt":"2023-10-26T08:46:15","guid":{"rendered":"https:\/\/coocv.com\/?p=36778"},"modified":"2023-10-26T08:46:15","modified_gmt":"2023-10-26T08:46:15","slug":"primera-charla-a-profesores-dentro-del-plan-de-salud-visual-para-escolares-del-coocv","status":"publish","type":"post","link":"https:\/\/hlrnet.net\/sites\/actu-es\/2023\/10\/26\/primera-charla-a-profesores-dentro-del-plan-de-salud-visual-para-escolares-del-coocv\/","title":{"rendered":"PRIMERA CHARLA A PROFESORES DENTRO DEL PLAN DE SALUD VISUAL PARA ESCOLARES DEL COOCV"},"content":{"rendered":"\n\n<div class=\"kk-star-ratings kksr-auto kksr-align-left kksr-valign-top\"\n    data-payload='{&quot;align&quot;:&quot;left&quot;,&quot;id&quot;:&quot;2917&quot;,&quot;slug&quot;:&quot;default&quot;,&quot;valign&quot;:&quot;top&quot;,&quot;ignore&quot;:&quot;&quot;,&quot;reference&quot;:&quot;auto&quot;,&quot;class&quot;:&quot;&quot;,&quot;count&quot;:&quot;0&quot;,&quot;legendonly&quot;:&quot;&quot;,&quot;readonly&quot;:&quot;&quot;,&quot;score&quot;:&quot;0&quot;,&quot;starsonly&quot;:&quot;&quot;,&quot;best&quot;:&quot;5&quot;,&quot;gap&quot;:&quot;5&quot;,&quot;greet&quot;:&quot;Rate this post&quot;,&quot;legend&quot;:&quot;0\\\/5 - (0 votes)&quot;,&quot;size&quot;:&quot;24&quot;,&quot;title&quot;:&quot;PRIMERA CHARLA A PROFESORES DENTRO DEL PLAN DE SALUD VISUAL PARA ESCOLARES DEL COOCV&quot;,&quot;width&quot;:&quot;0&quot;,&quot;_legend&quot;:&quot;{score}\\\/{best} - ({count} {votes})&quot;,&quot;font_factor&quot;:&quot;1.25&quot;}'>\n            \n<div class=\"kksr-stars\">\n    \n<div class=\"kksr-stars-inactive\">\n            <div class=\"kksr-star\" data-star=\"1\" style=\"padding-right: 5px\">\n            \n\n<div class=\"kksr-icon\" style=\"width: 24px; height: 24px;\"><\/div>\n        <\/div>\n            <div class=\"kksr-star\" data-star=\"2\" style=\"padding-right: 5px\">\n            \n\n<div class=\"kksr-icon\" style=\"width: 24px; height: 24px;\"><\/div>\n        <\/div>\n            <div class=\"kksr-star\" data-star=\"3\" style=\"padding-right: 5px\">\n            \n\n<div class=\"kksr-icon\" style=\"width: 24px; height: 24px;\"><\/div>\n        <\/div>\n            <div class=\"kksr-star\" data-star=\"4\" style=\"padding-right: 5px\">\n            \n\n<div class=\"kksr-icon\" style=\"width: 24px; height: 24px;\"><\/div>\n        <\/div>\n            <div class=\"kksr-star\" data-star=\"5\" style=\"padding-right: 5px\">\n            \n\n<div class=\"kksr-icon\" style=\"width: 24px; height: 24px;\"><\/div>\n        <\/div>\n    <\/div>\n    \n<div class=\"kksr-stars-active\" style=\"width: 0px;\">\n            <div class=\"kksr-star\" style=\"padding-right: 5px\">\n            \n\n<div class=\"kksr-icon\" style=\"width: 24px; height: 24px;\"><\/div>\n        <\/div>\n            <div class=\"kksr-star\" style=\"padding-right: 5px\">\n            \n\n<div class=\"kksr-icon\" style=\"width: 24px; height: 24px;\"><\/div>\n        <\/div>\n            <div class=\"kksr-star\" style=\"padding-right: 5px\">\n            \n\n<div class=\"kksr-icon\" style=\"width: 24px; height: 24px;\"><\/div>\n        <\/div>\n            <div class=\"kksr-star\" style=\"padding-right: 5px\">\n            \n\n<div class=\"kksr-icon\" style=\"width: 24px; height: 24px;\"><\/div>\n        <\/div>\n            <div class=\"kksr-star\" style=\"padding-right: 5px\">\n            \n\n<div class=\"kksr-icon\" style=\"width: 24px; height: 24px;\"><\/div>\n        <\/div>\n    <\/div>\n<\/div>\n                \n\n<div class=\"kksr-legend\" style=\"font-size: 19.2px;\">\n            <span class=\"kksr-muted\">Rate this post<\/span>\n    <\/div>\n    <\/div>\n\n<p>Nuestra compa\u00f1era, Amparo de Dios, imparti\u00f3 este martes la primera charla para profesores en el CEIP AUSI\u00c0S MARCH de Picanya dentro del Plan de Salud Visual para centros escolares del COOCV.<\/p>\n<p>Una primera experiencia que result\u00f3 muy fruct\u00edfera y gratificante, ya que los docentes mantuvieron la atenci\u00f3n en todo momento y no dejaron de preguntar dudas sobre los conceptos explicados para contribuir a mejorar la salud visual de sus alumnos.<\/p>\n<figure class=\"wp-block-image size-large\"><img decoding=\"async\" fetchpriority=\"high\" width=\"1024\" height=\"1024\" src=\"https:\/\/coocv.com\/wp-content\/uploads\/2023\/10\/Redes_PLAN-SALUD-VISUAL-1024x1024.jpg\" alt=\"Redes PLAN SALUD VISUAL\" class=\"wp-image-36779\" srcset=\"https:\/\/coocv.com\/wp-content\/uploads\/2023\/10\/Redes_PLAN-SALUD-VISUAL-1024x1024.jpg 1024w, https:\/\/coocv.com\/wp-content\/uploads\/2023\/10\/Redes_PLAN-SALUD-VISUAL-300x300.jpg 300w, https:\/\/coocv.com\/wp-content\/uploads\/2023\/10\/Redes_PLAN-SALUD-VISUAL-150x150.jpg 150w, https:\/\/coocv.com\/wp-content\/uploads\/2023\/10\/Redes_PLAN-SALUD-VISUAL-768x768.jpg 768w, https:\/\/coocv.com\/wp-content\/uploads\/2023\/10\/Redes_PLAN-SALUD-VISUAL-125x125.jpg 125w, https:\/\/coocv.com\/wp-content\/uploads\/2023\/10\/Redes_PLAN-SALUD-VISUAL-200x200.jpg 200w, https:\/\/coocv.com\/wp-content\/uploads\/2023\/10\/Redes_PLAN-SALUD-VISUAL-80x80.jpg 80w, https:\/\/coocv.com\/wp-content\/uploads\/2023\/10\/Redes_PLAN-SALUD-VISUAL-480x480.jpg 480w, https:\/\/coocv.com\/wp-content\/uploads\/2023\/10\/Redes_PLAN-SALUD-VISUAL-600x600.jpg 600w, https:\/\/coocv.com\/wp-content\/uploads\/2023\/10\/Redes_PLAN-SALUD-VISUAL-100x100.jpg 100w, https:\/\/coocv.com\/wp-content\/uploads\/2023\/10\/Redes_PLAN-SALUD-VISUAL.jpg 1080w\" sizes=\"(max-width: 1024px) 100vw, 1024px\" title=\"PRIMERA CHARLA A PROFESORES DENTRO DEL PLAN DE SALUD VISUAL PARA ESCOLARES DEL COOCV 1\"><\/figure>\n<p>Publicado en <a href=\"https:\/\/coocv.com\/primera-charla-a-profesores-dentro-del-plan-de-salud-visual-para-escolares-del-coocv\/\" class=\"autohyperlink\">coocv.com\/primera-charla-a-profesores-dentro-del-plan-de-salud-visual-para-escolares-del-coocv\/<\/a><\/p>\n","protected":false},"excerpt":{"rendered":"<p>Nuestra compa\u00f1era, Amparo de Dios, imparti\u00f3 este martes la primera charla para profesores en el CEIP AUSI\u00c0S MARCH de Picanya dentro del Plan de Salud Visual para centros escolares del COOCV. Una primera experiencia que result\u00f3 muy fruct\u00edfera y gratificante, ya que los docentes mantuvieron la atenci\u00f3n en todo momento<\/p>\n","protected":false},"author":2,"featured_media":0,"comment_status":"closed","ping_status":"closed","sticky":false,"template":"","format":"standard","meta":{"footnotes":""},"categories":[10,4],"tags":[],"class_list":["post-2917","post","type-post","status-publish","format-standard","hentry","category-cuidado-ocular","category-espana"],"publishpress_future_action":{"enabled":false,"date":"2026-05-02 04:47:10","action":"change-status","newStatus":"draft","terms":[],"taxonomy":"category","extraData":[]},"publishpress_future_workflow_manual_trigger":{"enabledWorkflows":[]},"_links":{"self":[{"href":"https:\/\/hlrnet.net\/sites\/actu-es\/wp-json\/wp\/v2\/posts\/2917","targetHints":{"allow":["GET"]}}],"collection":[{"href":"https:\/\/hlrnet.net\/sites\/actu-es\/wp-json\/wp\/v2\/posts"}],"about":[{"href":"https:\/\/hlrnet.net\/sites\/actu-es\/wp-json\/wp\/v2\/types\/post"}],"author":[{"embeddable":true,"href":"https:\/\/hlrnet.net\/sites\/actu-es\/wp-json\/wp\/v2\/users\/2"}],"replies":[{"embeddable":true,"href":"https:\/\/hlrnet.net\/sites\/actu-es\/wp-json\/wp\/v2\/comments?post=2917"}],"version-history":[{"count":0,"href":"https:\/\/hlrnet.net\/sites\/actu-es\/wp-json\/wp\/v2\/posts\/2917\/revisions"}],"wp:attachment":[{"href":"https:\/\/hlrnet.net\/sites\/actu-es\/wp-json\/wp\/v2\/media?parent=2917"}],"wp:term":[{"taxonomy":"category","embeddable":true,"href":"https:\/\/hlrnet.net\/sites\/actu-es\/wp-json\/wp\/v2\/categories?post=2917"},{"taxonomy":"post_tag","embeddable":true,"href":"https:\/\/hlrnet.net\/sites\/actu-es\/wp-json\/wp\/v2\/tags?post=2917"}],"curies":[{"name":"wp","href":"https:\/\/api.w.org\/{rel}","templated":true}]}}