{"id":2988,"date":"2023-12-20T10:53:14","date_gmt":"2023-12-20T10:53:14","guid":{"rendered":"https:\/\/coocv.com\/?p=36978"},"modified":"2023-12-20T10:53:14","modified_gmt":"2023-12-20T10:53:14","slug":"los-presidentes-del-coocv-y-adscv-se-reunen-para-analizar-las-conclusiones-del-6-congreso-de-derecho-sanitario-de-la-cv","status":"publish","type":"post","link":"https:\/\/hlrnet.net\/sites\/actu-es\/2023\/12\/20\/los-presidentes-del-coocv-y-adscv-se-reunen-para-analizar-las-conclusiones-del-6-congreso-de-derecho-sanitario-de-la-cv\/","title":{"rendered":"Los presidentes del COOCV y ADSCV se re\u00fanen para analizar las conclusiones del 6 Congreso de Derecho Sanitario de la CV"},"content":{"rendered":"\n\n<div class=\"kk-star-ratings kksr-auto kksr-align-left kksr-valign-top\"\n    data-payload='{&quot;align&quot;:&quot;left&quot;,&quot;id&quot;:&quot;2988&quot;,&quot;slug&quot;:&quot;default&quot;,&quot;valign&quot;:&quot;top&quot;,&quot;ignore&quot;:&quot;&quot;,&quot;reference&quot;:&quot;auto&quot;,&quot;class&quot;:&quot;&quot;,&quot;count&quot;:&quot;0&quot;,&quot;legendonly&quot;:&quot;&quot;,&quot;readonly&quot;:&quot;&quot;,&quot;score&quot;:&quot;0&quot;,&quot;starsonly&quot;:&quot;&quot;,&quot;best&quot;:&quot;5&quot;,&quot;gap&quot;:&quot;5&quot;,&quot;greet&quot;:&quot;Rate this post&quot;,&quot;legend&quot;:&quot;0\\\/5 - (0 votes)&quot;,&quot;size&quot;:&quot;24&quot;,&quot;title&quot;:&quot;Los presidentes del COOCV y ADSCV se re\u00fanen para analizar las conclusiones del 6 Congreso de Derecho Sanitario de la CV&quot;,&quot;width&quot;:&quot;0&quot;,&quot;_legend&quot;:&quot;{score}\\\/{best} - ({count} {votes})&quot;,&quot;font_factor&quot;:&quot;1.25&quot;}'>\n            \n<div class=\"kksr-stars\">\n    \n<div class=\"kksr-stars-inactive\">\n            <div class=\"kksr-star\" data-star=\"1\" style=\"padding-right: 5px\">\n            \n\n<div class=\"kksr-icon\" style=\"width: 24px; height: 24px;\"><\/div>\n        <\/div>\n            <div class=\"kksr-star\" data-star=\"2\" style=\"padding-right: 5px\">\n            \n\n<div class=\"kksr-icon\" style=\"width: 24px; height: 24px;\"><\/div>\n        <\/div>\n            <div class=\"kksr-star\" data-star=\"3\" style=\"padding-right: 5px\">\n            \n\n<div class=\"kksr-icon\" style=\"width: 24px; height: 24px;\"><\/div>\n        <\/div>\n            <div class=\"kksr-star\" data-star=\"4\" style=\"padding-right: 5px\">\n            \n\n<div class=\"kksr-icon\" style=\"width: 24px; height: 24px;\"><\/div>\n        <\/div>\n            <div class=\"kksr-star\" data-star=\"5\" style=\"padding-right: 5px\">\n            \n\n<div class=\"kksr-icon\" style=\"width: 24px; height: 24px;\"><\/div>\n        <\/div>\n    <\/div>\n    \n<div class=\"kksr-stars-active\" style=\"width: 0px;\">\n            <div class=\"kksr-star\" style=\"padding-right: 5px\">\n            \n\n<div class=\"kksr-icon\" style=\"width: 24px; height: 24px;\"><\/div>\n        <\/div>\n            <div class=\"kksr-star\" style=\"padding-right: 5px\">\n            \n\n<div class=\"kksr-icon\" style=\"width: 24px; height: 24px;\"><\/div>\n        <\/div>\n            <div class=\"kksr-star\" style=\"padding-right: 5px\">\n            \n\n<div class=\"kksr-icon\" style=\"width: 24px; height: 24px;\"><\/div>\n        <\/div>\n            <div class=\"kksr-star\" style=\"padding-right: 5px\">\n            \n\n<div class=\"kksr-icon\" style=\"width: 24px; height: 24px;\"><\/div>\n        <\/div>\n            <div class=\"kksr-star\" style=\"padding-right: 5px\">\n            \n\n<div class=\"kksr-icon\" style=\"width: 24px; height: 24px;\"><\/div>\n        <\/div>\n    <\/div>\n<\/div>\n                \n\n<div class=\"kksr-legend\" style=\"font-size: 19.2px;\">\n            <span class=\"kksr-muted\">Rate this post<\/span>\n    <\/div>\n    <\/div>\n\n<p>Esta ma\u00f1ana se ha celebrado una reuni\u00f3n entre la Asociaci\u00f3n de Derecho Sanitario de la Comunidad Valenciana y el Colegio de \u00d3pticos-Optometristas de la Comunitay Valenciana en la sede del Colegio. Sus respectivos presidentes, Carlos Fornes y Andr\u00e9s Gen\u00e9 han intercambiado opiniones relacionadas con la profesi\u00f3n y la sanidad.<\/p>\n<p>La finalidad de este encuentro ha sido hacer entrega de las conclusiones derivadas del exitoso 6\u00ba Congreso de Derecho Sanitario de la Comunidad Valenciana, donde se abordaron temas de gran relevancia en el \u00e1mbito de la salud y la normativa sanitaria. En el encuentro se debati\u00f3 sobre las aportaciones realizadas por las distintas profesiones sanitarias al engranaje de la sanidad privada y c\u00f3mo pueden contribuir a la sanidad p\u00fablica. En este sentido, los \u00f3pticos-optometristas somos una pieza fundamental en este engranaje en lo referente a la asistencia visual de la poblaci\u00f3n.<\/p>\n<figure class=\"wp-block-image size-large\"><img fetchpriority=\"high\" decoding=\"async\" width=\"1024\" height=\"1024\" class=\"wp-image-36983\" src=\"https:\/\/coocv.com\/wp-content\/uploads\/2023\/12\/ReunionADSCV_COOCV-1024x1024.png\" alt=\"ReunionADSCV COOCV\" title=\"Los presidentes del COOCV y ADSCV se re\u00fanen para analizar las conclusiones del 6 Congreso de Derecho Sanitario de la CV 1\" srcset=\"https:\/\/coocv.com\/wp-content\/uploads\/2023\/12\/ReunionADSCV_COOCV-1024x1024.png 1024w, https:\/\/coocv.com\/wp-content\/uploads\/2023\/12\/ReunionADSCV_COOCV-300x300.png 300w, https:\/\/coocv.com\/wp-content\/uploads\/2023\/12\/ReunionADSCV_COOCV-150x150.png 150w, https:\/\/coocv.com\/wp-content\/uploads\/2023\/12\/ReunionADSCV_COOCV-768x768.png 768w, https:\/\/coocv.com\/wp-content\/uploads\/2023\/12\/ReunionADSCV_COOCV-125x125.png 125w, https:\/\/coocv.com\/wp-content\/uploads\/2023\/12\/ReunionADSCV_COOCV-200x200.png 200w, https:\/\/coocv.com\/wp-content\/uploads\/2023\/12\/ReunionADSCV_COOCV-80x80.png 80w, https:\/\/coocv.com\/wp-content\/uploads\/2023\/12\/ReunionADSCV_COOCV-480x480.png 480w, https:\/\/coocv.com\/wp-content\/uploads\/2023\/12\/ReunionADSCV_COOCV-600x600.png 600w, https:\/\/coocv.com\/wp-content\/uploads\/2023\/12\/ReunionADSCV_COOCV-100x100.png 100w, https:\/\/coocv.com\/wp-content\/uploads\/2023\/12\/ReunionADSCV_COOCV.png 1080w\" sizes=\"(max-width: 1024px) 100vw, 1024px\" \/><\/figure>\n<p>Publicado en <a href=\"https:\/\/coocv.com\/los-presidentes-del-coocv-y-adscv-se-reunen-para-analizar-las-conclusiones-del-6-congreso-de-derecho-sanitario-de-la-cv\/\" class=\"autohyperlink\">coocv.com\/los-presidentes-del-coocv-y-adscv-se-reunen-para-analizar-las-conclusiones-del-6-congreso-de-derecho-sanitario-de-la-cv\/<\/a><\/p>\n","protected":false},"excerpt":{"rendered":"<p>Esta ma\u00f1ana se ha celebrado una reuni\u00f3n entre la Asociaci\u00f3n de Derecho Sanitario de la Comunidad Valenciana y el Colegio de \u00d3pticos-Optometristas de la Comunitay Valenciana en la sede del Colegio. Sus respectivos presidentes, Carlos Fornes y Andr\u00e9s Gen\u00e9 han intercambiado opiniones relacionadas con la profesi\u00f3n y la sanidad. La<\/p>\n","protected":false},"author":2,"featured_media":0,"comment_status":"closed","ping_status":"closed","sticky":false,"template":"","format":"standard","meta":{"footnotes":""},"categories":[10,4],"tags":[],"class_list":["post-2988","post","type-post","status-publish","format-standard","hentry","category-cuidado-ocular","category-espana"],"publishpress_future_action":{"enabled":false,"date":"2026-05-02 07:20:43","action":"change-status","newStatus":"draft","terms":[],"taxonomy":"category","extraData":[]},"publishpress_future_workflow_manual_trigger":{"enabledWorkflows":[]},"_links":{"self":[{"href":"https:\/\/hlrnet.net\/sites\/actu-es\/wp-json\/wp\/v2\/posts\/2988","targetHints":{"allow":["GET"]}}],"collection":[{"href":"https:\/\/hlrnet.net\/sites\/actu-es\/wp-json\/wp\/v2\/posts"}],"about":[{"href":"https:\/\/hlrnet.net\/sites\/actu-es\/wp-json\/wp\/v2\/types\/post"}],"author":[{"embeddable":true,"href":"https:\/\/hlrnet.net\/sites\/actu-es\/wp-json\/wp\/v2\/users\/2"}],"replies":[{"embeddable":true,"href":"https:\/\/hlrnet.net\/sites\/actu-es\/wp-json\/wp\/v2\/comments?post=2988"}],"version-history":[{"count":0,"href":"https:\/\/hlrnet.net\/sites\/actu-es\/wp-json\/wp\/v2\/posts\/2988\/revisions"}],"wp:attachment":[{"href":"https:\/\/hlrnet.net\/sites\/actu-es\/wp-json\/wp\/v2\/media?parent=2988"}],"wp:term":[{"taxonomy":"category","embeddable":true,"href":"https:\/\/hlrnet.net\/sites\/actu-es\/wp-json\/wp\/v2\/categories?post=2988"},{"taxonomy":"post_tag","embeddable":true,"href":"https:\/\/hlrnet.net\/sites\/actu-es\/wp-json\/wp\/v2\/tags?post=2988"}],"curies":[{"name":"wp","href":"https:\/\/api.w.org\/{rel}","templated":true}]}}