{"id":3002,"date":"2023-12-27T12:12:13","date_gmt":"2023-12-27T12:12:13","guid":{"rendered":"https:\/\/coocv.com\/?p=37035"},"modified":"2023-12-27T12:12:13","modified_gmt":"2023-12-27T12:12:13","slug":"acto-de-graduacion-grado-de-optica-y-optometria-de-la-universidad-de-valencia","status":"publish","type":"post","link":"https:\/\/hlrnet.net\/sites\/actu-es\/2023\/12\/27\/acto-de-graduacion-grado-de-optica-y-optometria-de-la-universidad-de-valencia\/","title":{"rendered":"Acto de Graduaci\u00f3n Grado de \u00d3ptica y Optometr\u00eda de la Universidad de Valencia"},"content":{"rendered":"\n\n<div class=\"kk-star-ratings kksr-auto kksr-align-left kksr-valign-top\"\n    data-payload='{&quot;align&quot;:&quot;left&quot;,&quot;id&quot;:&quot;3002&quot;,&quot;slug&quot;:&quot;default&quot;,&quot;valign&quot;:&quot;top&quot;,&quot;ignore&quot;:&quot;&quot;,&quot;reference&quot;:&quot;auto&quot;,&quot;class&quot;:&quot;&quot;,&quot;count&quot;:&quot;0&quot;,&quot;legendonly&quot;:&quot;&quot;,&quot;readonly&quot;:&quot;&quot;,&quot;score&quot;:&quot;0&quot;,&quot;starsonly&quot;:&quot;&quot;,&quot;best&quot;:&quot;5&quot;,&quot;gap&quot;:&quot;5&quot;,&quot;greet&quot;:&quot;Rate this post&quot;,&quot;legend&quot;:&quot;0\\\/5 - (0 votes)&quot;,&quot;size&quot;:&quot;24&quot;,&quot;title&quot;:&quot;Acto de Graduaci\u00f3n Grado de \u00d3ptica y Optometr\u00eda de la Universidad de Valencia&quot;,&quot;width&quot;:&quot;0&quot;,&quot;_legend&quot;:&quot;{score}\\\/{best} - ({count} {votes})&quot;,&quot;font_factor&quot;:&quot;1.25&quot;}'>\n            \n<div class=\"kksr-stars\">\n    \n<div class=\"kksr-stars-inactive\">\n            <div class=\"kksr-star\" data-star=\"1\" style=\"padding-right: 5px\">\n            \n\n<div class=\"kksr-icon\" style=\"width: 24px; height: 24px;\"><\/div>\n        <\/div>\n            <div class=\"kksr-star\" data-star=\"2\" style=\"padding-right: 5px\">\n            \n\n<div class=\"kksr-icon\" style=\"width: 24px; height: 24px;\"><\/div>\n        <\/div>\n            <div class=\"kksr-star\" data-star=\"3\" style=\"padding-right: 5px\">\n            \n\n<div class=\"kksr-icon\" style=\"width: 24px; height: 24px;\"><\/div>\n        <\/div>\n            <div class=\"kksr-star\" data-star=\"4\" style=\"padding-right: 5px\">\n            \n\n<div class=\"kksr-icon\" style=\"width: 24px; height: 24px;\"><\/div>\n        <\/div>\n            <div class=\"kksr-star\" data-star=\"5\" style=\"padding-right: 5px\">\n            \n\n<div class=\"kksr-icon\" style=\"width: 24px; height: 24px;\"><\/div>\n        <\/div>\n    <\/div>\n    \n<div class=\"kksr-stars-active\" style=\"width: 0px;\">\n            <div class=\"kksr-star\" style=\"padding-right: 5px\">\n            \n\n<div class=\"kksr-icon\" style=\"width: 24px; height: 24px;\"><\/div>\n        <\/div>\n            <div class=\"kksr-star\" style=\"padding-right: 5px\">\n            \n\n<div class=\"kksr-icon\" style=\"width: 24px; height: 24px;\"><\/div>\n        <\/div>\n            <div class=\"kksr-star\" style=\"padding-right: 5px\">\n            \n\n<div class=\"kksr-icon\" style=\"width: 24px; height: 24px;\"><\/div>\n        <\/div>\n            <div class=\"kksr-star\" style=\"padding-right: 5px\">\n            \n\n<div class=\"kksr-icon\" style=\"width: 24px; height: 24px;\"><\/div>\n        <\/div>\n            <div class=\"kksr-star\" style=\"padding-right: 5px\">\n            \n\n<div class=\"kksr-icon\" style=\"width: 24px; height: 24px;\"><\/div>\n        <\/div>\n    <\/div>\n<\/div>\n                \n\n<div class=\"kksr-legend\" style=\"font-size: 19.2px;\">\n            <span class=\"kksr-muted\">Rate this post<\/span>\n    <\/div>\n    <\/div>\n\n<p>El jueves 21 de diciembre tuvo lugar el Acto de Graduaci\u00f3n de los 27 nuevos titulados en el Grado de \u00d3ptica y Optometr\u00eda de la Universidad de Valencia.<\/p>\n<p>La ceremonia se celebr\u00f3 en las Escuela San Jos\u00e9 Jesuitas de Valencia. El presidente del COOCV, Andr\u00e9s Gen\u00e9, asisti\u00f3 al acto para dar la bienvenida a los nuevos graduados en \u00f3ptica y optometr\u00eda.<\/p>\n<p>En su discurso, Andr\u00e9s Gen\u00e9 felicit\u00f3 a los nuevos \u00f3pticos-optometristas \u201cpor el inicio de esta nueva etapa en su carrera\u201d, d\u00e1ndoles la bienvenida al Colegio y record\u00e1ndoles la responsabilidad que adquieren como profesionales sanitarios. En este sentido, Andr\u00e9s Gen\u00e9 resalt\u00f3 que <em><strong>&#8220;en este camino que vais a comenzar siempre contareis con el apoyo del COOCV&#8221;<\/strong><\/em>.<\/p>\n<figure class=\"wp-block-gallery has-nested-images columns-default is-cropped wp-block-gallery-1 is-layout-flex wp-block-gallery-is-layout-flex\">\n<figure class=\"wp-block-image size-large\"><img fetchpriority=\"high\" decoding=\"async\" width=\"500\" height=\"500\" data-id=\"37036\" src=\"https:\/\/coocv.com\/wp-content\/uploads\/2023\/12\/Acto-de-Graduacion_Andres.jpg\" alt=\"Acto de Graduacion Andres\" class=\"wp-image-37036\" title=\"Acto de Graduaci\u00f3n Grado de \u00d3ptica y Optometr\u00eda de la Universidad de Valencia 1\" srcset=\"https:\/\/coocv.com\/wp-content\/uploads\/2023\/12\/Acto-de-Graduacion_Andres.jpg 500w, https:\/\/coocv.com\/wp-content\/uploads\/2023\/12\/Acto-de-Graduacion_Andres-300x300.jpg 300w, https:\/\/coocv.com\/wp-content\/uploads\/2023\/12\/Acto-de-Graduacion_Andres-150x150.jpg 150w, https:\/\/coocv.com\/wp-content\/uploads\/2023\/12\/Acto-de-Graduacion_Andres-125x125.jpg 125w, https:\/\/coocv.com\/wp-content\/uploads\/2023\/12\/Acto-de-Graduacion_Andres-200x200.jpg 200w, https:\/\/coocv.com\/wp-content\/uploads\/2023\/12\/Acto-de-Graduacion_Andres-80x80.jpg 80w, https:\/\/coocv.com\/wp-content\/uploads\/2023\/12\/Acto-de-Graduacion_Andres-480x480.jpg 480w, https:\/\/coocv.com\/wp-content\/uploads\/2023\/12\/Acto-de-Graduacion_Andres-100x100.jpg 100w\" sizes=\"(max-width: 500px) 100vw, 500px\" \/><\/figure>\n<figure class=\"wp-block-image size-large\"><img loading=\"lazy\" decoding=\"async\" width=\"500\" height=\"500\" data-id=\"37039\" src=\"https:\/\/coocv.com\/wp-content\/uploads\/2023\/12\/Acto-de-Graduacion_egresados.jpg\" alt=\"Acto de Graduacion egresados\" class=\"wp-image-37039\" title=\"Acto de Graduaci\u00f3n Grado de \u00d3ptica y Optometr\u00eda de la Universidad de Valencia 2\" srcset=\"https:\/\/coocv.com\/wp-content\/uploads\/2023\/12\/Acto-de-Graduacion_egresados.jpg 500w, https:\/\/coocv.com\/wp-content\/uploads\/2023\/12\/Acto-de-Graduacion_egresados-300x300.jpg 300w, https:\/\/coocv.com\/wp-content\/uploads\/2023\/12\/Acto-de-Graduacion_egresados-150x150.jpg 150w, https:\/\/coocv.com\/wp-content\/uploads\/2023\/12\/Acto-de-Graduacion_egresados-125x125.jpg 125w, https:\/\/coocv.com\/wp-content\/uploads\/2023\/12\/Acto-de-Graduacion_egresados-200x200.jpg 200w, https:\/\/coocv.com\/wp-content\/uploads\/2023\/12\/Acto-de-Graduacion_egresados-80x80.jpg 80w, https:\/\/coocv.com\/wp-content\/uploads\/2023\/12\/Acto-de-Graduacion_egresados-480x480.jpg 480w, https:\/\/coocv.com\/wp-content\/uploads\/2023\/12\/Acto-de-Graduacion_egresados-100x100.jpg 100w\" sizes=\"auto, (max-width: 500px) 100vw, 500px\" \/><\/figure>\n<figure class=\"wp-block-image size-large\"><img loading=\"lazy\" decoding=\"async\" width=\"500\" height=\"500\" data-id=\"37038\" src=\"https:\/\/coocv.com\/wp-content\/uploads\/2023\/12\/Acto-de-Graduacion_escenario.jpg\" alt=\"Acto de Graduacion escenario\" class=\"wp-image-37038\" title=\"Acto de Graduaci\u00f3n Grado de \u00d3ptica y Optometr\u00eda de la Universidad de Valencia 3\" srcset=\"https:\/\/coocv.com\/wp-content\/uploads\/2023\/12\/Acto-de-Graduacion_escenario.jpg 500w, https:\/\/coocv.com\/wp-content\/uploads\/2023\/12\/Acto-de-Graduacion_escenario-300x300.jpg 300w, https:\/\/coocv.com\/wp-content\/uploads\/2023\/12\/Acto-de-Graduacion_escenario-150x150.jpg 150w, https:\/\/coocv.com\/wp-content\/uploads\/2023\/12\/Acto-de-Graduacion_escenario-125x125.jpg 125w, https:\/\/coocv.com\/wp-content\/uploads\/2023\/12\/Acto-de-Graduacion_escenario-200x200.jpg 200w, https:\/\/coocv.com\/wp-content\/uploads\/2023\/12\/Acto-de-Graduacion_escenario-80x80.jpg 80w, https:\/\/coocv.com\/wp-content\/uploads\/2023\/12\/Acto-de-Graduacion_escenario-480x480.jpg 480w, https:\/\/coocv.com\/wp-content\/uploads\/2023\/12\/Acto-de-Graduacion_escenario-100x100.jpg 100w\" sizes=\"auto, (max-width: 500px) 100vw, 500px\" \/><\/figure>\n<figure class=\"wp-block-image size-large\"><img loading=\"lazy\" decoding=\"async\" width=\"500\" height=\"500\" data-id=\"37040\" src=\"https:\/\/coocv.com\/wp-content\/uploads\/2023\/12\/Acto-de-Graduacion_presidente.jpg\" alt=\"Acto de Graduacion presidente\" class=\"wp-image-37040\" title=\"Acto de Graduaci\u00f3n Grado de \u00d3ptica y Optometr\u00eda de la Universidad de Valencia 4\" srcset=\"https:\/\/coocv.com\/wp-content\/uploads\/2023\/12\/Acto-de-Graduacion_presidente.jpg 500w, https:\/\/coocv.com\/wp-content\/uploads\/2023\/12\/Acto-de-Graduacion_presidente-300x300.jpg 300w, https:\/\/coocv.com\/wp-content\/uploads\/2023\/12\/Acto-de-Graduacion_presidente-150x150.jpg 150w, https:\/\/coocv.com\/wp-content\/uploads\/2023\/12\/Acto-de-Graduacion_presidente-125x125.jpg 125w, https:\/\/coocv.com\/wp-content\/uploads\/2023\/12\/Acto-de-Graduacion_presidente-200x200.jpg 200w, https:\/\/coocv.com\/wp-content\/uploads\/2023\/12\/Acto-de-Graduacion_presidente-80x80.jpg 80w, https:\/\/coocv.com\/wp-content\/uploads\/2023\/12\/Acto-de-Graduacion_presidente-480x480.jpg 480w, https:\/\/coocv.com\/wp-content\/uploads\/2023\/12\/Acto-de-Graduacion_presidente-100x100.jpg 100w\" sizes=\"auto, (max-width: 500px) 100vw, 500px\" \/><\/figure>\n<figure class=\"wp-block-image size-large\"><img loading=\"lazy\" decoding=\"async\" width=\"500\" height=\"500\" data-id=\"37037\" src=\"https:\/\/coocv.com\/wp-content\/uploads\/2023\/12\/Acto-de-Graduacion.jpg\" alt=\"Acto de Graduacion\" class=\"wp-image-37037\" title=\"Acto de Graduaci\u00f3n Grado de \u00d3ptica y Optometr\u00eda de la Universidad de Valencia 5\" srcset=\"https:\/\/coocv.com\/wp-content\/uploads\/2023\/12\/Acto-de-Graduacion.jpg 500w, https:\/\/coocv.com\/wp-content\/uploads\/2023\/12\/Acto-de-Graduacion-300x300.jpg 300w, https:\/\/coocv.com\/wp-content\/uploads\/2023\/12\/Acto-de-Graduacion-150x150.jpg 150w, https:\/\/coocv.com\/wp-content\/uploads\/2023\/12\/Acto-de-Graduacion-125x125.jpg 125w, https:\/\/coocv.com\/wp-content\/uploads\/2023\/12\/Acto-de-Graduacion-200x200.jpg 200w, https:\/\/coocv.com\/wp-content\/uploads\/2023\/12\/Acto-de-Graduacion-80x80.jpg 80w, https:\/\/coocv.com\/wp-content\/uploads\/2023\/12\/Acto-de-Graduacion-480x480.jpg 480w, https:\/\/coocv.com\/wp-content\/uploads\/2023\/12\/Acto-de-Graduacion-100x100.jpg 100w\" sizes=\"auto, (max-width: 500px) 100vw, 500px\" \/><\/figure>\n<\/figure>\n<p>Publicado en <a href=\"https:\/\/coocv.com\/acto-de-graduacion\/\" class=\"autohyperlink\">coocv.com\/acto-de-graduacion\/<\/a><\/p>\n","protected":false},"excerpt":{"rendered":"<p>El jueves 21 de diciembre tuvo lugar el Acto de Graduaci\u00f3n de los 27 nuevos titulados en el Grado de \u00d3ptica y Optometr\u00eda de la Universidad de Valencia. La ceremonia se celebr\u00f3 en las Escuela San Jos\u00e9 Jesuitas de Valencia. El presidente del COOCV, Andr\u00e9s Gen\u00e9, asisti\u00f3 al acto para<\/p>\n","protected":false},"author":2,"featured_media":0,"comment_status":"closed","ping_status":"closed","sticky":false,"template":"","format":"standard","meta":{"footnotes":""},"categories":[10,4],"tags":[],"class_list":["post-3002","post","type-post","status-publish","format-standard","hentry","category-cuidado-ocular","category-espana"],"publishpress_future_action":{"enabled":false,"date":"2026-05-02 06:40:47","action":"change-status","newStatus":"draft","terms":[],"taxonomy":"category","extraData":[]},"publishpress_future_workflow_manual_trigger":{"enabledWorkflows":[]},"_links":{"self":[{"href":"https:\/\/hlrnet.net\/sites\/actu-es\/wp-json\/wp\/v2\/posts\/3002","targetHints":{"allow":["GET"]}}],"collection":[{"href":"https:\/\/hlrnet.net\/sites\/actu-es\/wp-json\/wp\/v2\/posts"}],"about":[{"href":"https:\/\/hlrnet.net\/sites\/actu-es\/wp-json\/wp\/v2\/types\/post"}],"author":[{"embeddable":true,"href":"https:\/\/hlrnet.net\/sites\/actu-es\/wp-json\/wp\/v2\/users\/2"}],"replies":[{"embeddable":true,"href":"https:\/\/hlrnet.net\/sites\/actu-es\/wp-json\/wp\/v2\/comments?post=3002"}],"version-history":[{"count":0,"href":"https:\/\/hlrnet.net\/sites\/actu-es\/wp-json\/wp\/v2\/posts\/3002\/revisions"}],"wp:attachment":[{"href":"https:\/\/hlrnet.net\/sites\/actu-es\/wp-json\/wp\/v2\/media?parent=3002"}],"wp:term":[{"taxonomy":"category","embeddable":true,"href":"https:\/\/hlrnet.net\/sites\/actu-es\/wp-json\/wp\/v2\/categories?post=3002"},{"taxonomy":"post_tag","embeddable":true,"href":"https:\/\/hlrnet.net\/sites\/actu-es\/wp-json\/wp\/v2\/tags?post=3002"}],"curies":[{"name":"wp","href":"https:\/\/api.w.org\/{rel}","templated":true}]}}