{"id":3010,"date":"2023-12-28T13:06:31","date_gmt":"2023-12-28T13:06:31","guid":{"rendered":"https:\/\/coocv.com\/?p=37057"},"modified":"2023-12-28T13:06:31","modified_gmt":"2023-12-28T13:06:31","slug":"solicitud-carne-de-colegiado","status":"publish","type":"post","link":"https:\/\/hlrnet.net\/sites\/actu-es\/2023\/12\/28\/solicitud-carne-de-colegiado\/","title":{"rendered":"SOLICITUD CARN\u00c9 DE COLEGIADO"},"content":{"rendered":"\n\n<div class=\"kk-star-ratings kksr-auto kksr-align-left kksr-valign-top\"\n    data-payload='{&quot;align&quot;:&quot;left&quot;,&quot;id&quot;:&quot;3010&quot;,&quot;slug&quot;:&quot;default&quot;,&quot;valign&quot;:&quot;top&quot;,&quot;ignore&quot;:&quot;&quot;,&quot;reference&quot;:&quot;auto&quot;,&quot;class&quot;:&quot;&quot;,&quot;count&quot;:&quot;0&quot;,&quot;legendonly&quot;:&quot;&quot;,&quot;readonly&quot;:&quot;&quot;,&quot;score&quot;:&quot;0&quot;,&quot;starsonly&quot;:&quot;&quot;,&quot;best&quot;:&quot;5&quot;,&quot;gap&quot;:&quot;5&quot;,&quot;greet&quot;:&quot;Rate this post&quot;,&quot;legend&quot;:&quot;0\\\/5 - (0 votes)&quot;,&quot;size&quot;:&quot;24&quot;,&quot;title&quot;:&quot;SOLICITUD CARN\u00c9 DE COLEGIADO&quot;,&quot;width&quot;:&quot;0&quot;,&quot;_legend&quot;:&quot;{score}\\\/{best} - ({count} {votes})&quot;,&quot;font_factor&quot;:&quot;1.25&quot;}'>\n            \n<div class=\"kksr-stars\">\n    \n<div class=\"kksr-stars-inactive\">\n            <div class=\"kksr-star\" data-star=\"1\" style=\"padding-right: 5px\">\n            \n\n<div class=\"kksr-icon\" style=\"width: 24px; height: 24px;\"><\/div>\n        <\/div>\n            <div class=\"kksr-star\" data-star=\"2\" style=\"padding-right: 5px\">\n            \n\n<div class=\"kksr-icon\" style=\"width: 24px; height: 24px;\"><\/div>\n        <\/div>\n            <div class=\"kksr-star\" data-star=\"3\" style=\"padding-right: 5px\">\n            \n\n<div class=\"kksr-icon\" style=\"width: 24px; height: 24px;\"><\/div>\n        <\/div>\n            <div class=\"kksr-star\" data-star=\"4\" style=\"padding-right: 5px\">\n            \n\n<div class=\"kksr-icon\" style=\"width: 24px; height: 24px;\"><\/div>\n        <\/div>\n            <div class=\"kksr-star\" data-star=\"5\" style=\"padding-right: 5px\">\n            \n\n<div class=\"kksr-icon\" style=\"width: 24px; height: 24px;\"><\/div>\n        <\/div>\n    <\/div>\n    \n<div class=\"kksr-stars-active\" style=\"width: 0px;\">\n            <div class=\"kksr-star\" style=\"padding-right: 5px\">\n            \n\n<div class=\"kksr-icon\" style=\"width: 24px; height: 24px;\"><\/div>\n        <\/div>\n            <div class=\"kksr-star\" style=\"padding-right: 5px\">\n            \n\n<div class=\"kksr-icon\" style=\"width: 24px; height: 24px;\"><\/div>\n        <\/div>\n            <div class=\"kksr-star\" style=\"padding-right: 5px\">\n            \n\n<div class=\"kksr-icon\" style=\"width: 24px; height: 24px;\"><\/div>\n        <\/div>\n            <div class=\"kksr-star\" style=\"padding-right: 5px\">\n            \n\n<div class=\"kksr-icon\" style=\"width: 24px; height: 24px;\"><\/div>\n        <\/div>\n            <div class=\"kksr-star\" style=\"padding-right: 5px\">\n            \n\n<div class=\"kksr-icon\" style=\"width: 24px; height: 24px;\"><\/div>\n        <\/div>\n    <\/div>\n<\/div>\n                \n\n<div class=\"kksr-legend\" style=\"font-size: 19.2px;\">\n            <span class=\"kksr-muted\">Rate this post<\/span>\n    <\/div>\n    <\/div>\n\n<p>El carn\u00e9 de colegiado es un distintivo y una garantia de cara a la sociedad y a tus pacientes, asi como una certificaci\u00f3n de identidad como \u00f3ptico-optometrista colegiado para los efectos que sean oportunos<\/p>\n<p><strong>\u00bfPor qu\u00e9 te animamos a solicitar tu carn\u00e9 colegial?<\/strong><\/p>\n<ul>\n<li>Te permite visibilizar a nivel social tu condici\u00f3n de \u00f3ptico-optometrista.<\/li>\n<li>Es una se\u00f1al de identidad de nuestra profesi\u00f3n sanitaria y de estar colegiado en el COOCV.<\/li>\n<li>Intensifica el v\u00ednculo entre \u00f3pticos-optometristas de pertenencia a nuestro colectivo.<\/li>\n<li>Permite una identificaci\u00f3n clara para beneficiarse de descuentos y ventajas exclusivas en organizaciones m\u00e9dicas y asistenciales, entidades bancarias, mobiliario, autom\u00f3viles, etc.<\/li>\n<li>A trav\u00e9s de \u00e9l se garantiza un acceso m\u00e1s c\u00f3modo y r\u00e1pido a las distintas ventajas y servicios de la colegiaci\u00f3n.<\/li>\n<\/ul>\n<p>Desde esta p\u00e1gina podr\u00e1s solicitar tu carn\u00e9 de colegiado, solo tienes que rellenar los campos que tienes mas abajo. El carn\u00e9 se enviar\u00e1 por correo ordinario al domicilio de env\u00edo que indiques en el formulario.<\/p>\n<p>Tienes que adjuntar una fotograf\u00eda actualizada tama\u00f1o 26 x 32 mm. con el fondo en blanco. Es importante que la cabeza aparezca en el centro de la foto y en formato jpg.<\/p>\n<div class=\"wp-block-image\">\n<figure class=\"aligncenter\"><img fetchpriority=\"high\" decoding=\"async\" width=\"852\" height=\"272\" src=\"https:\/\/coocv.com\/wp-content\/uploads\/2022\/12\/Imagen-2.jpg\" alt=\"Imagen 2\" class=\"wp-image-34632\" title=\"SOLICITUD CARN\u00c9 DE COLEGIADO 1\" srcset=\"https:\/\/coocv.com\/wp-content\/uploads\/2022\/12\/Imagen-2.jpg 852w, https:\/\/coocv.com\/wp-content\/uploads\/2022\/12\/Imagen-2-300x96.jpg 300w, https:\/\/coocv.com\/wp-content\/uploads\/2022\/12\/Imagen-2-768x245.jpg 768w, https:\/\/coocv.com\/wp-content\/uploads\/2022\/12\/Imagen-2-600x192.jpg 600w, https:\/\/coocv.com\/wp-content\/uploads\/2022\/12\/Imagen-2-640x204.jpg 640w\" sizes=\"(max-width: 852px) 100vw, 852px\" \/><\/figure>\n<\/div>\n<p><strong>El nombre del archivo de tu foto debe de ser tus apellidos y nombre, con el siguiente formato: Apellido1 Apellido 2, Nombre.jpg<\/strong><\/p>\n<p>Este primer carn\u00e9 se renovar\u00e1 cada 5 a\u00f1os de manera gratuita (en caso de extrav\u00edo o deterioro se podr\u00e1 solicitar un duplicado abonando los gastos de gesti\u00f3n y env\u00edo).<\/p>\n<div class=\"wp-block-buttons is-layout-flex wp-block-buttons-is-layout-flex\">\n<div class=\"wp-block-button\"><a class=\"wp-block-button__link wp-element-button\" href=\"https:\/\/coocv.com\/solicitud-carne-de-colegiado-provincia-de-alicante\/\" target=\"_blank\" rel=\"noreferrer noopener\">SOLICITUD CARN\u00c9 PROVINCIA DE ALICANTE<\/a><\/div>\n<div class=\"wp-block-button\"><a class=\"wp-block-button__link wp-element-button\" href=\"https:\/\/coocv.com\/solicitud-carne-de-colegiado-castellon\/\" target=\"_blank\" rel=\"noreferrer noopener\">SOLICITUD CARN\u00c9 PROVINCIA DE CASTELL\u00d3N<\/a><\/div>\n<div class=\"wp-block-button\"><a class=\"wp-block-button__link wp-element-button\" href=\"https:\/\/coocv.com\/solicitud-carne-de-colegiado-provincia-de-valencia\/\" target=\"_blank\" rel=\"noreferrer noopener\">SOLICITUD CARN\u00c9 PROVINCIA DE VALENCIA<\/a><\/div>\n<\/div>\n<p>Publicado en <a href=\"https:\/\/coocv.com\/solicitud-carne-de-colegiado\/\" class=\"autohyperlink\">coocv.com\/solicitud-carne-de-colegiado\/<\/a><\/p>\n","protected":false},"excerpt":{"rendered":"<p>El carn\u00e9 de colegiado es un distintivo y una garantia de cara a la sociedad y a tus pacientes, asi como una certificaci\u00f3n de identidad como \u00f3ptico-optometrista colegiado para los efectos que sean oportunos \u00bfPor qu\u00e9 te animamos a solicitar tu carn\u00e9 colegial? Te permite visibilizar a nivel social tu<\/p>\n","protected":false},"author":2,"featured_media":0,"comment_status":"closed","ping_status":"closed","sticky":false,"template":"","format":"standard","meta":{"footnotes":""},"categories":[10,4],"tags":[],"class_list":["post-3010","post","type-post","status-publish","format-standard","hentry","category-cuidado-ocular","category-espana"],"publishpress_future_action":{"enabled":false,"date":"2026-05-02 08:37:45","action":"change-status","newStatus":"draft","terms":[],"taxonomy":"category","extraData":[]},"publishpress_future_workflow_manual_trigger":{"enabledWorkflows":[]},"_links":{"self":[{"href":"https:\/\/hlrnet.net\/sites\/actu-es\/wp-json\/wp\/v2\/posts\/3010","targetHints":{"allow":["GET"]}}],"collection":[{"href":"https:\/\/hlrnet.net\/sites\/actu-es\/wp-json\/wp\/v2\/posts"}],"about":[{"href":"https:\/\/hlrnet.net\/sites\/actu-es\/wp-json\/wp\/v2\/types\/post"}],"author":[{"embeddable":true,"href":"https:\/\/hlrnet.net\/sites\/actu-es\/wp-json\/wp\/v2\/users\/2"}],"replies":[{"embeddable":true,"href":"https:\/\/hlrnet.net\/sites\/actu-es\/wp-json\/wp\/v2\/comments?post=3010"}],"version-history":[{"count":0,"href":"https:\/\/hlrnet.net\/sites\/actu-es\/wp-json\/wp\/v2\/posts\/3010\/revisions"}],"wp:attachment":[{"href":"https:\/\/hlrnet.net\/sites\/actu-es\/wp-json\/wp\/v2\/media?parent=3010"}],"wp:term":[{"taxonomy":"category","embeddable":true,"href":"https:\/\/hlrnet.net\/sites\/actu-es\/wp-json\/wp\/v2\/categories?post=3010"},{"taxonomy":"post_tag","embeddable":true,"href":"https:\/\/hlrnet.net\/sites\/actu-es\/wp-json\/wp\/v2\/tags?post=3010"}],"curies":[{"name":"wp","href":"https:\/\/api.w.org\/{rel}","templated":true}]}}