{"id":3044,"date":"2024-01-15T12:02:57","date_gmt":"2024-01-15T12:02:57","guid":{"rendered":"https:\/\/coocv.com\/?p=37134"},"modified":"2024-01-15T12:02:57","modified_gmt":"2024-01-15T12:02:57","slug":"el-coocv-asiste-a-la-inauguracion-de-la-sede-en-alicante-del-colegio-de-fisioterapeutas-de-la-comunidad-valenciana","status":"publish","type":"post","link":"https:\/\/hlrnet.net\/sites\/actu-es\/2024\/01\/15\/el-coocv-asiste-a-la-inauguracion-de-la-sede-en-alicante-del-colegio-de-fisioterapeutas-de-la-comunidad-valenciana\/","title":{"rendered":"EL COOCV ASISTE A LA INAUGURACI\u00d3N DE LA SEDE EN ALICANTE DEL COLEGIO DE FISIOTERAP\u00c9UTAS DE LA COMUNIDAD VALENCIANA"},"content":{"rendered":"\n\n<div class=\"kk-star-ratings kksr-auto kksr-align-left kksr-valign-top\"\n    data-payload='{&quot;align&quot;:&quot;left&quot;,&quot;id&quot;:&quot;3044&quot;,&quot;slug&quot;:&quot;default&quot;,&quot;valign&quot;:&quot;top&quot;,&quot;ignore&quot;:&quot;&quot;,&quot;reference&quot;:&quot;auto&quot;,&quot;class&quot;:&quot;&quot;,&quot;count&quot;:&quot;0&quot;,&quot;legendonly&quot;:&quot;&quot;,&quot;readonly&quot;:&quot;&quot;,&quot;score&quot;:&quot;0&quot;,&quot;starsonly&quot;:&quot;&quot;,&quot;best&quot;:&quot;5&quot;,&quot;gap&quot;:&quot;5&quot;,&quot;greet&quot;:&quot;Rate this post&quot;,&quot;legend&quot;:&quot;0\\\/5 - (0 votes)&quot;,&quot;size&quot;:&quot;24&quot;,&quot;title&quot;:&quot;EL COOCV ASISTE A LA INAUGURACI\u00d3N DE LA SEDE EN ALICANTE DEL COLEGIO DE FISIOTERAP\u00c9UTAS DE LA COMUNIDAD VALENCIANA&quot;,&quot;width&quot;:&quot;0&quot;,&quot;_legend&quot;:&quot;{score}\\\/{best} - ({count} {votes})&quot;,&quot;font_factor&quot;:&quot;1.25&quot;}'>\n            \n<div class=\"kksr-stars\">\n    \n<div class=\"kksr-stars-inactive\">\n            <div class=\"kksr-star\" data-star=\"1\" style=\"padding-right: 5px\">\n            \n\n<div class=\"kksr-icon\" style=\"width: 24px; height: 24px;\"><\/div>\n        <\/div>\n            <div class=\"kksr-star\" data-star=\"2\" style=\"padding-right: 5px\">\n            \n\n<div class=\"kksr-icon\" style=\"width: 24px; height: 24px;\"><\/div>\n        <\/div>\n            <div class=\"kksr-star\" data-star=\"3\" style=\"padding-right: 5px\">\n            \n\n<div class=\"kksr-icon\" style=\"width: 24px; height: 24px;\"><\/div>\n        <\/div>\n            <div class=\"kksr-star\" data-star=\"4\" style=\"padding-right: 5px\">\n            \n\n<div class=\"kksr-icon\" style=\"width: 24px; height: 24px;\"><\/div>\n        <\/div>\n            <div class=\"kksr-star\" data-star=\"5\" style=\"padding-right: 5px\">\n            \n\n<div class=\"kksr-icon\" style=\"width: 24px; height: 24px;\"><\/div>\n        <\/div>\n    <\/div>\n    \n<div class=\"kksr-stars-active\" style=\"width: 0px;\">\n            <div class=\"kksr-star\" style=\"padding-right: 5px\">\n            \n\n<div class=\"kksr-icon\" style=\"width: 24px; height: 24px;\"><\/div>\n        <\/div>\n            <div class=\"kksr-star\" style=\"padding-right: 5px\">\n            \n\n<div class=\"kksr-icon\" style=\"width: 24px; height: 24px;\"><\/div>\n        <\/div>\n            <div class=\"kksr-star\" style=\"padding-right: 5px\">\n            \n\n<div class=\"kksr-icon\" style=\"width: 24px; height: 24px;\"><\/div>\n        <\/div>\n            <div class=\"kksr-star\" style=\"padding-right: 5px\">\n            \n\n<div class=\"kksr-icon\" style=\"width: 24px; height: 24px;\"><\/div>\n        <\/div>\n            <div class=\"kksr-star\" style=\"padding-right: 5px\">\n            \n\n<div class=\"kksr-icon\" style=\"width: 24px; height: 24px;\"><\/div>\n        <\/div>\n    <\/div>\n<\/div>\n                \n\n<div class=\"kksr-legend\" style=\"font-size: 19.2px;\">\n            <span class=\"kksr-muted\">Rate this post<\/span>\n    <\/div>\n    <\/div>\n\n<p>La vocal del COOCV, Maricruz S\u00e1nchez Parra, ha asistido, en representaci\u00f3n de los \u00f3pticos-optometristas de la Comunidad Valenciana, a la inauguraci\u00f3n de la sede en Alicante del Colegio de Fisioterap\u00e9utas.<\/p>\n<p>El acto cont\u00f3 con la presencia de diferentes autoridades, encabezadas por el presidente de la Generalitat Valenciana, Carlos Maz\u00f3n, que estuvo acompa\u00f1ado del alcalde de Alicante, Luis Barcala, el decano del ICOFCV, Josep Ben\u00edtez, y la delegada del colegio en&nbsp;Alicante, Ana L\u00e1zarpa.<\/p>\n<p>Publicado en <a href=\"https:\/\/coocv.com\/el-coocv-asiste-a-la-inauguracion-de-la-sede-en-alicante-del-colegio-de-fisioterapeutas-de-la-comunidad-valenciana\/\" class=\"autohyperlink\">coocv.com\/el-coocv-asiste-a-la-inauguracion-de-la-sede-en-alicante-del-colegio-de-fisioterapeutas-de-la-comunidad-valenciana\/<\/a><\/p>\n","protected":false},"excerpt":{"rendered":"<p>La vocal del COOCV, Maricruz S\u00e1nchez Parra, ha asistido, en representaci\u00f3n de los \u00f3pticos-optometristas de la Comunidad Valenciana, a la inauguraci\u00f3n de la sede en Alicante del Colegio de Fisioterap\u00e9utas. El acto cont\u00f3 con la presencia de diferentes autoridades, encabezadas por el presidente de la Generalitat Valenciana, Carlos Maz\u00f3n, que<\/p>\n","protected":false},"author":2,"featured_media":0,"comment_status":"closed","ping_status":"closed","sticky":false,"template":"","format":"standard","meta":{"footnotes":""},"categories":[10,4],"tags":[],"class_list":["post-3044","post","type-post","status-publish","format-standard","hentry","category-cuidado-ocular","category-espana"],"publishpress_future_action":{"enabled":false,"date":"2026-05-02 04:45:44","action":"change-status","newStatus":"draft","terms":[],"taxonomy":"category","extraData":[]},"publishpress_future_workflow_manual_trigger":{"enabledWorkflows":[]},"_links":{"self":[{"href":"https:\/\/hlrnet.net\/sites\/actu-es\/wp-json\/wp\/v2\/posts\/3044","targetHints":{"allow":["GET"]}}],"collection":[{"href":"https:\/\/hlrnet.net\/sites\/actu-es\/wp-json\/wp\/v2\/posts"}],"about":[{"href":"https:\/\/hlrnet.net\/sites\/actu-es\/wp-json\/wp\/v2\/types\/post"}],"author":[{"embeddable":true,"href":"https:\/\/hlrnet.net\/sites\/actu-es\/wp-json\/wp\/v2\/users\/2"}],"replies":[{"embeddable":true,"href":"https:\/\/hlrnet.net\/sites\/actu-es\/wp-json\/wp\/v2\/comments?post=3044"}],"version-history":[{"count":0,"href":"https:\/\/hlrnet.net\/sites\/actu-es\/wp-json\/wp\/v2\/posts\/3044\/revisions"}],"wp:attachment":[{"href":"https:\/\/hlrnet.net\/sites\/actu-es\/wp-json\/wp\/v2\/media?parent=3044"}],"wp:term":[{"taxonomy":"category","embeddable":true,"href":"https:\/\/hlrnet.net\/sites\/actu-es\/wp-json\/wp\/v2\/categories?post=3044"},{"taxonomy":"post_tag","embeddable":true,"href":"https:\/\/hlrnet.net\/sites\/actu-es\/wp-json\/wp\/v2\/tags?post=3044"}],"curies":[{"name":"wp","href":"https:\/\/api.w.org\/{rel}","templated":true}]}}