{"id":3047,"date":"2024-01-17T13:26:56","date_gmt":"2024-01-17T13:26:56","guid":{"rendered":"https:\/\/coocv.com\/?p=37168"},"modified":"2024-01-17T13:26:56","modified_gmt":"2024-01-17T13:26:56","slug":"el-coocv-patrocina-el-coloquio-el-reto-de-lograr-una-sanidad-de-excelencia-con-el-conseller-de-sanidad-marciano-gomez","status":"publish","type":"post","link":"https:\/\/hlrnet.net\/sites\/actu-es\/2024\/01\/17\/el-coocv-patrocina-el-coloquio-el-reto-de-lograr-una-sanidad-de-excelencia-con-el-conseller-de-sanidad-marciano-gomez\/","title":{"rendered":"EL COOCV PATROCINA EL COLOQUIO \u201cEL RETO DE LOGRAR UNA SANIDAD DE EXCELENCIA\u201d CON EL CONSELLER\u00a0DE SANIDAD, MARCIANO G\u00d3MEZ"},"content":{"rendered":"\n\n<div class=\"kk-star-ratings kksr-auto kksr-align-left kksr-valign-top\"\n    data-payload='{&quot;align&quot;:&quot;left&quot;,&quot;id&quot;:&quot;3047&quot;,&quot;slug&quot;:&quot;default&quot;,&quot;valign&quot;:&quot;top&quot;,&quot;ignore&quot;:&quot;&quot;,&quot;reference&quot;:&quot;auto&quot;,&quot;class&quot;:&quot;&quot;,&quot;count&quot;:&quot;0&quot;,&quot;legendonly&quot;:&quot;&quot;,&quot;readonly&quot;:&quot;&quot;,&quot;score&quot;:&quot;0&quot;,&quot;starsonly&quot;:&quot;&quot;,&quot;best&quot;:&quot;5&quot;,&quot;gap&quot;:&quot;5&quot;,&quot;greet&quot;:&quot;Rate this post&quot;,&quot;legend&quot;:&quot;0\\\/5 - (0 votes)&quot;,&quot;size&quot;:&quot;24&quot;,&quot;title&quot;:&quot;EL COOCV PATROCINA EL COLOQUIO \u201cEL RETO DE LOGRAR UNA SANIDAD DE EXCELENCIA\u201d CON EL CONSELLER\u00a0DE SANIDAD, MARCIANO G\u00d3MEZ&quot;,&quot;width&quot;:&quot;0&quot;,&quot;_legend&quot;:&quot;{score}\\\/{best} - ({count} {votes})&quot;,&quot;font_factor&quot;:&quot;1.25&quot;}'>\n            \n<div class=\"kksr-stars\">\n    \n<div class=\"kksr-stars-inactive\">\n            <div class=\"kksr-star\" data-star=\"1\" style=\"padding-right: 5px\">\n            \n\n<div class=\"kksr-icon\" style=\"width: 24px; height: 24px;\"><\/div>\n        <\/div>\n            <div class=\"kksr-star\" data-star=\"2\" style=\"padding-right: 5px\">\n            \n\n<div class=\"kksr-icon\" style=\"width: 24px; height: 24px;\"><\/div>\n        <\/div>\n            <div class=\"kksr-star\" data-star=\"3\" style=\"padding-right: 5px\">\n            \n\n<div class=\"kksr-icon\" style=\"width: 24px; height: 24px;\"><\/div>\n        <\/div>\n            <div class=\"kksr-star\" data-star=\"4\" style=\"padding-right: 5px\">\n            \n\n<div class=\"kksr-icon\" style=\"width: 24px; height: 24px;\"><\/div>\n        <\/div>\n            <div class=\"kksr-star\" data-star=\"5\" style=\"padding-right: 5px\">\n            \n\n<div class=\"kksr-icon\" style=\"width: 24px; height: 24px;\"><\/div>\n        <\/div>\n    <\/div>\n    \n<div class=\"kksr-stars-active\" style=\"width: 0px;\">\n            <div class=\"kksr-star\" style=\"padding-right: 5px\">\n            \n\n<div class=\"kksr-icon\" style=\"width: 24px; height: 24px;\"><\/div>\n        <\/div>\n            <div class=\"kksr-star\" style=\"padding-right: 5px\">\n            \n\n<div class=\"kksr-icon\" style=\"width: 24px; height: 24px;\"><\/div>\n        <\/div>\n            <div class=\"kksr-star\" style=\"padding-right: 5px\">\n            \n\n<div class=\"kksr-icon\" style=\"width: 24px; height: 24px;\"><\/div>\n        <\/div>\n            <div class=\"kksr-star\" style=\"padding-right: 5px\">\n            \n\n<div class=\"kksr-icon\" style=\"width: 24px; height: 24px;\"><\/div>\n        <\/div>\n            <div class=\"kksr-star\" style=\"padding-right: 5px\">\n            \n\n<div class=\"kksr-icon\" style=\"width: 24px; height: 24px;\"><\/div>\n        <\/div>\n    <\/div>\n<\/div>\n                \n\n<div class=\"kksr-legend\" style=\"font-size: 19.2px;\">\n            <span class=\"kksr-muted\">Rate this post<\/span>\n    <\/div>\n    <\/div>\n\n<\/p>\n<p>Este 19 de enero se celebra el desayuno-coloquio \u201cEl reto de lograr una sanidad de excelencia\u201d con la intervenci\u00f3n&nbsp;del Conseller de Sanidad de la Generalitat Valenciana, Marciano G\u00f3mez, y organizado por el peri\u00f3dico Informaci\u00f3n de Alicante.<\/p>\n<p>Un acto patrocinado por el COOCV, al que asistir\u00e1n su presidente, Andr\u00e9s Gen\u00e9 Sampedro, y el vicepresidente,&nbsp;Rafael J. P\u00e9rez Cambrodi, y en el que van a participar los principales representantes de los colegios profesionales sanitarios de la provincia de Alicante.<\/p>\n<p>Antes de la intervenci\u00f3n del conseller, los patrocinadores tendr\u00e1n la oportunidad de reunirse con Marciano G\u00f3mez\u00a0para tratar los temas de actualidad en materia sanitaria. Tras la charla, se celebrar\u00e1 un coloquio en el que todos los asistentes podr\u00e1n trasladar al conseller sus propuestas para mejorar la sanidad p\u00fablica valenciana.<\/p>\n<figure class=\"wp-block-image size-large\"><img fetchpriority=\"high\" decoding=\"async\" width=\"1024\" height=\"632\" src=\"https:\/\/coocv.com\/wp-content\/uploads\/2024\/01\/Foro_Alicante_19_enero_5X5-1024x632.jpg\" alt=\"Foro Alicante 19 enero 5X5\" class=\"wp-image-37169\" title=\"EL COOCV PATROCINA EL COLOQUIO \u201cEL RETO DE LOGRAR UNA SANIDAD DE EXCELENCIA\u201d CON EL CONSELLER\u00a0DE SANIDAD, MARCIANO G\u00d3MEZ 1\" srcset=\"https:\/\/coocv.com\/wp-content\/uploads\/2024\/01\/Foro_Alicante_19_enero_5X5-1024x632.jpg 1024w, https:\/\/coocv.com\/wp-content\/uploads\/2024\/01\/Foro_Alicante_19_enero_5X5-300x185.jpg 300w, https:\/\/coocv.com\/wp-content\/uploads\/2024\/01\/Foro_Alicante_19_enero_5X5-768x474.jpg 768w, https:\/\/coocv.com\/wp-content\/uploads\/2024\/01\/Foro_Alicante_19_enero_5X5-1536x947.jpg 1536w, https:\/\/coocv.com\/wp-content\/uploads\/2024\/01\/Foro_Alicante_19_enero_5X5-scaled.jpg 2048w, https:\/\/coocv.com\/wp-content\/uploads\/2024\/01\/Foro_Alicante_19_enero_5X5-640x395.jpg 640w, https:\/\/coocv.com\/wp-content\/uploads\/2024\/01\/Foro_Alicante_19_enero_5X5-600x370.jpg 600w\" sizes=\"(max-width: 1024px) 100vw, 1024px\" \/><\/figure>\n<p>Publicado en <a href=\"https:\/\/coocv.com\/el-coocv-patrocina-el-coloquio-el-reto-de-lograr-una-sanidad-de-excelencia-con-el-conseller-de-sanidad-marciano-gomez\/\" class=\"autohyperlink\">coocv.com\/el-coocv-patrocina-el-coloquio-el-reto-de-lograr-una-sanidad-de-excelencia-con-el-conseller-de-sanidad-marciano-gomez\/<\/a><\/p>\n","protected":false},"excerpt":{"rendered":"<p>Este 19 de enero se celebra el desayuno-coloquio \u201cEl reto de lograr una sanidad de excelencia\u201d con la intervenci\u00f3n&nbsp;del Conseller de Sanidad de la Generalitat Valenciana, Marciano G\u00f3mez, y organizado por el peri\u00f3dico Informaci\u00f3n de Alicante. Un acto patrocinado por el COOCV, al que asistir\u00e1n su presidente, Andr\u00e9s Gen\u00e9 Sampedro,<\/p>\n","protected":false},"author":2,"featured_media":0,"comment_status":"closed","ping_status":"closed","sticky":false,"template":"","format":"standard","meta":{"footnotes":""},"categories":[10,4],"tags":[],"class_list":["post-3047","post","type-post","status-publish","format-standard","hentry","category-cuidado-ocular","category-espana"],"publishpress_future_action":{"enabled":false,"date":"2026-05-02 09:00:41","action":"change-status","newStatus":"draft","terms":[],"taxonomy":"category","extraData":[]},"publishpress_future_workflow_manual_trigger":{"enabledWorkflows":[]},"_links":{"self":[{"href":"https:\/\/hlrnet.net\/sites\/actu-es\/wp-json\/wp\/v2\/posts\/3047","targetHints":{"allow":["GET"]}}],"collection":[{"href":"https:\/\/hlrnet.net\/sites\/actu-es\/wp-json\/wp\/v2\/posts"}],"about":[{"href":"https:\/\/hlrnet.net\/sites\/actu-es\/wp-json\/wp\/v2\/types\/post"}],"author":[{"embeddable":true,"href":"https:\/\/hlrnet.net\/sites\/actu-es\/wp-json\/wp\/v2\/users\/2"}],"replies":[{"embeddable":true,"href":"https:\/\/hlrnet.net\/sites\/actu-es\/wp-json\/wp\/v2\/comments?post=3047"}],"version-history":[{"count":0,"href":"https:\/\/hlrnet.net\/sites\/actu-es\/wp-json\/wp\/v2\/posts\/3047\/revisions"}],"wp:attachment":[{"href":"https:\/\/hlrnet.net\/sites\/actu-es\/wp-json\/wp\/v2\/media?parent=3047"}],"wp:term":[{"taxonomy":"category","embeddable":true,"href":"https:\/\/hlrnet.net\/sites\/actu-es\/wp-json\/wp\/v2\/categories?post=3047"},{"taxonomy":"post_tag","embeddable":true,"href":"https:\/\/hlrnet.net\/sites\/actu-es\/wp-json\/wp\/v2\/tags?post=3047"}],"curies":[{"name":"wp","href":"https:\/\/api.w.org\/{rel}","templated":true}]}}