{"id":3165,"date":"2024-04-11T08:50:11","date_gmt":"2024-04-11T08:50:11","guid":{"rendered":"https:\/\/coocv.com\/?p=37772"},"modified":"2024-04-11T08:50:11","modified_gmt":"2024-04-11T08:50:11","slug":"11-de-abril-dia-mundial-del-parkinson","status":"publish","type":"post","link":"https:\/\/hlrnet.net\/sites\/actu-es\/2024\/04\/11\/11-de-abril-dia-mundial-del-parkinson\/","title":{"rendered":"11 DE ABRIL. D\u00cdA MUNDIAL DEL PARKINSON"},"content":{"rendered":"\n\n<div class=\"kk-star-ratings kksr-auto kksr-align-left kksr-valign-top\"\n    data-payload='{&quot;align&quot;:&quot;left&quot;,&quot;id&quot;:&quot;3165&quot;,&quot;slug&quot;:&quot;default&quot;,&quot;valign&quot;:&quot;top&quot;,&quot;ignore&quot;:&quot;&quot;,&quot;reference&quot;:&quot;auto&quot;,&quot;class&quot;:&quot;&quot;,&quot;count&quot;:&quot;0&quot;,&quot;legendonly&quot;:&quot;&quot;,&quot;readonly&quot;:&quot;&quot;,&quot;score&quot;:&quot;0&quot;,&quot;starsonly&quot;:&quot;&quot;,&quot;best&quot;:&quot;5&quot;,&quot;gap&quot;:&quot;5&quot;,&quot;greet&quot;:&quot;Rate this post&quot;,&quot;legend&quot;:&quot;0\\\/5 - (0 votes)&quot;,&quot;size&quot;:&quot;24&quot;,&quot;title&quot;:&quot;11 DE ABRIL. D\u00cdA MUNDIAL DEL PARKINSON&quot;,&quot;width&quot;:&quot;0&quot;,&quot;_legend&quot;:&quot;{score}\\\/{best} - ({count} {votes})&quot;,&quot;font_factor&quot;:&quot;1.25&quot;}'>\n            \n<div class=\"kksr-stars\">\n    \n<div class=\"kksr-stars-inactive\">\n            <div class=\"kksr-star\" data-star=\"1\" style=\"padding-right: 5px\">\n            \n\n<div class=\"kksr-icon\" style=\"width: 24px; height: 24px;\"><\/div>\n        <\/div>\n            <div class=\"kksr-star\" data-star=\"2\" style=\"padding-right: 5px\">\n            \n\n<div class=\"kksr-icon\" style=\"width: 24px; height: 24px;\"><\/div>\n        <\/div>\n            <div class=\"kksr-star\" data-star=\"3\" style=\"padding-right: 5px\">\n            \n\n<div class=\"kksr-icon\" style=\"width: 24px; height: 24px;\"><\/div>\n        <\/div>\n            <div class=\"kksr-star\" data-star=\"4\" style=\"padding-right: 5px\">\n            \n\n<div class=\"kksr-icon\" style=\"width: 24px; height: 24px;\"><\/div>\n        <\/div>\n            <div class=\"kksr-star\" data-star=\"5\" style=\"padding-right: 5px\">\n            \n\n<div class=\"kksr-icon\" style=\"width: 24px; height: 24px;\"><\/div>\n        <\/div>\n    <\/div>\n    \n<div class=\"kksr-stars-active\" style=\"width: 0px;\">\n            <div class=\"kksr-star\" style=\"padding-right: 5px\">\n            \n\n<div class=\"kksr-icon\" style=\"width: 24px; height: 24px;\"><\/div>\n        <\/div>\n            <div class=\"kksr-star\" style=\"padding-right: 5px\">\n            \n\n<div class=\"kksr-icon\" style=\"width: 24px; height: 24px;\"><\/div>\n        <\/div>\n            <div class=\"kksr-star\" style=\"padding-right: 5px\">\n            \n\n<div class=\"kksr-icon\" style=\"width: 24px; height: 24px;\"><\/div>\n        <\/div>\n            <div class=\"kksr-star\" style=\"padding-right: 5px\">\n            \n\n<div class=\"kksr-icon\" style=\"width: 24px; height: 24px;\"><\/div>\n        <\/div>\n            <div class=\"kksr-star\" style=\"padding-right: 5px\">\n            \n\n<div class=\"kksr-icon\" style=\"width: 24px; height: 24px;\"><\/div>\n        <\/div>\n    <\/div>\n<\/div>\n                \n\n<div class=\"kksr-legend\" style=\"font-size: 19.2px;\">\n            <span class=\"kksr-muted\">Rate this post<\/span>\n    <\/div>\n    <\/div>\n<br \/>\n<h2 class=\"wp-block-heading\">La enfermedad del Parkinson y los problemas de visi\u00f3n asociados<\/h2>\n<p>La enfermedad de Parkinson tiene como principales s\u00edntomas la rigidez y el temblor, pero tambi\u00e9n puede afectar a la visi\u00f3n de las personas que la sufren.<\/p>\n<p>La<strong> visi\u00f3n doble<\/strong> puede ocurrir a menudo porque los m\u00fasculos del ojo tienen problemas para trabajar juntos, especialmente para ver de cerca (insuficiencia de convergencia). Algunas gafas especiales con prismas especiales y ejercicios de rehabilitaci\u00f3n pautados por un \u00d3ptico-Optometrista pueden corregir este problema.<\/p>\n<p>Los enfermos de Parkinson tambi\u00e9n experimentan <strong>sensibilidad al contraste<\/strong> (por ejemplo, distinguiendo entre tonos de gris) y el uso de la visi\u00f3n de alto contraste a distancia.<\/p>\n<p>Tambi\u00e9n <strong>el movimiento r\u00e1pido del ojo que permite enfocar los objetos se ralentiza<\/strong>. Como consecuencia el leer y enfocar nuevos objetos puede ser dif\u00edcil. En estos casos, se recomienda parpadear para cambiar la posici\u00f3n de los ojos.<\/p>\n<p>El <strong>ojo seco<\/strong>:&nbsp; debido a la disminuci\u00f3n del parpadeo asociado a la EP, el ojo se reseca.<\/p>\n<p>La <strong>visi\u00f3n borrosa<\/strong> tambi\u00e9n puede venir provocada por el ojo seco y por la medicaci\u00f3n, en este \u00faltimo caso suele mejorar con el tiempo.<\/p>\n<p>Por otro lado, algunas personas con Parkinson se\u00f1alan que<strong> su vista pierde agudeza<\/strong> a medida que progresa la enfermedad.<\/p>\n<p>Por \u00faltimo, tambi\u00e9n sufren <strong>dificultad para abrir los ojos voluntariamente<\/strong>, conocida como <strong>apraxia<\/strong>. Los tratamientos incluyen \u201cmuletas para p\u00e1rpados\u201d o inyecciones de toxina botul\u00ednica.<\/p>\n<figure class=\"wp-block-image size-large\"><img fetchpriority=\"high\" decoding=\"async\" width=\"1024\" height=\"1024\" src=\"https:\/\/coocv.com\/wp-content\/uploads\/2024\/04\/07-de-Abril-1024x1024.jpg\" alt=\"07 de Abril\" class=\"wp-image-37773\" title=\"11 DE ABRIL. D\u00cdA MUNDIAL DEL PARKINSON 1\" srcset=\"https:\/\/coocv.com\/wp-content\/uploads\/2024\/04\/07-de-Abril-1024x1024.jpg 1024w, https:\/\/coocv.com\/wp-content\/uploads\/2024\/04\/07-de-Abril-300x300.jpg 300w, https:\/\/coocv.com\/wp-content\/uploads\/2024\/04\/07-de-Abril-150x150.jpg 150w, https:\/\/coocv.com\/wp-content\/uploads\/2024\/04\/07-de-Abril-768x768.jpg 768w, https:\/\/coocv.com\/wp-content\/uploads\/2024\/04\/07-de-Abril-125x125.jpg 125w, https:\/\/coocv.com\/wp-content\/uploads\/2024\/04\/07-de-Abril-200x200.jpg 200w, https:\/\/coocv.com\/wp-content\/uploads\/2024\/04\/07-de-Abril-80x80.jpg 80w, https:\/\/coocv.com\/wp-content\/uploads\/2024\/04\/07-de-Abril-480x480.jpg 480w, https:\/\/coocv.com\/wp-content\/uploads\/2024\/04\/07-de-Abril-600x600.jpg 600w, https:\/\/coocv.com\/wp-content\/uploads\/2024\/04\/07-de-Abril-100x100.jpg 100w, https:\/\/coocv.com\/wp-content\/uploads\/2024\/04\/07-de-Abril.jpg 1080w\" sizes=\"(max-width: 1024px) 100vw, 1024px\" \/><\/figure>\n<p>Publicado en <a href=\"https:\/\/coocv.com\/11-de-abril-dia-mundial-del-parkinson\/\" class=\"autohyperlink\">coocv.com\/11-de-abril-dia-mundial-del-parkinson\/<\/a><\/p>\n","protected":false},"excerpt":{"rendered":"<p>La enfermedad del Parkinson y los problemas de visi\u00f3n asociados La enfermedad de Parkinson tiene como principales s\u00edntomas la rigidez y el temblor, pero tambi\u00e9n puede afectar a la visi\u00f3n de las personas que la sufren. La visi\u00f3n doble puede ocurrir a menudo porque los m\u00fasculos del ojo tienen problemas<\/p>\n","protected":false},"author":2,"featured_media":0,"comment_status":"closed","ping_status":"closed","sticky":false,"template":"","format":"standard","meta":{"footnotes":""},"categories":[10,4],"tags":[],"class_list":["post-3165","post","type-post","status-publish","format-standard","hentry","category-cuidado-ocular","category-espana"],"publishpress_future_action":{"enabled":false,"date":"2026-05-02 04:46:49","action":"change-status","newStatus":"draft","terms":[],"taxonomy":"category","extraData":[]},"publishpress_future_workflow_manual_trigger":{"enabledWorkflows":[]},"_links":{"self":[{"href":"https:\/\/hlrnet.net\/sites\/actu-es\/wp-json\/wp\/v2\/posts\/3165","targetHints":{"allow":["GET"]}}],"collection":[{"href":"https:\/\/hlrnet.net\/sites\/actu-es\/wp-json\/wp\/v2\/posts"}],"about":[{"href":"https:\/\/hlrnet.net\/sites\/actu-es\/wp-json\/wp\/v2\/types\/post"}],"author":[{"embeddable":true,"href":"https:\/\/hlrnet.net\/sites\/actu-es\/wp-json\/wp\/v2\/users\/2"}],"replies":[{"embeddable":true,"href":"https:\/\/hlrnet.net\/sites\/actu-es\/wp-json\/wp\/v2\/comments?post=3165"}],"version-history":[{"count":0,"href":"https:\/\/hlrnet.net\/sites\/actu-es\/wp-json\/wp\/v2\/posts\/3165\/revisions"}],"wp:attachment":[{"href":"https:\/\/hlrnet.net\/sites\/actu-es\/wp-json\/wp\/v2\/media?parent=3165"}],"wp:term":[{"taxonomy":"category","embeddable":true,"href":"https:\/\/hlrnet.net\/sites\/actu-es\/wp-json\/wp\/v2\/categories?post=3165"},{"taxonomy":"post_tag","embeddable":true,"href":"https:\/\/hlrnet.net\/sites\/actu-es\/wp-json\/wp\/v2\/tags?post=3165"}],"curies":[{"name":"wp","href":"https:\/\/api.w.org\/{rel}","templated":true}]}}