{"id":3170,"date":"2024-04-15T09:04:24","date_gmt":"2024-04-15T09:04:24","guid":{"rendered":"https:\/\/coocv.com\/?p=37786"},"modified":"2024-04-15T09:04:24","modified_gmt":"2024-04-15T09:04:24","slug":"las-lentes-de-contacto-deben-ser-prescritas-y-adaptadas-de-forma-individualizada-por-el-optico-optometrista","status":"publish","type":"post","link":"https:\/\/hlrnet.net\/sites\/actu-es\/2024\/04\/15\/las-lentes-de-contacto-deben-ser-prescritas-y-adaptadas-de-forma-individualizada-por-el-optico-optometrista\/","title":{"rendered":"Las lentes de contacto deben ser prescritas y adaptadas de forma individualizada por el \u00f3ptico-optometrista"},"content":{"rendered":"\n\n<div class=\"kk-star-ratings kksr-auto kksr-align-left kksr-valign-top\"\n    data-payload='{&quot;align&quot;:&quot;left&quot;,&quot;id&quot;:&quot;3170&quot;,&quot;slug&quot;:&quot;default&quot;,&quot;valign&quot;:&quot;top&quot;,&quot;ignore&quot;:&quot;&quot;,&quot;reference&quot;:&quot;auto&quot;,&quot;class&quot;:&quot;&quot;,&quot;count&quot;:&quot;0&quot;,&quot;legendonly&quot;:&quot;&quot;,&quot;readonly&quot;:&quot;&quot;,&quot;score&quot;:&quot;0&quot;,&quot;starsonly&quot;:&quot;&quot;,&quot;best&quot;:&quot;5&quot;,&quot;gap&quot;:&quot;5&quot;,&quot;greet&quot;:&quot;Rate this post&quot;,&quot;legend&quot;:&quot;0\\\/5 - (0 votes)&quot;,&quot;size&quot;:&quot;24&quot;,&quot;title&quot;:&quot;Las lentes de contacto deben ser prescritas y adaptadas de forma individualizada por el \u00f3ptico-optometrista&quot;,&quot;width&quot;:&quot;0&quot;,&quot;_legend&quot;:&quot;{score}\\\/{best} - ({count} {votes})&quot;,&quot;font_factor&quot;:&quot;1.25&quot;}'>\n            \n<div class=\"kksr-stars\">\n    \n<div class=\"kksr-stars-inactive\">\n            <div class=\"kksr-star\" data-star=\"1\" style=\"padding-right: 5px\">\n            \n\n<div class=\"kksr-icon\" style=\"width: 24px; height: 24px;\"><\/div>\n        <\/div>\n            <div class=\"kksr-star\" data-star=\"2\" style=\"padding-right: 5px\">\n            \n\n<div class=\"kksr-icon\" style=\"width: 24px; height: 24px;\"><\/div>\n        <\/div>\n            <div class=\"kksr-star\" data-star=\"3\" style=\"padding-right: 5px\">\n            \n\n<div class=\"kksr-icon\" style=\"width: 24px; height: 24px;\"><\/div>\n        <\/div>\n            <div class=\"kksr-star\" data-star=\"4\" style=\"padding-right: 5px\">\n            \n\n<div class=\"kksr-icon\" style=\"width: 24px; height: 24px;\"><\/div>\n        <\/div>\n            <div class=\"kksr-star\" data-star=\"5\" style=\"padding-right: 5px\">\n            \n\n<div class=\"kksr-icon\" style=\"width: 24px; height: 24px;\"><\/div>\n        <\/div>\n    <\/div>\n    \n<div class=\"kksr-stars-active\" style=\"width: 0px;\">\n            <div class=\"kksr-star\" style=\"padding-right: 5px\">\n            \n\n<div class=\"kksr-icon\" style=\"width: 24px; height: 24px;\"><\/div>\n        <\/div>\n            <div class=\"kksr-star\" style=\"padding-right: 5px\">\n            \n\n<div class=\"kksr-icon\" style=\"width: 24px; height: 24px;\"><\/div>\n        <\/div>\n            <div class=\"kksr-star\" style=\"padding-right: 5px\">\n            \n\n<div class=\"kksr-icon\" style=\"width: 24px; height: 24px;\"><\/div>\n        <\/div>\n            <div class=\"kksr-star\" style=\"padding-right: 5px\">\n            \n\n<div class=\"kksr-icon\" style=\"width: 24px; height: 24px;\"><\/div>\n        <\/div>\n            <div class=\"kksr-star\" style=\"padding-right: 5px\">\n            \n\n<div class=\"kksr-icon\" style=\"width: 24px; height: 24px;\"><\/div>\n        <\/div>\n    <\/div>\n<\/div>\n                \n\n<div class=\"kksr-legend\" style=\"font-size: 19.2px;\">\n            <span class=\"kksr-muted\">Rate this post<\/span>\n    <\/div>\n    <\/div>\n\n<\/p>\n<p>El 15 de Abril se celebra el D\u00eda Mundial de las lentillas en conmemoraci\u00f3n con la fecha de nacimiento de Leonardo Da Vinci, que fue el primer precursor del concepto de las lentillas.<\/p>\n<p>Seg\u00fan el Libro Blanco de la Visi\u00f3n 2022, de las personas que usan alg\u00fan tipo de compensaci\u00f3n visual en Espa\u00f1a, el 17% utilizan lentes de contacto. Una cifra que ha aumentado con respecto a 2017 en cuatro puntos.<\/p>\n<p>Entre los usuarios de lentillas, son m\u00e1s las mujeres que las usan frente a los hombres. Adem\u00e1s, por rango de edad, un 33% de los j\u00f3venes de entre 18 y 35 a\u00f1os las utiizan, un porcentaje que baja al 12% entre los ciudadanos de 36 a 55 a\u00f1os, siendo los menos propensos a usuarlas aquellos que tiene m\u00e1s de 56 a\u00f1os, entre los que solo un 4% las prefieren a las gafas graduadas.<\/p>\n<p><strong>Producto sanitario<\/strong><strong><\/strong><\/p>\n<p>Las lentes de contacto son un producto sanitario y c\u00f3mo tal deben ser adquiridas en establecimientos sanitarios de \u00f3ptica para obtener la total garant\u00eda de que cumplen con todos los controles de calidad y seguridad para la salud visual.<\/p>\n<p>En los \u00faltimos a\u00f1os se ha detectado un incremento de la compra de lentillas por internet. Adquirir las lentes de contacto en estos comercios supone incrementar los riesgos de sufrir alg\u00fan tipo de lesi\u00f3n, que puede ser grave en determinadas ocasiones.<\/p>\n<p>Por ello desde el COOCV recordamos que este sistema de compensaci\u00f3n \u00f3ptica requieren una evaluaci\u00f3n previa y la adaptaci\u00f3n personalizada por parte del \u00f3ptico-optometrista para preservar una buena salud visual. &#8220;El \u00f3ptico-optometrista, como profesional sanitario de la visi\u00f3n, debe revisar la salud ocular de cada usuario antes de prescribir las lentes de contacto. Adem\u00e1s, cada ojo es diferente, es necesario determinar la medida personalizada de los par\u00e1metros oculares. Con toda esta informaci\u00f3n, el \u00f3ptico-optometrista adapta a cada persona las lentes de contacto m\u00e1s \u00f3ptimas en funci\u00f3n de sus caracter\u00edsticas propias\u201c, explica Andr\u00e9s Gen\u00e9, presidente del COOCV.<\/p>\n<p>Pero la labor del \u00f3ptico-optometrista no termina ah\u00ed, a continuaci\u00f3n realiza un seguimiento del proceso de adaptaci\u00f3n para verificar que no haya ning\u00fan problema. Adem\u00e1s, es fundamental que cada usuario siga rigurosamente las pautas de manipulaci\u00f3n, limpieza y desinfecci\u00f3n que le facilite el \u00f3ptico-optometrista con el fin de minimizar posibles riesgos. &#8220;A aquellas personas que vayan a utilizar estas lentes de contacto, se les explica las horas de uso recomendadas en cada caso y si es necesario, la frecuencia de reemplazo de las mismas&#8221;, se\u00f1ala Andr\u00e9s Gen\u00e9.<\/p>\n<figure class=\"wp-block-image size-large\"><img fetchpriority=\"high\" decoding=\"async\" width=\"1024\" height=\"1024\" src=\"https:\/\/coocv.com\/wp-content\/uploads\/2024\/04\/POST_Mesa-de-trabajo-1-1024x1024.jpg\" alt=\"POST Mesa de trabajo 1\" class=\"wp-image-37787\" title=\"Las lentes de contacto deben ser prescritas y adaptadas de forma individualizada por el \u00f3ptico-optometrista 1\" srcset=\"https:\/\/coocv.com\/wp-content\/uploads\/2024\/04\/POST_Mesa-de-trabajo-1-1024x1024.jpg 1024w, https:\/\/coocv.com\/wp-content\/uploads\/2024\/04\/POST_Mesa-de-trabajo-1-300x300.jpg 300w, https:\/\/coocv.com\/wp-content\/uploads\/2024\/04\/POST_Mesa-de-trabajo-1-150x150.jpg 150w, https:\/\/coocv.com\/wp-content\/uploads\/2024\/04\/POST_Mesa-de-trabajo-1-768x768.jpg 768w, https:\/\/coocv.com\/wp-content\/uploads\/2024\/04\/POST_Mesa-de-trabajo-1-1536x1536.jpg 1536w, https:\/\/coocv.com\/wp-content\/uploads\/2024\/04\/POST_Mesa-de-trabajo-1-scaled.jpg 2048w, https:\/\/coocv.com\/wp-content\/uploads\/2024\/04\/POST_Mesa-de-trabajo-1-125x125.jpg 125w, https:\/\/coocv.com\/wp-content\/uploads\/2024\/04\/POST_Mesa-de-trabajo-1-200x200.jpg 200w, https:\/\/coocv.com\/wp-content\/uploads\/2024\/04\/POST_Mesa-de-trabajo-1-80x80.jpg 80w, https:\/\/coocv.com\/wp-content\/uploads\/2024\/04\/POST_Mesa-de-trabajo-1-480x480.jpg 480w, https:\/\/coocv.com\/wp-content\/uploads\/2024\/04\/POST_Mesa-de-trabajo-1-600x600.jpg 600w, https:\/\/coocv.com\/wp-content\/uploads\/2024\/04\/POST_Mesa-de-trabajo-1-100x100.jpg 100w\" sizes=\"(max-width: 1024px) 100vw, 1024px\" \/><figcaption class=\"wp-element-caption\">D\u00cdA MUNDIAL DE LAS LENTILLAS<\/figcaption><\/figure>\n<p>Publicado en <a href=\"https:\/\/coocv.com\/las-lentes-de-contacto-deben-ser-prescritas-y-adaptadas-de-forma-individualizada-por-el-optico-optometrista\/\" class=\"autohyperlink\">coocv.com\/las-lentes-de-contacto-deben-ser-prescritas-y-adaptadas-de-forma-individualizada-por-el-optico-optometrista\/<\/a><\/p>\n","protected":false},"excerpt":{"rendered":"<p>El 15 de Abril se celebra el D\u00eda Mundial de las lentillas en conmemoraci\u00f3n con la fecha de nacimiento de Leonardo Da Vinci, que fue el primer precursor del concepto de las lentillas. Seg\u00fan el Libro Blanco de la Visi\u00f3n 2022, de las personas que usan alg\u00fan tipo de compensaci\u00f3n<\/p>\n","protected":false},"author":2,"featured_media":0,"comment_status":"closed","ping_status":"closed","sticky":false,"template":"","format":"standard","meta":{"footnotes":""},"categories":[10,4],"tags":[],"class_list":["post-3170","post","type-post","status-publish","format-standard","hentry","category-cuidado-ocular","category-espana"],"publishpress_future_action":{"enabled":false,"date":"2026-05-02 06:40:46","action":"change-status","newStatus":"draft","terms":[],"taxonomy":"category","extraData":[]},"publishpress_future_workflow_manual_trigger":{"enabledWorkflows":[]},"_links":{"self":[{"href":"https:\/\/hlrnet.net\/sites\/actu-es\/wp-json\/wp\/v2\/posts\/3170","targetHints":{"allow":["GET"]}}],"collection":[{"href":"https:\/\/hlrnet.net\/sites\/actu-es\/wp-json\/wp\/v2\/posts"}],"about":[{"href":"https:\/\/hlrnet.net\/sites\/actu-es\/wp-json\/wp\/v2\/types\/post"}],"author":[{"embeddable":true,"href":"https:\/\/hlrnet.net\/sites\/actu-es\/wp-json\/wp\/v2\/users\/2"}],"replies":[{"embeddable":true,"href":"https:\/\/hlrnet.net\/sites\/actu-es\/wp-json\/wp\/v2\/comments?post=3170"}],"version-history":[{"count":0,"href":"https:\/\/hlrnet.net\/sites\/actu-es\/wp-json\/wp\/v2\/posts\/3170\/revisions"}],"wp:attachment":[{"href":"https:\/\/hlrnet.net\/sites\/actu-es\/wp-json\/wp\/v2\/media?parent=3170"}],"wp:term":[{"taxonomy":"category","embeddable":true,"href":"https:\/\/hlrnet.net\/sites\/actu-es\/wp-json\/wp\/v2\/categories?post=3170"},{"taxonomy":"post_tag","embeddable":true,"href":"https:\/\/hlrnet.net\/sites\/actu-es\/wp-json\/wp\/v2\/tags?post=3170"}],"curies":[{"name":"wp","href":"https:\/\/api.w.org\/{rel}","templated":true}]}}