{"id":3179,"date":"2024-04-23T10:00:18","date_gmt":"2024-04-23T10:00:18","guid":{"rendered":"https:\/\/coocv.com\/?p=37833"},"modified":"2024-04-23T10:00:18","modified_gmt":"2024-04-23T10:00:18","slug":"el-cgcoo-se-reune-con-lideres-politicos-institucionales-expertos-y-miembros-del-tercer-sector-para-que-la-salud-visual-sea-una-prioridad-en-esta-legislatura","status":"publish","type":"post","link":"https:\/\/hlrnet.net\/sites\/actu-es\/2024\/04\/23\/el-cgcoo-se-reune-con-lideres-politicos-institucionales-expertos-y-miembros-del-tercer-sector-para-que-la-salud-visual-sea-una-prioridad-en-esta-legislatura\/","title":{"rendered":"EL CGCOO SE RE\u00daNE CON L\u00cdDERES POL\u00cdTICOS, INSTITUCIONALES EXPERTOS Y MIEMBROS DEL TERCER SECTOR PARA QUE LA SALUD VISUAL SEA UNA PRIORIDAD EN ESTA LEGISLATURA"},"content":{"rendered":"\n\n<div class=\"kk-star-ratings kksr-auto kksr-align-left kksr-valign-top\"\n    data-payload='{&quot;align&quot;:&quot;left&quot;,&quot;id&quot;:&quot;3179&quot;,&quot;slug&quot;:&quot;default&quot;,&quot;valign&quot;:&quot;top&quot;,&quot;ignore&quot;:&quot;&quot;,&quot;reference&quot;:&quot;auto&quot;,&quot;class&quot;:&quot;&quot;,&quot;count&quot;:&quot;0&quot;,&quot;legendonly&quot;:&quot;&quot;,&quot;readonly&quot;:&quot;&quot;,&quot;score&quot;:&quot;0&quot;,&quot;starsonly&quot;:&quot;&quot;,&quot;best&quot;:&quot;5&quot;,&quot;gap&quot;:&quot;5&quot;,&quot;greet&quot;:&quot;Rate this post&quot;,&quot;legend&quot;:&quot;0\\\/5 - (0 votes)&quot;,&quot;size&quot;:&quot;24&quot;,&quot;title&quot;:&quot;EL CGCOO SE RE\u00daNE CON L\u00cdDERES POL\u00cdTICOS, INSTITUCIONALES EXPERTOS Y MIEMBROS DEL TERCER SECTOR PARA QUE LA SALUD VISUAL SEA UNA PRIORIDAD EN ESTA LEGISLATURA&quot;,&quot;width&quot;:&quot;0&quot;,&quot;_legend&quot;:&quot;{score}\\\/{best} - ({count} {votes})&quot;,&quot;font_factor&quot;:&quot;1.25&quot;}'>\n            \n<div class=\"kksr-stars\">\n    \n<div class=\"kksr-stars-inactive\">\n            <div class=\"kksr-star\" data-star=\"1\" style=\"padding-right: 5px\">\n            \n\n<div class=\"kksr-icon\" style=\"width: 24px; height: 24px;\"><\/div>\n        <\/div>\n            <div class=\"kksr-star\" data-star=\"2\" style=\"padding-right: 5px\">\n            \n\n<div class=\"kksr-icon\" style=\"width: 24px; height: 24px;\"><\/div>\n        <\/div>\n            <div class=\"kksr-star\" data-star=\"3\" style=\"padding-right: 5px\">\n            \n\n<div class=\"kksr-icon\" style=\"width: 24px; height: 24px;\"><\/div>\n        <\/div>\n            <div class=\"kksr-star\" data-star=\"4\" style=\"padding-right: 5px\">\n            \n\n<div class=\"kksr-icon\" style=\"width: 24px; height: 24px;\"><\/div>\n        <\/div>\n            <div class=\"kksr-star\" data-star=\"5\" style=\"padding-right: 5px\">\n            \n\n<div class=\"kksr-icon\" style=\"width: 24px; height: 24px;\"><\/div>\n        <\/div>\n    <\/div>\n    \n<div class=\"kksr-stars-active\" style=\"width: 0px;\">\n            <div class=\"kksr-star\" style=\"padding-right: 5px\">\n            \n\n<div class=\"kksr-icon\" style=\"width: 24px; height: 24px;\"><\/div>\n        <\/div>\n            <div class=\"kksr-star\" style=\"padding-right: 5px\">\n            \n\n<div class=\"kksr-icon\" style=\"width: 24px; height: 24px;\"><\/div>\n        <\/div>\n            <div class=\"kksr-star\" style=\"padding-right: 5px\">\n            \n\n<div class=\"kksr-icon\" style=\"width: 24px; height: 24px;\"><\/div>\n        <\/div>\n            <div class=\"kksr-star\" style=\"padding-right: 5px\">\n            \n\n<div class=\"kksr-icon\" style=\"width: 24px; height: 24px;\"><\/div>\n        <\/div>\n            <div class=\"kksr-star\" style=\"padding-right: 5px\">\n            \n\n<div class=\"kksr-icon\" style=\"width: 24px; height: 24px;\"><\/div>\n        <\/div>\n    <\/div>\n<\/div>\n                \n\n<div class=\"kksr-legend\" style=\"font-size: 19.2px;\">\n            <span class=\"kksr-muted\">Rate this post<\/span>\n    <\/div>\n    <\/div>\n\n<p>Los principales representantes del CGCOO, entre los que se encuentra el presidente del COOCV, Andr\u00e9s Gen\u00e9, han tenido una reuni\u00f3n de trabajo con l\u00edderes pol\u00edticos, institucionales, expertos y del Tercer Sector para impulsar soluciones compartidas con el objetivo&nbsp;de poner a la #SaludVisual como prioridad de esta legislatura.&nbsp;<\/p>\n<p>La integraci\u00f3n de los \u00f3pticos-optometristas fue uno de los puntos principales tratados en esta importante reuni\u00f3n para el futuro de nuestra profesi\u00f3n y de la salud visual de la poblaci\u00f3n.&nbsp;<\/p>\n<p>Este encuentro es el primero de nuevas sesiones de trabajo que se realizar\u00e1n en los pr\u00f3ximos meses.<\/p>\n<figure class=\"wp-block-gallery has-nested-images columns-default is-cropped wp-block-gallery-1 is-layout-flex wp-block-gallery-is-layout-flex\">\n<figure class=\"wp-block-image size-large\"><img fetchpriority=\"high\" decoding=\"async\" width=\"1024\" height=\"676\" data-id=\"37839\" src=\"https:\/\/coocv.com\/wp-content\/uploads\/2024\/04\/DSC0883-1024x676.jpg\" alt=\"DSC0883\" class=\"wp-image-37839\" title=\"EL CGCOO SE RE\u00daNE CON L\u00cdDERES POL\u00cdTICOS, INSTITUCIONALES EXPERTOS Y MIEMBROS DEL TERCER SECTOR PARA QUE LA SALUD VISUAL SEA UNA PRIORIDAD EN ESTA LEGISLATURA 1\" srcset=\"https:\/\/coocv.com\/wp-content\/uploads\/2024\/04\/DSC0883-1024x676.jpg 1024w, https:\/\/coocv.com\/wp-content\/uploads\/2024\/04\/DSC0883-300x198.jpg 300w, https:\/\/coocv.com\/wp-content\/uploads\/2024\/04\/DSC0883-768x507.jpg 768w, https:\/\/coocv.com\/wp-content\/uploads\/2024\/04\/DSC0883-1536x1014.jpg 1536w, https:\/\/coocv.com\/wp-content\/uploads\/2024\/04\/DSC0883-scaled.jpg 2048w, https:\/\/coocv.com\/wp-content\/uploads\/2024\/04\/DSC0883-640x423.jpg 640w, https:\/\/coocv.com\/wp-content\/uploads\/2024\/04\/DSC0883-600x396.jpg 600w\" sizes=\"(max-width: 1024px) 100vw, 1024px\" \/><\/figure>\n<figure class=\"wp-block-image size-large\"><img loading=\"lazy\" decoding=\"async\" width=\"1024\" height=\"676\" data-id=\"37841\" src=\"https:\/\/coocv.com\/wp-content\/uploads\/2024\/04\/DSC3994-1024x676.jpg\" alt=\"DSC3994\" class=\"wp-image-37841\" title=\"EL CGCOO SE RE\u00daNE CON L\u00cdDERES POL\u00cdTICOS, INSTITUCIONALES EXPERTOS Y MIEMBROS DEL TERCER SECTOR PARA QUE LA SALUD VISUAL SEA UNA PRIORIDAD EN ESTA LEGISLATURA 2\" srcset=\"https:\/\/coocv.com\/wp-content\/uploads\/2024\/04\/DSC3994-1024x676.jpg 1024w, https:\/\/coocv.com\/wp-content\/uploads\/2024\/04\/DSC3994-300x198.jpg 300w, https:\/\/coocv.com\/wp-content\/uploads\/2024\/04\/DSC3994-768x507.jpg 768w, https:\/\/coocv.com\/wp-content\/uploads\/2024\/04\/DSC3994-1536x1014.jpg 1536w, https:\/\/coocv.com\/wp-content\/uploads\/2024\/04\/DSC3994-scaled.jpg 2048w, https:\/\/coocv.com\/wp-content\/uploads\/2024\/04\/DSC3994-640x423.jpg 640w, https:\/\/coocv.com\/wp-content\/uploads\/2024\/04\/DSC3994-600x396.jpg 600w\" sizes=\"auto, (max-width: 1024px) 100vw, 1024px\" \/><\/figure>\n<\/figure>\n<figure class=\"wp-block-gallery has-nested-images columns-default is-cropped wp-block-gallery-2 is-layout-flex wp-block-gallery-is-layout-flex\">\n<figure class=\"wp-block-image size-medium\"><img loading=\"lazy\" decoding=\"async\" width=\"300\" height=\"198\" data-id=\"37838\" src=\"https:\/\/coocv.com\/wp-content\/uploads\/2024\/04\/DSC2151-300x198.jpg\" alt=\"DSC2151\" class=\"wp-image-37838\" title=\"EL CGCOO SE RE\u00daNE CON L\u00cdDERES POL\u00cdTICOS, INSTITUCIONALES EXPERTOS Y MIEMBROS DEL TERCER SECTOR PARA QUE LA SALUD VISUAL SEA UNA PRIORIDAD EN ESTA LEGISLATURA 3\" srcset=\"https:\/\/coocv.com\/wp-content\/uploads\/2024\/04\/DSC2151-300x198.jpg 300w, https:\/\/coocv.com\/wp-content\/uploads\/2024\/04\/DSC2151-1024x676.jpg 1024w, https:\/\/coocv.com\/wp-content\/uploads\/2024\/04\/DSC2151-768x507.jpg 768w, https:\/\/coocv.com\/wp-content\/uploads\/2024\/04\/DSC2151-1536x1014.jpg 1536w, https:\/\/coocv.com\/wp-content\/uploads\/2024\/04\/DSC2151-scaled.jpg 2048w, https:\/\/coocv.com\/wp-content\/uploads\/2024\/04\/DSC2151-640x423.jpg 640w, https:\/\/coocv.com\/wp-content\/uploads\/2024\/04\/DSC2151-600x396.jpg 600w\" sizes=\"auto, (max-width: 300px) 100vw, 300px\" \/><\/figure>\n<figure class=\"wp-block-image size-large\"><img loading=\"lazy\" decoding=\"async\" width=\"1024\" height=\"676\" data-id=\"37837\" src=\"https:\/\/coocv.com\/wp-content\/uploads\/2024\/04\/DSC1007-1024x676.jpg\" alt=\"DSC1007\" class=\"wp-image-37837\" title=\"EL CGCOO SE RE\u00daNE CON L\u00cdDERES POL\u00cdTICOS, INSTITUCIONALES EXPERTOS Y MIEMBROS DEL TERCER SECTOR PARA QUE LA SALUD VISUAL SEA UNA PRIORIDAD EN ESTA LEGISLATURA 4\" srcset=\"https:\/\/coocv.com\/wp-content\/uploads\/2024\/04\/DSC1007-1024x676.jpg 1024w, https:\/\/coocv.com\/wp-content\/uploads\/2024\/04\/DSC1007-300x198.jpg 300w, https:\/\/coocv.com\/wp-content\/uploads\/2024\/04\/DSC1007-768x507.jpg 768w, https:\/\/coocv.com\/wp-content\/uploads\/2024\/04\/DSC1007-1536x1014.jpg 1536w, https:\/\/coocv.com\/wp-content\/uploads\/2024\/04\/DSC1007-scaled.jpg 2048w, https:\/\/coocv.com\/wp-content\/uploads\/2024\/04\/DSC1007-640x423.jpg 640w, https:\/\/coocv.com\/wp-content\/uploads\/2024\/04\/DSC1007-600x396.jpg 600w\" sizes=\"auto, (max-width: 1024px) 100vw, 1024px\" \/><\/figure>\n<figure class=\"wp-block-image size-large\"><img loading=\"lazy\" decoding=\"async\" width=\"1024\" height=\"676\" data-id=\"37836\" src=\"https:\/\/coocv.com\/wp-content\/uploads\/2024\/04\/DSC3222-1024x676.jpg\" alt=\"DSC3222\" class=\"wp-image-37836\" title=\"EL CGCOO SE RE\u00daNE CON L\u00cdDERES POL\u00cdTICOS, INSTITUCIONALES EXPERTOS Y MIEMBROS DEL TERCER SECTOR PARA QUE LA SALUD VISUAL SEA UNA PRIORIDAD EN ESTA LEGISLATURA 5\" srcset=\"https:\/\/coocv.com\/wp-content\/uploads\/2024\/04\/DSC3222-1024x676.jpg 1024w, https:\/\/coocv.com\/wp-content\/uploads\/2024\/04\/DSC3222-300x198.jpg 300w, https:\/\/coocv.com\/wp-content\/uploads\/2024\/04\/DSC3222-768x507.jpg 768w, https:\/\/coocv.com\/wp-content\/uploads\/2024\/04\/DSC3222-1536x1014.jpg 1536w, https:\/\/coocv.com\/wp-content\/uploads\/2024\/04\/DSC3222-scaled.jpg 2048w, https:\/\/coocv.com\/wp-content\/uploads\/2024\/04\/DSC3222-640x423.jpg 640w, https:\/\/coocv.com\/wp-content\/uploads\/2024\/04\/DSC3222-600x396.jpg 600w\" sizes=\"auto, (max-width: 1024px) 100vw, 1024px\" \/><\/figure>\n<figure class=\"wp-block-image size-large\"><img loading=\"lazy\" decoding=\"async\" width=\"1024\" height=\"676\" data-id=\"37834\" src=\"https:\/\/coocv.com\/wp-content\/uploads\/2024\/04\/DSC4088-1024x676.jpg\" alt=\"DSC4088\" class=\"wp-image-37834\" title=\"EL CGCOO SE RE\u00daNE CON L\u00cdDERES POL\u00cdTICOS, INSTITUCIONALES EXPERTOS Y MIEMBROS DEL TERCER SECTOR PARA QUE LA SALUD VISUAL SEA UNA PRIORIDAD EN ESTA LEGISLATURA 6\" srcset=\"https:\/\/coocv.com\/wp-content\/uploads\/2024\/04\/DSC4088-1024x676.jpg 1024w, https:\/\/coocv.com\/wp-content\/uploads\/2024\/04\/DSC4088-300x198.jpg 300w, https:\/\/coocv.com\/wp-content\/uploads\/2024\/04\/DSC4088-768x507.jpg 768w, https:\/\/coocv.com\/wp-content\/uploads\/2024\/04\/DSC4088-1536x1014.jpg 1536w, https:\/\/coocv.com\/wp-content\/uploads\/2024\/04\/DSC4088-scaled.jpg 2048w, https:\/\/coocv.com\/wp-content\/uploads\/2024\/04\/DSC4088-640x423.jpg 640w, https:\/\/coocv.com\/wp-content\/uploads\/2024\/04\/DSC4088-600x396.jpg 600w\" sizes=\"auto, (max-width: 1024px) 100vw, 1024px\" \/><\/figure>\n<figure class=\"wp-block-image size-large\"><img loading=\"lazy\" decoding=\"async\" width=\"1024\" height=\"676\" data-id=\"37835\" src=\"https:\/\/coocv.com\/wp-content\/uploads\/2024\/04\/DSC3188-1024x676.jpg\" alt=\"DSC3188\" class=\"wp-image-37835\" title=\"EL CGCOO SE RE\u00daNE CON L\u00cdDERES POL\u00cdTICOS, INSTITUCIONALES EXPERTOS Y MIEMBROS DEL TERCER SECTOR PARA QUE LA SALUD VISUAL SEA UNA PRIORIDAD EN ESTA LEGISLATURA 7\" srcset=\"https:\/\/coocv.com\/wp-content\/uploads\/2024\/04\/DSC3188-1024x676.jpg 1024w, https:\/\/coocv.com\/wp-content\/uploads\/2024\/04\/DSC3188-300x198.jpg 300w, https:\/\/coocv.com\/wp-content\/uploads\/2024\/04\/DSC3188-768x507.jpg 768w, https:\/\/coocv.com\/wp-content\/uploads\/2024\/04\/DSC3188-1536x1014.jpg 1536w, https:\/\/coocv.com\/wp-content\/uploads\/2024\/04\/DSC3188-scaled.jpg 2048w, https:\/\/coocv.com\/wp-content\/uploads\/2024\/04\/DSC3188-640x423.jpg 640w, https:\/\/coocv.com\/wp-content\/uploads\/2024\/04\/DSC3188-600x396.jpg 600w\" sizes=\"auto, (max-width: 1024px) 100vw, 1024px\" \/><\/figure>\n<\/figure>\n<p>Publicado en <a href=\"https:\/\/coocv.com\/el-cgcoo-se-reune-con-lideres-politicos-institucionales-expertos-y-miembros-del-tercer-sector-para-que-la-salud-visual-sea-una-prioridad-en-esta-legislatura\/\" class=\"autohyperlink\">coocv.com\/el-cgcoo-se-reune-con-lideres-politicos-institucionales-expertos-y-miembros-del-tercer-sector-para-que-la-salud-visual-sea-una-prioridad-en-esta-legislatura\/<\/a><\/p>\n","protected":false},"excerpt":{"rendered":"<p>Los principales representantes del CGCOO, entre los que se encuentra el presidente del COOCV, Andr\u00e9s Gen\u00e9, han tenido una reuni\u00f3n de trabajo con l\u00edderes pol\u00edticos, institucionales, expertos y del Tercer Sector para impulsar soluciones compartidas con el objetivo&nbsp;de poner a la #SaludVisual como prioridad de esta legislatura.&nbsp; La integraci\u00f3n de<\/p>\n","protected":false},"author":2,"featured_media":0,"comment_status":"closed","ping_status":"closed","sticky":false,"template":"","format":"standard","meta":{"footnotes":""},"categories":[10,4],"tags":[],"class_list":["post-3179","post","type-post","status-publish","format-standard","hentry","category-cuidado-ocular","category-espana"],"publishpress_future_action":{"enabled":false,"date":"2026-05-02 08:39:07","action":"change-status","newStatus":"draft","terms":[],"taxonomy":"category","extraData":[]},"publishpress_future_workflow_manual_trigger":{"enabledWorkflows":[]},"_links":{"self":[{"href":"https:\/\/hlrnet.net\/sites\/actu-es\/wp-json\/wp\/v2\/posts\/3179","targetHints":{"allow":["GET"]}}],"collection":[{"href":"https:\/\/hlrnet.net\/sites\/actu-es\/wp-json\/wp\/v2\/posts"}],"about":[{"href":"https:\/\/hlrnet.net\/sites\/actu-es\/wp-json\/wp\/v2\/types\/post"}],"author":[{"embeddable":true,"href":"https:\/\/hlrnet.net\/sites\/actu-es\/wp-json\/wp\/v2\/users\/2"}],"replies":[{"embeddable":true,"href":"https:\/\/hlrnet.net\/sites\/actu-es\/wp-json\/wp\/v2\/comments?post=3179"}],"version-history":[{"count":0,"href":"https:\/\/hlrnet.net\/sites\/actu-es\/wp-json\/wp\/v2\/posts\/3179\/revisions"}],"wp:attachment":[{"href":"https:\/\/hlrnet.net\/sites\/actu-es\/wp-json\/wp\/v2\/media?parent=3179"}],"wp:term":[{"taxonomy":"category","embeddable":true,"href":"https:\/\/hlrnet.net\/sites\/actu-es\/wp-json\/wp\/v2\/categories?post=3179"},{"taxonomy":"post_tag","embeddable":true,"href":"https:\/\/hlrnet.net\/sites\/actu-es\/wp-json\/wp\/v2\/tags?post=3179"}],"curies":[{"name":"wp","href":"https:\/\/api.w.org\/{rel}","templated":true}]}}