{"id":3215,"date":"2024-05-23T12:53:54","date_gmt":"2024-05-23T12:53:54","guid":{"rendered":"https:\/\/coocv.com\/?p=38027"},"modified":"2024-05-23T12:53:54","modified_gmt":"2024-05-23T12:53:54","slug":"el-coocv-participa-en-la-jornada-infosalud-estado-de-la-sanidad-en-alicante-que-conto-con-la-presencia-de-marciano-gomez-conseller-de-sanidad","status":"publish","type":"post","link":"https:\/\/hlrnet.net\/sites\/actu-es\/2024\/05\/23\/el-coocv-participa-en-la-jornada-infosalud-estado-de-la-sanidad-en-alicante-que-conto-con-la-presencia-de-marciano-gomez-conseller-de-sanidad\/","title":{"rendered":"EL COOCV PARTICIPA EN LA JORNADA \u201cINFOSALUD. ESTADO DE LA SANIDAD EN ALICANTE\u201d QUE CONT\u00d3 CON LA PRESENCIA DE MARCIANO G\u00d3MEZ, CONSELLER DE SANIDAD"},"content":{"rendered":"\n\n<div class=\"kk-star-ratings kksr-auto kksr-align-left kksr-valign-top\"\n    data-payload='{&quot;align&quot;:&quot;left&quot;,&quot;id&quot;:&quot;3215&quot;,&quot;slug&quot;:&quot;default&quot;,&quot;valign&quot;:&quot;top&quot;,&quot;ignore&quot;:&quot;&quot;,&quot;reference&quot;:&quot;auto&quot;,&quot;class&quot;:&quot;&quot;,&quot;count&quot;:&quot;0&quot;,&quot;legendonly&quot;:&quot;&quot;,&quot;readonly&quot;:&quot;&quot;,&quot;score&quot;:&quot;0&quot;,&quot;starsonly&quot;:&quot;&quot;,&quot;best&quot;:&quot;5&quot;,&quot;gap&quot;:&quot;5&quot;,&quot;greet&quot;:&quot;Rate this post&quot;,&quot;legend&quot;:&quot;0\\\/5 - (0 votes)&quot;,&quot;size&quot;:&quot;24&quot;,&quot;title&quot;:&quot;EL COOCV PARTICIPA EN LA JORNADA \u201cINFOSALUD. ESTADO DE LA SANIDAD EN ALICANTE\u201d QUE CONT\u00d3 CON LA PRESENCIA DE MARCIANO G\u00d3MEZ, CONSELLER DE SANIDAD&quot;,&quot;width&quot;:&quot;0&quot;,&quot;_legend&quot;:&quot;{score}\\\/{best} - ({count} {votes})&quot;,&quot;font_factor&quot;:&quot;1.25&quot;}'>\n            \n<div class=\"kksr-stars\">\n    \n<div class=\"kksr-stars-inactive\">\n            <div class=\"kksr-star\" data-star=\"1\" style=\"padding-right: 5px\">\n            \n\n<div class=\"kksr-icon\" style=\"width: 24px; height: 24px;\"><\/div>\n        <\/div>\n            <div class=\"kksr-star\" data-star=\"2\" style=\"padding-right: 5px\">\n            \n\n<div class=\"kksr-icon\" style=\"width: 24px; height: 24px;\"><\/div>\n        <\/div>\n            <div class=\"kksr-star\" data-star=\"3\" style=\"padding-right: 5px\">\n            \n\n<div class=\"kksr-icon\" style=\"width: 24px; height: 24px;\"><\/div>\n        <\/div>\n            <div class=\"kksr-star\" data-star=\"4\" style=\"padding-right: 5px\">\n            \n\n<div class=\"kksr-icon\" style=\"width: 24px; height: 24px;\"><\/div>\n        <\/div>\n            <div class=\"kksr-star\" data-star=\"5\" style=\"padding-right: 5px\">\n            \n\n<div class=\"kksr-icon\" style=\"width: 24px; height: 24px;\"><\/div>\n        <\/div>\n    <\/div>\n    \n<div class=\"kksr-stars-active\" style=\"width: 0px;\">\n            <div class=\"kksr-star\" style=\"padding-right: 5px\">\n            \n\n<div class=\"kksr-icon\" style=\"width: 24px; height: 24px;\"><\/div>\n        <\/div>\n            <div class=\"kksr-star\" style=\"padding-right: 5px\">\n            \n\n<div class=\"kksr-icon\" style=\"width: 24px; height: 24px;\"><\/div>\n        <\/div>\n            <div class=\"kksr-star\" style=\"padding-right: 5px\">\n            \n\n<div class=\"kksr-icon\" style=\"width: 24px; height: 24px;\"><\/div>\n        <\/div>\n            <div class=\"kksr-star\" style=\"padding-right: 5px\">\n            \n\n<div class=\"kksr-icon\" style=\"width: 24px; height: 24px;\"><\/div>\n        <\/div>\n            <div class=\"kksr-star\" style=\"padding-right: 5px\">\n            \n\n<div class=\"kksr-icon\" style=\"width: 24px; height: 24px;\"><\/div>\n        <\/div>\n    <\/div>\n<\/div>\n                \n\n<div class=\"kksr-legend\" style=\"font-size: 19.2px;\">\n            <span class=\"kksr-muted\">Rate this post<\/span>\n    <\/div>\n    <\/div>\n\n<p>La falta de personal sanitario preocupa a la Conselleria de Sanitat a las puertas del verano, con las vacaciones de los profesionales y la llegada de miles de turistas.&nbsp;<\/p>\n<p>El conseller, Marciano G\u00f3mez, ha asegurado que &#8220;es el mayor problema que en estos momentos tiene la sanidad p\u00fablica espa\u00f1ola: no hay personal&#8221;<\/p>\n<p><strong>LA SANIDAD VALENCIANA A ESCENA<\/strong><\/p>\n<p>Rafael P\u00e9rez Cambrodi, vicepresidente del COOCV, acudi\u00f3 en representaci\u00f3n de los \u00f3pticos-optometristas alicantinos y particip\u00f3 en el debate junto a miembros de Vithas, IMED, HLA, Quir\u00f3nsalud, INESCOP&nbsp;y el Instituto de Neurociencias de Alicante para&nbsp;<\/p>\n<p>El evento cont\u00f3 con dos mesas redondas donde se debati\u00f3 sobre la actualidad del sector, coincidiendo en la necesidad de potenciar la investigaci\u00f3n.<\/p>\n<p>Durante su participaci\u00f3n, el vicepresidente del COOCV dio a conocer la labor de estos profesionales en los centros sanitarios de \u00f3ptica: &#8220;Fundamentalmente hacemos funciones de promoci\u00f3n de la salud, prevenci\u00f3n y rehabilitaci\u00f3n&#8221;. En cuanto a la rehabilitaci\u00f3n,\u00a0hizo especial hincapi\u00e9 en el \u00e1rea de baja visi\u00f3n, la lente de contacto y la rehabilitaci\u00f3n visual ort\u00f3ptica. &#8220;Nuestro perfil aporta mucha experiencia y conocimiento. Ning\u00fan otro profesional conoce la tecnolog\u00eda diagn\u00f3stica oftalmol\u00f3gica como el \u00f3ptico- optometrista\u00a0y eso hace que los procesos sean mucho m\u00e1s \u00e1giles&#8221;, declar\u00f3 Rafael P\u00e9rez Cambrodi al ser preguntado por la importancia de estos profesionales dentro de la sanidad p\u00fablica.<\/p>\n<div data-wp-interactive=\"core\/file\" class=\"wp-block-file\"><object data-wp-bind--hidden=\"!state.hasPdfPreview\" class=\"wp-block-file__embed\" data=\"https:\/\/coocv.com\/wp-content\/uploads\/2024\/05\/Informacion_22-05.pdf\" type=\"application\/pdf\" style=\"width:100%;height:600px\" aria-label=\"Incrustado de INFO SALUD<br&gt;_22-05.\"><\/object><a id=\"wp-block-file--media-95dd7b41-301d-4019-a716-64d29e748a63\" href=\"https:\/\/coocv.com\/wp-content\/uploads\/2024\/05\/Informacion_22-05.pdf\" class=\"mtli_attachment mtli_pdf\">INFO SALUD<br \/>_22-05<\/a><a href=\"https:\/\/coocv.com\/wp-content\/uploads\/2024\/05\/Informacion_22-05.pdf\" class=\"mtli_attachment mtli_pdf\" class=\"wp-block-file__button wp-element-button\" download aria-describedby=\"wp-block-file--media-95dd7b41-301d-4019-a716-64d29e748a63\">Descarga<\/a><\/div>\n<p>Publicado en <a href=\"https:\/\/coocv.com\/el-coocv-participa-en-la-jornada-infosalud-estado-de-la-sanidad-en-alicante-que-conto-con-la-presencia-de-marciano-gomez-conseller-de-sanidad\/\" class=\"autohyperlink\">coocv.com\/el-coocv-participa-en-la-jornada-infosalud-estado-de-la-sanidad-en-alicante-que-conto-con-la-presencia-de-marciano-gomez-conseller-de-sanidad\/<\/a><\/p>\n","protected":false},"excerpt":{"rendered":"<p>La falta de personal sanitario preocupa a la Conselleria de Sanitat a las puertas del verano, con las vacaciones de los profesionales y la llegada de miles de turistas.&nbsp; El conseller, Marciano G\u00f3mez, ha asegurado que &#8220;es el mayor problema que en estos momentos tiene la sanidad p\u00fablica espa\u00f1ola: no<\/p>\n","protected":false},"author":2,"featured_media":0,"comment_status":"closed","ping_status":"closed","sticky":false,"template":"","format":"standard","meta":{"footnotes":""},"categories":[10,4],"tags":[],"class_list":["post-3215","post","type-post","status-publish","format-standard","hentry","category-cuidado-ocular","category-espana"],"publishpress_future_action":{"enabled":false,"date":"2026-05-02 08:36:31","action":"change-status","newStatus":"draft","terms":[],"taxonomy":"category","extraData":[]},"publishpress_future_workflow_manual_trigger":{"enabledWorkflows":[]},"_links":{"self":[{"href":"https:\/\/hlrnet.net\/sites\/actu-es\/wp-json\/wp\/v2\/posts\/3215","targetHints":{"allow":["GET"]}}],"collection":[{"href":"https:\/\/hlrnet.net\/sites\/actu-es\/wp-json\/wp\/v2\/posts"}],"about":[{"href":"https:\/\/hlrnet.net\/sites\/actu-es\/wp-json\/wp\/v2\/types\/post"}],"author":[{"embeddable":true,"href":"https:\/\/hlrnet.net\/sites\/actu-es\/wp-json\/wp\/v2\/users\/2"}],"replies":[{"embeddable":true,"href":"https:\/\/hlrnet.net\/sites\/actu-es\/wp-json\/wp\/v2\/comments?post=3215"}],"version-history":[{"count":0,"href":"https:\/\/hlrnet.net\/sites\/actu-es\/wp-json\/wp\/v2\/posts\/3215\/revisions"}],"wp:attachment":[{"href":"https:\/\/hlrnet.net\/sites\/actu-es\/wp-json\/wp\/v2\/media?parent=3215"}],"wp:term":[{"taxonomy":"category","embeddable":true,"href":"https:\/\/hlrnet.net\/sites\/actu-es\/wp-json\/wp\/v2\/categories?post=3215"},{"taxonomy":"post_tag","embeddable":true,"href":"https:\/\/hlrnet.net\/sites\/actu-es\/wp-json\/wp\/v2\/tags?post=3215"}],"curies":[{"name":"wp","href":"https:\/\/api.w.org\/{rel}","templated":true}]}}