{"id":3233,"date":"2024-06-11T14:41:19","date_gmt":"2024-06-11T14:41:19","guid":{"rendered":"http:\/\/coooaoptometria.com\/?p=6906"},"modified":"2024-06-11T14:41:19","modified_gmt":"2024-06-11T14:41:19","slug":"un-paso-mas-cerca-para-lograr-nuestra-reivindicacion-historica","status":"publish","type":"post","link":"https:\/\/hlrnet.net\/sites\/actu-es\/2024\/06\/11\/un-paso-mas-cerca-para-lograr-nuestra-reivindicacion-historica\/","title":{"rendered":"Un paso m\u00e1s cerca para lograr nuestra reivindicaci\u00f3n hist\u00f3rica"},"content":{"rendered":"\n\n<div class=\"kk-star-ratings kksr-auto kksr-align-left kksr-valign-top\"\n    data-payload='{&quot;align&quot;:&quot;left&quot;,&quot;id&quot;:&quot;3233&quot;,&quot;slug&quot;:&quot;default&quot;,&quot;valign&quot;:&quot;top&quot;,&quot;ignore&quot;:&quot;&quot;,&quot;reference&quot;:&quot;auto&quot;,&quot;class&quot;:&quot;&quot;,&quot;count&quot;:&quot;0&quot;,&quot;legendonly&quot;:&quot;&quot;,&quot;readonly&quot;:&quot;&quot;,&quot;score&quot;:&quot;0&quot;,&quot;starsonly&quot;:&quot;&quot;,&quot;best&quot;:&quot;5&quot;,&quot;gap&quot;:&quot;5&quot;,&quot;greet&quot;:&quot;Rate this post&quot;,&quot;legend&quot;:&quot;0\\\/5 - (0 votes)&quot;,&quot;size&quot;:&quot;24&quot;,&quot;title&quot;:&quot;Un paso m\u00e1s cerca para lograr nuestra reivindicaci\u00f3n hist\u00f3rica&quot;,&quot;width&quot;:&quot;0&quot;,&quot;_legend&quot;:&quot;{score}\\\/{best} - ({count} {votes})&quot;,&quot;font_factor&quot;:&quot;1.25&quot;}'>\n            \n<div class=\"kksr-stars\">\n    \n<div class=\"kksr-stars-inactive\">\n            <div class=\"kksr-star\" data-star=\"1\" style=\"padding-right: 5px\">\n            \n\n<div class=\"kksr-icon\" style=\"width: 24px; height: 24px;\"><\/div>\n        <\/div>\n            <div class=\"kksr-star\" data-star=\"2\" style=\"padding-right: 5px\">\n            \n\n<div class=\"kksr-icon\" style=\"width: 24px; height: 24px;\"><\/div>\n        <\/div>\n            <div class=\"kksr-star\" data-star=\"3\" style=\"padding-right: 5px\">\n            \n\n<div class=\"kksr-icon\" style=\"width: 24px; height: 24px;\"><\/div>\n        <\/div>\n            <div class=\"kksr-star\" data-star=\"4\" style=\"padding-right: 5px\">\n            \n\n<div class=\"kksr-icon\" style=\"width: 24px; height: 24px;\"><\/div>\n        <\/div>\n            <div class=\"kksr-star\" data-star=\"5\" style=\"padding-right: 5px\">\n            \n\n<div class=\"kksr-icon\" style=\"width: 24px; height: 24px;\"><\/div>\n        <\/div>\n    <\/div>\n    \n<div class=\"kksr-stars-active\" style=\"width: 0px;\">\n            <div class=\"kksr-star\" style=\"padding-right: 5px\">\n            \n\n<div class=\"kksr-icon\" style=\"width: 24px; height: 24px;\"><\/div>\n        <\/div>\n            <div class=\"kksr-star\" style=\"padding-right: 5px\">\n            \n\n<div class=\"kksr-icon\" style=\"width: 24px; height: 24px;\"><\/div>\n        <\/div>\n            <div class=\"kksr-star\" style=\"padding-right: 5px\">\n            \n\n<div class=\"kksr-icon\" style=\"width: 24px; height: 24px;\"><\/div>\n        <\/div>\n            <div class=\"kksr-star\" style=\"padding-right: 5px\">\n            \n\n<div class=\"kksr-icon\" style=\"width: 24px; height: 24px;\"><\/div>\n        <\/div>\n            <div class=\"kksr-star\" style=\"padding-right: 5px\">\n            \n\n<div class=\"kksr-icon\" style=\"width: 24px; height: 24px;\"><\/div>\n        <\/div>\n    <\/div>\n<\/div>\n                \n\n<div class=\"kksr-legend\" style=\"font-size: 19.2px;\">\n            <span class=\"kksr-muted\">Rate this post<\/span>\n    <\/div>\n    <\/div>\n\n<p><img loading=\"lazy\" decoding=\"async\" data-attachment-id=\"7018\" data-permalink=\"https:\/\/coooaoptometria.com\/2024\/06\/11\/un-paso-mas-cerca-para-lograr-nuestra-reivindicacion-historica\/editorial-coooa-4\/\" data-orig-file=\"https:\/\/coooaoptometria.com\/wp-content\/uploads\/2024\/06\/editorial-coooa.jpg\" data-orig-size=\"1320,813\" data-comments-opened=\"1\" data-image-meta=\"{&quot;aperture&quot;:&quot;0&quot;,&quot;credit&quot;:&quot;Daniel&quot;,&quot;camera&quot;:&quot;&quot;,&quot;caption&quot;:&quot;&quot;,&quot;created_timestamp&quot;:&quot;1718120354&quot;,&quot;copyright&quot;:&quot;&quot;,&quot;focal_length&quot;:&quot;0&quot;,&quot;iso&quot;:&quot;0&quot;,&quot;shutter_speed&quot;:&quot;0&quot;,&quot;title&quot;:&quot;&quot;,&quot;orientation&quot;:&quot;0&quot;}\" data-image-title=\"Editorial COOOA\" data-image-description=\"\" data-image-caption=\"\" data-medium-file=\"https:\/\/coooaoptometria.com\/wp-content\/uploads\/2024\/06\/editorial-coooa.jpg?w=300\" data-large-file=\"https:\/\/coooaoptometria.com\/wp-content\/uploads\/2024\/06\/editorial-coooa.jpg?w=700\" class=\"aligncenter size-large wp-image-7018\" src=\"https:\/\/coooaoptometria.com\/wp-content\/uploads\/2024\/06\/editorial-coooa.jpg?w=700\" alt=\"\" width=\"700\" height=\"431\" \/><\/p>\n<p>Estimad@ compa\u00f1er@:<\/p>\n<p>En el marco de las <strong>XXII Jornadas Andaluzas sobre la Visi\u00f3n<\/strong> que celebramos el pasado mes de marzo en C\u00e1diz, desde el <strong>Colegio Oficial de \u00d3pticos-Optometristas de Andaluc\u00eda<\/strong> dimos un <strong>gran paso en la consecuci\u00f3n de uno de los objetivos principales<\/strong> por el que desde nuestra Junta de Gobierno hemos estado trabajando de manera incesante, como es la <strong>inclusi\u00f3n del \u00f3ptico-optometrista dentro del Sistema P\u00fablico de Salud como personal estatutario<\/strong>.<\/p>\n<p>As\u00ed lo puso de manifiesto <strong>Eva Pajares<\/strong>, delegada territorial de Salud de la Junta de Andaluc\u00eda, en la inauguraci\u00f3n de las jornadas, a la que agradezco su participaci\u00f3n en las mismas, donde confirm\u00f3 el <strong>compromiso institucional para la creaci\u00f3n de esta categor\u00eda profesional<\/strong> que tantos beneficios sanitarios, econ\u00f3micos y sociales supondr\u00e1 para la poblaci\u00f3n andaluza.<\/p>\n<p>Tambi\u00e9n quiero agradecer la asistencia de <strong>Bruno Garc\u00eda<\/strong>, alcalde de C\u00e1diz; <strong>Juan Carlos Mart\u00ednez-Moral<\/strong>, decano del Consejo General de Colegios de \u00d3pticos-Optometristas, personalidades institucionales y representantes de colegios profesionales de \u00f3pticos-optometristas y sanitarios, as\u00ed como a los 200 asistentes y expertos ponentes que nos acompa\u00f1aron en este encuentro de inter\u00e9s cient\u00edfico que llevamos a cabo con gran \u00e9xito de participaci\u00f3n, organizaci\u00f3n y valoraci\u00f3n.<\/p>\n<p>Nuestro objetivo cada vez est\u00e1 m\u00e1s cerca de nuestra mano. Un fin que hemos estado luchando sin cesar desde la Junta de Gobierno de nuestro Colegio y que, gracias a la \u00faltima reuni\u00f3n mantenida con Catalina Garc\u00eda, consejera de Salud de la Junta de Andaluc\u00eda; Valle Garc\u00eda, directora gerente del Servicio Andaluz de Salud; y Francisco Javier Granado, secretario general de Humanizaci\u00f3n, Planificaci\u00f3n, Atenci\u00f3n Sociosanitaria y Consumo, hemos obtenido su compromiso institucional para lograrlo.<\/p>\n<p>Me llena de orgullo anunciaros que <strong>ya se han iniciado los tr\u00e1mites pertinentes para ello<\/strong>, que concluir\u00e1n en la inclusi\u00f3n de nuestra profesi\u00f3n sanitaria en el servicio p\u00fablico de salud de nuestra comunidad aut\u00f3noma. Sin duda, una gran noticia para nuestra profesi\u00f3n y todos los andaluces, ya que permitir\u00e1 un ahorro de costes, liberar\u00e1 recursos para optimizar las listas de esperas y, sobre todo, mejorar\u00e1 la calidad de la atenci\u00f3n en salud visual.<\/p>\n<p>Muchas gracias a todas las personas implicadas a trav\u00e9s de vuestro esfuerzo, trabajo continuo y tes\u00f3n, que hab\u00e9is hecho posible que esta reivindicaci\u00f3n hist\u00f3rica est\u00e9 <strong>m\u00e1s cerca que nunca de convertirse en realidad<\/strong>.<\/p>\n<p style=\"text-align: right\"><em>Blanca Fern\u00e1ndez Pino, decana-presidenta<\/em><\/p>\n<div id=\"atatags-370373-66684555af531\"><\/div>\n<div id=\"wordads-preview-parent\" class=\"wpcnt\">\n<div class=\"wpa\"><\/div>\n<\/div>\n<p>Publicado en <a href=\"https:\/\/coooaoptometria.com\/2024\/06\/11\/un-paso-mas-cerca-para-lograr-nuestra-reivindicacion-historica\/\" class=\"autohyperlink\">coooaoptometria.com\/2024\/06\/11\/un-paso-mas-cerca-para-lograr-nuestra-reivindicacion-historica\/<\/a><\/p>\n","protected":false},"excerpt":{"rendered":"<p>Estimad@ compa\u00f1er@: En el marco de las XXII Jornadas Andaluzas sobre la Visi\u00f3n que celebramos el pasado mes de marzo en C\u00e1diz, desde el Colegio Oficial de \u00d3pticos-Optometristas de Andaluc\u00eda dimos un gran paso en la consecuci\u00f3n de uno de los objetivos principales por el que desde nuestra Junta de<\/p>\n","protected":false},"author":2,"featured_media":0,"comment_status":"closed","ping_status":"closed","sticky":false,"template":"","format":"standard","meta":{"footnotes":""},"categories":[10,4],"tags":[],"class_list":["post-3233","post","type-post","status-publish","format-standard","hentry","category-cuidado-ocular","category-espana"],"publishpress_future_action":{"enabled":false,"date":"2026-05-02 08:36:16","action":"change-status","newStatus":"draft","terms":[],"taxonomy":"category","extraData":[]},"publishpress_future_workflow_manual_trigger":{"enabledWorkflows":[]},"_links":{"self":[{"href":"https:\/\/hlrnet.net\/sites\/actu-es\/wp-json\/wp\/v2\/posts\/3233","targetHints":{"allow":["GET"]}}],"collection":[{"href":"https:\/\/hlrnet.net\/sites\/actu-es\/wp-json\/wp\/v2\/posts"}],"about":[{"href":"https:\/\/hlrnet.net\/sites\/actu-es\/wp-json\/wp\/v2\/types\/post"}],"author":[{"embeddable":true,"href":"https:\/\/hlrnet.net\/sites\/actu-es\/wp-json\/wp\/v2\/users\/2"}],"replies":[{"embeddable":true,"href":"https:\/\/hlrnet.net\/sites\/actu-es\/wp-json\/wp\/v2\/comments?post=3233"}],"version-history":[{"count":0,"href":"https:\/\/hlrnet.net\/sites\/actu-es\/wp-json\/wp\/v2\/posts\/3233\/revisions"}],"wp:attachment":[{"href":"https:\/\/hlrnet.net\/sites\/actu-es\/wp-json\/wp\/v2\/media?parent=3233"}],"wp:term":[{"taxonomy":"category","embeddable":true,"href":"https:\/\/hlrnet.net\/sites\/actu-es\/wp-json\/wp\/v2\/categories?post=3233"},{"taxonomy":"post_tag","embeddable":true,"href":"https:\/\/hlrnet.net\/sites\/actu-es\/wp-json\/wp\/v2\/tags?post=3233"}],"curies":[{"name":"wp","href":"https:\/\/api.w.org\/{rel}","templated":true}]}}