{"id":3235,"date":"2024-06-11T14:38:15","date_gmt":"2024-06-11T14:38:15","guid":{"rendered":"http:\/\/coooaoptometria.com\/?p=6908"},"modified":"2024-06-11T14:38:15","modified_gmt":"2024-06-11T14:38:15","slug":"el-coooa-presenta-importantes-novedades-en-sus-xxii-jornadas-cientificas-andaluzas","status":"publish","type":"post","link":"https:\/\/hlrnet.net\/sites\/actu-es\/2024\/06\/11\/el-coooa-presenta-importantes-novedades-en-sus-xxii-jornadas-cientificas-andaluzas\/","title":{"rendered":"El COOOA presenta importantes novedades en sus XXII Jornadas Cient\u00edficas Andaluzas"},"content":{"rendered":"\n\n<div class=\"kk-star-ratings kksr-auto kksr-align-left kksr-valign-top\"\n    data-payload='{&quot;align&quot;:&quot;left&quot;,&quot;id&quot;:&quot;3235&quot;,&quot;slug&quot;:&quot;default&quot;,&quot;valign&quot;:&quot;top&quot;,&quot;ignore&quot;:&quot;&quot;,&quot;reference&quot;:&quot;auto&quot;,&quot;class&quot;:&quot;&quot;,&quot;count&quot;:&quot;0&quot;,&quot;legendonly&quot;:&quot;&quot;,&quot;readonly&quot;:&quot;&quot;,&quot;score&quot;:&quot;0&quot;,&quot;starsonly&quot;:&quot;&quot;,&quot;best&quot;:&quot;5&quot;,&quot;gap&quot;:&quot;5&quot;,&quot;greet&quot;:&quot;Rate this post&quot;,&quot;legend&quot;:&quot;0\\\/5 - (0 votes)&quot;,&quot;size&quot;:&quot;24&quot;,&quot;title&quot;:&quot;El COOOA presenta importantes novedades en sus XXII Jornadas Cient\u00edficas Andaluzas&quot;,&quot;width&quot;:&quot;0&quot;,&quot;_legend&quot;:&quot;{score}\\\/{best} - ({count} {votes})&quot;,&quot;font_factor&quot;:&quot;1.25&quot;}'>\n            \n<div class=\"kksr-stars\">\n    \n<div class=\"kksr-stars-inactive\">\n            <div class=\"kksr-star\" data-star=\"1\" style=\"padding-right: 5px\">\n            \n\n<div class=\"kksr-icon\" style=\"width: 24px; height: 24px;\"><\/div>\n        <\/div>\n            <div class=\"kksr-star\" data-star=\"2\" style=\"padding-right: 5px\">\n            \n\n<div class=\"kksr-icon\" style=\"width: 24px; height: 24px;\"><\/div>\n        <\/div>\n            <div class=\"kksr-star\" data-star=\"3\" style=\"padding-right: 5px\">\n            \n\n<div class=\"kksr-icon\" style=\"width: 24px; height: 24px;\"><\/div>\n        <\/div>\n            <div class=\"kksr-star\" data-star=\"4\" style=\"padding-right: 5px\">\n            \n\n<div class=\"kksr-icon\" style=\"width: 24px; height: 24px;\"><\/div>\n        <\/div>\n            <div class=\"kksr-star\" data-star=\"5\" style=\"padding-right: 5px\">\n            \n\n<div class=\"kksr-icon\" style=\"width: 24px; height: 24px;\"><\/div>\n        <\/div>\n    <\/div>\n    \n<div class=\"kksr-stars-active\" style=\"width: 0px;\">\n            <div class=\"kksr-star\" style=\"padding-right: 5px\">\n            \n\n<div class=\"kksr-icon\" style=\"width: 24px; height: 24px;\"><\/div>\n        <\/div>\n            <div class=\"kksr-star\" style=\"padding-right: 5px\">\n            \n\n<div class=\"kksr-icon\" style=\"width: 24px; height: 24px;\"><\/div>\n        <\/div>\n            <div class=\"kksr-star\" style=\"padding-right: 5px\">\n            \n\n<div class=\"kksr-icon\" style=\"width: 24px; height: 24px;\"><\/div>\n        <\/div>\n            <div class=\"kksr-star\" style=\"padding-right: 5px\">\n            \n\n<div class=\"kksr-icon\" style=\"width: 24px; height: 24px;\"><\/div>\n        <\/div>\n            <div class=\"kksr-star\" style=\"padding-right: 5px\">\n            \n\n<div class=\"kksr-icon\" style=\"width: 24px; height: 24px;\"><\/div>\n        <\/div>\n    <\/div>\n<\/div>\n                \n\n<div class=\"kksr-legend\" style=\"font-size: 19.2px;\">\n            <span class=\"kksr-muted\">Rate this post<\/span>\n    <\/div>\n    <\/div>\n\n<p><strong>El compromiso por parte de la Junta de Andaluc\u00eda para la creaci\u00f3n de la plaza de \u00f3ptico-optometrista en la sanidad p\u00fablica andaluza; la compensaci\u00f3n de la huella de carbono de las jornadas; la creaci\u00f3n del M\u00e1ster en Optometr\u00eda Cl\u00ednica y Contactolog\u00eda Avanzada y la iniciativa a trav\u00e9s de c\u00f3digos Navilens fueron cuatro novedades que se anunciaron a los colegiados asistentes a las XXII Jornadas Cient\u00edficas Andaluzas sobre la Visi\u00f3n en C\u00e1diz.<\/strong><\/p>\n<div data-shortcode=\"caption\" id=\"attachment_7022\" style=\"width: 710px\" class=\"wp-caption aligncenter\"><img loading=\"lazy\" decoding=\"async\" aria-describedby=\"caption-attachment-7022\" data-attachment-id=\"7022\" data-permalink=\"https:\/\/coooaoptometria.com\/2024\/06\/11\/el-coooa-presenta-importantes-novedades-en-sus-xxii-jornadas-cientificas-andaluzas\/blanca-fernandez-jornadas\/\" data-orig-file=\"https:\/\/coooaoptometria.com\/wp-content\/uploads\/2024\/06\/blanca-fernandez-jornadas.jpg\" data-orig-size=\"1018,538\" data-comments-opened=\"1\" data-image-meta=\"{&quot;aperture&quot;:&quot;0&quot;,&quot;credit&quot;:&quot;Daniel&quot;,&quot;camera&quot;:&quot;&quot;,&quot;caption&quot;:&quot;&quot;,&quot;created_timestamp&quot;:&quot;1718120614&quot;,&quot;copyright&quot;:&quot;&quot;,&quot;focal_length&quot;:&quot;0&quot;,&quot;iso&quot;:&quot;0&quot;,&quot;shutter_speed&quot;:&quot;0&quot;,&quot;title&quot;:&quot;&quot;,&quot;orientation&quot;:&quot;0&quot;}\" data-image-title=\"Blanca FErn\u00e1ndez Jornadas\" data-image-description=\"\" data-image-caption=\"&lt;p&gt;Blanca Fern\u00e1ndez, decana-presidenta del Colegio Oficial de \u00d3pticos-Optometristas de Andaluc\u00eda&lt;\/p&gt; \" data-medium-file=\"https:\/\/coooaoptometria.com\/wp-content\/uploads\/2024\/06\/blanca-fernandez-jornadas.jpg?w=300\" data-large-file=\"https:\/\/coooaoptometria.com\/wp-content\/uploads\/2024\/06\/blanca-fernandez-jornadas.jpg?w=700\" class=\"size-large wp-image-7022\" src=\"https:\/\/coooaoptometria.com\/wp-content\/uploads\/2024\/06\/blanca-fernandez-jornadas.jpg?w=700\" alt=\"\" width=\"700\" height=\"370\" \/><\/p>\n<p id=\"caption-attachment-7022\" class=\"wp-caption-text\">Blanca Fern\u00e1ndez, decana-presidenta del Colegio Oficial de \u00d3pticos-Optometristas de Andaluc\u00eda<\/p>\n<\/div>\n<p>Los m\u00e1s de 200 asistentes a las XXII Jornadas Cient\u00edficas Andaluzas sobre la Visi\u00f3n celebradas el pasado mes de marzo en C\u00e1diz por el Colegio Oficial de \u00d3pticos-Optometristas de Andaluc\u00eda pudieron ampliar sus conocimientos sobre salud visual en atenci\u00f3n primaria pedi\u00e1trica y geri\u00e1trica de la mano de los expertos ponentes invitados a este encuentro de inter\u00e9s cient\u00edfico. Adem\u00e1s de las interesantes conferencias que contaron con una gran aceptaci\u00f3n por parte de los presentes, desde el COOOA se dieron a conocer una serie de novedades que est\u00e1 llevando o llevar\u00e1 a cabo el colegio profesional sanitario andaluz de manera pr\u00f3xima en el tiempo.<\/p>\n<p><strong>Compromiso para la creaci\u00f3n de la plaza de \u00f3ptico-optometrista en la sanidad p\u00fablica andaluza<\/strong><br \/>\nLa m\u00e1s importante de estas novedades fue la confirmaci\u00f3n de Eva Pajares, delegada de Salud de la Junta de Andaluc\u00eda en C\u00e1diz, del compromiso por el cual, pr\u00f3ximamente, se crear\u00e1 la plaza de \u00f3ptico-optometrista como personal estatutario en la sanidad p\u00fablica andaluza. As\u00ed se puso de manifiesto tras la reuni\u00f3n mantenida por representantes de la Consejer\u00eda de Salud de la Junta de Andaluc\u00eda como la consejera Catalina Garc\u00eda, la directora gerente del Servicio Andaluz de Salud Valle Garc\u00eda; y el secretario general de Humanizaci\u00f3n, Planificaci\u00f3n, Atenci\u00f3n Sociosanitaria y Consumo, Francisco Javier V\u00e1zquez, con Blanca Fern\u00e1ndez y Esteban Moreno, decana-presidenta y vicesecretario general del COOOA, respectivamente.<\/p>\n<div data-shortcode=\"caption\" id=\"attachment_7024\" style=\"width: 710px\" class=\"wp-caption aligncenter\"><img loading=\"lazy\" decoding=\"async\" aria-describedby=\"caption-attachment-7024\" data-attachment-id=\"7024\" data-permalink=\"https:\/\/coooaoptometria.com\/2024\/06\/11\/el-coooa-presenta-importantes-novedades-en-sus-xxii-jornadas-cientificas-andaluzas\/novedades\/\" data-orig-file=\"https:\/\/coooaoptometria.com\/wp-content\/uploads\/2024\/06\/novedades.jpg\" data-orig-size=\"1020,447\" data-comments-opened=\"1\" data-image-meta=\"{&quot;aperture&quot;:&quot;0&quot;,&quot;credit&quot;:&quot;Daniel&quot;,&quot;camera&quot;:&quot;&quot;,&quot;caption&quot;:&quot;&quot;,&quot;created_timestamp&quot;:&quot;0&quot;,&quot;copyright&quot;:&quot;&quot;,&quot;focal_length&quot;:&quot;0&quot;,&quot;iso&quot;:&quot;0&quot;,&quot;shutter_speed&quot;:&quot;0&quot;,&quot;title&quot;:&quot;&quot;,&quot;orientation&quot;:&quot;0&quot;}\" data-image-title=\"Novedades\" data-image-description=\"\" data-image-caption=\"&lt;p&gt;De izquierda a derecha: Francisco Javier V\u00e1zquez, secretario general de Humanizaci\u00f3n, Planificaci\u00f3n, Atenci\u00f3n Sociosanitaria y Consumo de la Junta de Andaluc\u00eda; Catalina Garc\u00eda, consejera de Salud y Consumo; Blanca Fern\u00e1ndez, decana-presidenta del COOOA; Valle Garc\u00eda, directora gerente del SAS; y Esteban Moreno, vicesecretario general del COOOA&lt;\/p&gt; \" data-medium-file=\"https:\/\/coooaoptometria.com\/wp-content\/uploads\/2024\/06\/novedades.jpg?w=300\" data-large-file=\"https:\/\/coooaoptometria.com\/wp-content\/uploads\/2024\/06\/novedades.jpg?w=700\" class=\"size-large wp-image-7024\" src=\"https:\/\/coooaoptometria.com\/wp-content\/uploads\/2024\/06\/novedades.jpg?w=700\" alt=\"\" width=\"700\" height=\"307\" \/><\/p>\n<p id=\"caption-attachment-7024\" class=\"wp-caption-text\">De izquierda a derecha: Francisco Javier V\u00e1zquez, secretario general de Humanizaci\u00f3n, Planificaci\u00f3n, Atenci\u00f3n Sociosanitaria y Consumo de la Junta de Andaluc\u00eda; Catalina Garc\u00eda, consejera de Salud y Consumo; Blanca Fern\u00e1ndez, decana-presidenta del COOOA; Valle Garc\u00eda, directora gerente del SAS; y Esteban Moreno, vicesecretario general del COOOA<\/p>\n<\/div>\n<p><strong>Compensaci\u00f3n de la huella de carbono<\/strong><br \/>\nContinuando con su l\u00ednea sostenible, el COOOA anunci\u00f3 que, una vez finalizado el evento, calcular\u00e1 la huella de carbono en base a la estimaci\u00f3n de gases nocivos que ha emitido a la atm\u00f3sfera en ese periodo, con el objetivo de compensarla mediante un proyecto medioambiental de reforestaci\u00f3n.<\/p>\n<p><strong>M\u00e1ster en Optometr\u00eda Cl\u00ednica y Contactolog\u00eda Avanzada<\/strong><br \/>\nTambi\u00e9n se dio a conocer en primicia la aprobaci\u00f3n por parte de la Junta de Andaluc\u00eda de este nuevo t\u00edtulo de M\u00e1ster, solicitado por la Facultad de Farmacia y el \u00c1rea de \u00d3ptica de la Universidad de Sevilla y apoyado por el COOOA, que se impartir\u00e1 en la universidad hispalense a partir del curso 2025\/2026.<\/p>\n<div data-shortcode=\"caption\" id=\"attachment_7023\" style=\"width: 710px\" class=\"wp-caption aligncenter\"><img decoding=\"async\" aria-describedby=\"caption-attachment-7023\" loading=\"lazy\" data-attachment-id=\"7023\" data-permalink=\"https:\/\/coooaoptometria.com\/2024\/06\/11\/el-coooa-presenta-importantes-novedades-en-sus-xxii-jornadas-cientificas-andaluzas\/novedades-jornadas\/\" data-orig-file=\"https:\/\/coooaoptometria.com\/wp-content\/uploads\/2024\/06\/novedades-jornadas.jpg\" data-orig-size=\"1022,447\" data-comments-opened=\"1\" data-image-meta=\"{&quot;aperture&quot;:&quot;0&quot;,&quot;credit&quot;:&quot;Daniel&quot;,&quot;camera&quot;:&quot;&quot;,&quot;caption&quot;:&quot;&quot;,&quot;created_timestamp&quot;:&quot;1718120651&quot;,&quot;copyright&quot;:&quot;&quot;,&quot;focal_length&quot;:&quot;0&quot;,&quot;iso&quot;:&quot;0&quot;,&quot;shutter_speed&quot;:&quot;0&quot;,&quot;title&quot;:&quot;&quot;,&quot;orientation&quot;:&quot;0&quot;}\" data-image-title=\"Novedades jornadas\" data-image-description=\"\" data-image-caption=\"&lt;p&gt;C\u00f3digos Navilens expuestos en las instalaciones del Parador de C\u00e1diz&lt;\/p&gt; \" data-medium-file=\"https:\/\/coooaoptometria.com\/wp-content\/uploads\/2024\/06\/novedades-jornadas.jpg?w=300\" data-large-file=\"https:\/\/coooaoptometria.com\/wp-content\/uploads\/2024\/06\/novedades-jornadas.jpg?w=700\" class=\"size-large wp-image-7023\" src=\"https:\/\/coooaoptometria.com\/wp-content\/uploads\/2024\/06\/novedades-jornadas.jpg?w=700\" alt=\"\" width=\"700\" height=\"306\" \/><\/p>\n<p id=\"caption-attachment-7023\" class=\"wp-caption-text\">C\u00f3digos Navilens expuestos en las instalaciones del Parador de C\u00e1diz<\/p>\n<\/div>\n<p><strong>Iniciativa c\u00f3digos Navilens<\/strong><br \/>\nDurante la celebraci\u00f3n de las jornadas, el COOOA present\u00f3 a los asistentes su proyecto piloto con el uso de c\u00f3digos Navilens. Esta novedosa iniciativa que ser\u00e1 comunicada en pr\u00f3ximas fechas a los colegiados andaluces, tiene como fin que personas con Baja Visi\u00f3n o dificultades visuales capturen estos c\u00f3digos instalados en establecimientos sanitarios de \u00f3ptica andaluces y puedan conocer a trav\u00e9s de su m\u00f3vil informaci\u00f3n de inter\u00e9s relacionada con esta condici\u00f3n visual.<\/p>\n<p>Publicado en <a href=\"https:\/\/coooaoptometria.com\/2024\/06\/11\/el-coooa-presenta-importantes-novedades-en-sus-xxii-jornadas-cientificas-andaluzas\/\" class=\"autohyperlink\">coooaoptometria.com\/2024\/06\/11\/el-coooa-presenta-importantes-novedades-en-sus-xxii-jornadas-cientificas-andaluzas\/<\/a><\/p>\n","protected":false},"excerpt":{"rendered":"<p>El compromiso por parte de la Junta de Andaluc\u00eda para la creaci\u00f3n de la plaza de \u00f3ptico-optometrista en la sanidad p\u00fablica andaluza; la compensaci\u00f3n de la huella de carbono de las jornadas; la creaci\u00f3n del M\u00e1ster en Optometr\u00eda Cl\u00ednica y Contactolog\u00eda Avanzada y la iniciativa a trav\u00e9s de c\u00f3digos Navilens<\/p>\n","protected":false},"author":2,"featured_media":0,"comment_status":"closed","ping_status":"closed","sticky":false,"template":"","format":"standard","meta":{"footnotes":""},"categories":[10,4],"tags":[],"class_list":["post-3235","post","type-post","status-publish","format-standard","hentry","category-cuidado-ocular","category-espana"],"publishpress_future_action":{"enabled":false,"date":"2026-05-02 08:37:38","action":"change-status","newStatus":"draft","terms":[],"taxonomy":"category","extraData":[]},"publishpress_future_workflow_manual_trigger":{"enabledWorkflows":[]},"_links":{"self":[{"href":"https:\/\/hlrnet.net\/sites\/actu-es\/wp-json\/wp\/v2\/posts\/3235","targetHints":{"allow":["GET"]}}],"collection":[{"href":"https:\/\/hlrnet.net\/sites\/actu-es\/wp-json\/wp\/v2\/posts"}],"about":[{"href":"https:\/\/hlrnet.net\/sites\/actu-es\/wp-json\/wp\/v2\/types\/post"}],"author":[{"embeddable":true,"href":"https:\/\/hlrnet.net\/sites\/actu-es\/wp-json\/wp\/v2\/users\/2"}],"replies":[{"embeddable":true,"href":"https:\/\/hlrnet.net\/sites\/actu-es\/wp-json\/wp\/v2\/comments?post=3235"}],"version-history":[{"count":0,"href":"https:\/\/hlrnet.net\/sites\/actu-es\/wp-json\/wp\/v2\/posts\/3235\/revisions"}],"wp:attachment":[{"href":"https:\/\/hlrnet.net\/sites\/actu-es\/wp-json\/wp\/v2\/media?parent=3235"}],"wp:term":[{"taxonomy":"category","embeddable":true,"href":"https:\/\/hlrnet.net\/sites\/actu-es\/wp-json\/wp\/v2\/categories?post=3235"},{"taxonomy":"post_tag","embeddable":true,"href":"https:\/\/hlrnet.net\/sites\/actu-es\/wp-json\/wp\/v2\/tags?post=3235"}],"curies":[{"name":"wp","href":"https:\/\/api.w.org\/{rel}","templated":true}]}}