{"id":3241,"date":"2024-06-11T14:36:16","date_gmt":"2024-06-11T14:36:16","guid":{"rendered":"http:\/\/coooaoptometria.com\/?p=6976"},"modified":"2024-06-11T14:36:16","modified_gmt":"2024-06-11T14:36:16","slug":"el-coooa-reconoce-la-colaboracion-de-los-colegiados-participantes-en-la-iniciativa-mirando-por-ti-de-promocion-de-la-salud-visual","status":"publish","type":"post","link":"https:\/\/hlrnet.net\/sites\/actu-es\/2024\/06\/11\/el-coooa-reconoce-la-colaboracion-de-los-colegiados-participantes-en-la-iniciativa-mirando-por-ti-de-promocion-de-la-salud-visual\/","title":{"rendered":"El COOOA reconoce la colaboraci\u00f3n de los colegiados participantes en la iniciativa \u2018Mirando por ti\u2019 de promoci\u00f3n de la salud visual"},"content":{"rendered":"\n\n<div class=\"kk-star-ratings kksr-auto kksr-align-left kksr-valign-top\"\n    data-payload='{&quot;align&quot;:&quot;left&quot;,&quot;id&quot;:&quot;3241&quot;,&quot;slug&quot;:&quot;default&quot;,&quot;valign&quot;:&quot;top&quot;,&quot;ignore&quot;:&quot;&quot;,&quot;reference&quot;:&quot;auto&quot;,&quot;class&quot;:&quot;&quot;,&quot;count&quot;:&quot;0&quot;,&quot;legendonly&quot;:&quot;&quot;,&quot;readonly&quot;:&quot;&quot;,&quot;score&quot;:&quot;0&quot;,&quot;starsonly&quot;:&quot;&quot;,&quot;best&quot;:&quot;5&quot;,&quot;gap&quot;:&quot;5&quot;,&quot;greet&quot;:&quot;Rate this post&quot;,&quot;legend&quot;:&quot;0\\\/5 - (0 votes)&quot;,&quot;size&quot;:&quot;24&quot;,&quot;title&quot;:&quot;El COOOA reconoce la colaboraci\u00f3n de los colegiados participantes en la iniciativa \u2018Mirando por ti\u2019 de promoci\u00f3n de la salud visual&quot;,&quot;width&quot;:&quot;0&quot;,&quot;_legend&quot;:&quot;{score}\\\/{best} - ({count} {votes})&quot;,&quot;font_factor&quot;:&quot;1.25&quot;}'>\n            \n<div class=\"kksr-stars\">\n    \n<div class=\"kksr-stars-inactive\">\n            <div class=\"kksr-star\" data-star=\"1\" style=\"padding-right: 5px\">\n            \n\n<div class=\"kksr-icon\" style=\"width: 24px; height: 24px;\"><\/div>\n        <\/div>\n            <div class=\"kksr-star\" data-star=\"2\" style=\"padding-right: 5px\">\n            \n\n<div class=\"kksr-icon\" style=\"width: 24px; height: 24px;\"><\/div>\n        <\/div>\n            <div class=\"kksr-star\" data-star=\"3\" style=\"padding-right: 5px\">\n            \n\n<div class=\"kksr-icon\" style=\"width: 24px; height: 24px;\"><\/div>\n        <\/div>\n            <div class=\"kksr-star\" data-star=\"4\" style=\"padding-right: 5px\">\n            \n\n<div class=\"kksr-icon\" style=\"width: 24px; height: 24px;\"><\/div>\n        <\/div>\n            <div class=\"kksr-star\" data-star=\"5\" style=\"padding-right: 5px\">\n            \n\n<div class=\"kksr-icon\" style=\"width: 24px; height: 24px;\"><\/div>\n        <\/div>\n    <\/div>\n    \n<div class=\"kksr-stars-active\" style=\"width: 0px;\">\n            <div class=\"kksr-star\" style=\"padding-right: 5px\">\n            \n\n<div class=\"kksr-icon\" style=\"width: 24px; height: 24px;\"><\/div>\n        <\/div>\n            <div class=\"kksr-star\" style=\"padding-right: 5px\">\n            \n\n<div class=\"kksr-icon\" style=\"width: 24px; height: 24px;\"><\/div>\n        <\/div>\n            <div class=\"kksr-star\" style=\"padding-right: 5px\">\n            \n\n<div class=\"kksr-icon\" style=\"width: 24px; height: 24px;\"><\/div>\n        <\/div>\n            <div class=\"kksr-star\" style=\"padding-right: 5px\">\n            \n\n<div class=\"kksr-icon\" style=\"width: 24px; height: 24px;\"><\/div>\n        <\/div>\n            <div class=\"kksr-star\" style=\"padding-right: 5px\">\n            \n\n<div class=\"kksr-icon\" style=\"width: 24px; height: 24px;\"><\/div>\n        <\/div>\n    <\/div>\n<\/div>\n                \n\n<div class=\"kksr-legend\" style=\"font-size: 19.2px;\">\n            <span class=\"kksr-muted\">Rate this post<\/span>\n    <\/div>\n    <\/div>\n\n<p>El <strong>Colegio Oficial de \u00d3pticos-Optometristas de Andaluc\u00eda<\/strong> ha agradecido a los colegiados andaluces participantes en la <strong>campa\u00f1a divulgativa \u2018Mirando por ti\u2019<\/strong> su colaboraci\u00f3n en esta iniciativa que busca promocionar la salud visual entre la poblaci\u00f3n.<\/p>\n<p>El pasado 8 de abril, Blanca Fern\u00e1ndez, decana-presidenta, recibi\u00f3 a tres de los \u00f3pticos-optometristas participantes en este proyecto. Fueron <strong>Mar\u00eda Jos\u00e9 Bautista, Julia Bovis y Ricardo Cubiella<\/strong> los que recibieron este galard\u00f3n en forma de <strong>estatu\u00edlla con el logo del Colegio Oficial de \u00d3pticos-Optometristas de Andaluc\u00eda<\/strong> y su nombre, en forma de agradecimiento por colaborar en la iniciativa en la que, respectivamente, incidieron en la labor profesional sanitaria del \u00f3ptico-optometrista, en el control de la miop\u00eda y en la relaci\u00f3n existente entre salud visual y personas mayores.<\/p>\n<\/p>\n<figure class=\"wp-block-image size-large\"><a href=\"https:\/\/coooaoptometria.com\/wp-content\/uploads\/2024\/06\/image-38.png\"><img decoding=\"async\" loading=\"lazy\" width=\"1019\" height=\"450\" data-attachment-id=\"7102\" data-permalink=\"https:\/\/coooaoptometria.com\/2024\/06\/11\/el-coooa-reconoce-la-colaboracion-de-los-colegiados-participantes-en-la-iniciativa-mirando-por-ti-de-promocion-de-la-salud-visual\/image-38-2\/\" data-orig-file=\"https:\/\/coooaoptometria.com\/wp-content\/uploads\/2024\/06\/image-38.png\" data-orig-size=\"1019,450\" data-comments-opened=\"1\" data-image-meta=\"{&quot;aperture&quot;:&quot;0&quot;,&quot;credit&quot;:&quot;&quot;,&quot;camera&quot;:&quot;&quot;,&quot;caption&quot;:&quot;&quot;,&quot;created_timestamp&quot;:&quot;0&quot;,&quot;copyright&quot;:&quot;&quot;,&quot;focal_length&quot;:&quot;0&quot;,&quot;iso&quot;:&quot;0&quot;,&quot;shutter_speed&quot;:&quot;0&quot;,&quot;title&quot;:&quot;&quot;,&quot;orientation&quot;:&quot;0&quot;}\" data-image-title=\"image-38\" data-image-description=\"\" data-image-caption=\"\" data-medium-file=\"https:\/\/coooaoptometria.com\/wp-content\/uploads\/2024\/06\/image-38.png?w=300\" data-large-file=\"https:\/\/coooaoptometria.com\/wp-content\/uploads\/2024\/06\/image-38.png?w=700\" class=\"wp-image-7102\" src=\"https:\/\/coooaoptometria.com\/wp-content\/uploads\/2024\/06\/image-38.png?w=1019\" alt=\"\" \/><\/a><\/figure>\n<\/p>\n<p>En el encuentro, en el que tambi\u00e9n estuvo presente <strong>Bego\u00f1a Antol\u00edn<\/strong>, vocal-delegada en Sevilla, Fern\u00e1ndez reconoci\u00f3 el compromiso de los colegiados por prestar su imagen y ser la cara visible de esta iniciativa y poner en valor el trabajo de los \u00f3pticos-optometristas como profesionales sanitarios de la visi\u00f3n.<\/p>\n<p>Posteriormente,<strong> Blanca Fern\u00e1ndez<\/strong>, se desplaz\u00f3 a Ja\u00e9n para tambi\u00e9n agradecer a los \u00f3pticos-optometristas <strong>Isidoro Raga y Sergio Mart\u00ednez<\/strong> su participaci\u00f3n en la iniciativa, donde abordaron la interacci\u00f3n de los medicamentos en la visi\u00f3n y c\u00f3mo mantener una adecuada salud visual en el teletrabajo y los estudios online, respectivamente.<\/p>\n<p>Tambi\u00e9n recibi\u00f3 el reconocimiento la colegiada <strong>Juana Malo<\/strong>, quien abord\u00f3 los da\u00f1os visuales por el uso abusivo de las gafas premontadas de cerca.<\/p>\n<p>Pr\u00f3ximamente se har\u00e1 entrega de estos reconocimientos a los otros compa\u00f1eros \u00f3pticos-optometristas que tambi\u00e9n han colaborado en la presente edici\u00f3n de \u2018Mirando por ti\u2019.<\/p>\n<figure class=\"wp-block-image size-large\"><a href=\"https:\/\/coooaoptometria.com\/wp-content\/uploads\/2024\/06\/image-39.png\"><img decoding=\"async\" loading=\"lazy\" width=\"899\" height=\"1023\" data-attachment-id=\"7103\" data-permalink=\"https:\/\/coooaoptometria.com\/2024\/06\/11\/el-coooa-reconoce-la-colaboracion-de-los-colegiados-participantes-en-la-iniciativa-mirando-por-ti-de-promocion-de-la-salud-visual\/image-39\/\" data-orig-file=\"https:\/\/coooaoptometria.com\/wp-content\/uploads\/2024\/06\/image-39.png\" data-orig-size=\"1046,1191\" data-comments-opened=\"1\" data-image-meta=\"{&quot;aperture&quot;:&quot;0&quot;,&quot;credit&quot;:&quot;&quot;,&quot;camera&quot;:&quot;&quot;,&quot;caption&quot;:&quot;&quot;,&quot;created_timestamp&quot;:&quot;0&quot;,&quot;copyright&quot;:&quot;&quot;,&quot;focal_length&quot;:&quot;0&quot;,&quot;iso&quot;:&quot;0&quot;,&quot;shutter_speed&quot;:&quot;0&quot;,&quot;title&quot;:&quot;&quot;,&quot;orientation&quot;:&quot;0&quot;}\" data-image-title=\"image-39\" data-image-description=\"\" data-image-caption=\"\" data-medium-file=\"https:\/\/coooaoptometria.com\/wp-content\/uploads\/2024\/06\/image-39.png?w=263\" data-large-file=\"https:\/\/coooaoptometria.com\/wp-content\/uploads\/2024\/06\/image-39.png?w=700\" src=\"https:\/\/coooaoptometria.com\/wp-content\/uploads\/2024\/06\/image-39.png?w=899\" alt=\"\" class=\"wp-image-7103\" \/><\/a><\/figure>\n<p>Publicado en <a href=\"https:\/\/coooaoptometria.com\/2024\/06\/11\/el-coooa-reconoce-la-colaboracion-de-los-colegiados-participantes-en-la-iniciativa-mirando-por-ti-de-promocion-de-la-salud-visual\/\" class=\"autohyperlink\">coooaoptometria.com\/2024\/06\/11\/el-coooa-reconoce-la-colaboracion-de-los-colegiados-participantes-en-la-iniciativa-mirando-por-ti-de-promocion-de-la-salud-visual\/<\/a><\/p>\n","protected":false},"excerpt":{"rendered":"<p>El Colegio Oficial de \u00d3pticos-Optometristas de Andaluc\u00eda ha agradecido a los colegiados andaluces participantes en la campa\u00f1a divulgativa \u2018Mirando por ti\u2019 su colaboraci\u00f3n en esta iniciativa que busca promocionar la salud visual entre la poblaci\u00f3n. El pasado 8 de abril, Blanca Fern\u00e1ndez, decana-presidenta, recibi\u00f3 a tres de los \u00f3pticos-optometristas participantes<\/p>\n","protected":false},"author":2,"featured_media":0,"comment_status":"closed","ping_status":"closed","sticky":false,"template":"","format":"standard","meta":{"footnotes":""},"categories":[10,4],"tags":[],"class_list":["post-3241","post","type-post","status-publish","format-standard","hentry","category-cuidado-ocular","category-espana"],"publishpress_future_action":{"enabled":false,"date":"2026-05-02 08:37:39","action":"change-status","newStatus":"draft","terms":[],"taxonomy":"category","extraData":[]},"publishpress_future_workflow_manual_trigger":{"enabledWorkflows":[]},"_links":{"self":[{"href":"https:\/\/hlrnet.net\/sites\/actu-es\/wp-json\/wp\/v2\/posts\/3241","targetHints":{"allow":["GET"]}}],"collection":[{"href":"https:\/\/hlrnet.net\/sites\/actu-es\/wp-json\/wp\/v2\/posts"}],"about":[{"href":"https:\/\/hlrnet.net\/sites\/actu-es\/wp-json\/wp\/v2\/types\/post"}],"author":[{"embeddable":true,"href":"https:\/\/hlrnet.net\/sites\/actu-es\/wp-json\/wp\/v2\/users\/2"}],"replies":[{"embeddable":true,"href":"https:\/\/hlrnet.net\/sites\/actu-es\/wp-json\/wp\/v2\/comments?post=3241"}],"version-history":[{"count":0,"href":"https:\/\/hlrnet.net\/sites\/actu-es\/wp-json\/wp\/v2\/posts\/3241\/revisions"}],"wp:attachment":[{"href":"https:\/\/hlrnet.net\/sites\/actu-es\/wp-json\/wp\/v2\/media?parent=3241"}],"wp:term":[{"taxonomy":"category","embeddable":true,"href":"https:\/\/hlrnet.net\/sites\/actu-es\/wp-json\/wp\/v2\/categories?post=3241"},{"taxonomy":"post_tag","embeddable":true,"href":"https:\/\/hlrnet.net\/sites\/actu-es\/wp-json\/wp\/v2\/tags?post=3241"}],"curies":[{"name":"wp","href":"https:\/\/api.w.org\/{rel}","templated":true}]}}