{"id":3243,"date":"2024-06-11T14:35:26","date_gmt":"2024-06-11T14:35:26","guid":{"rendered":"http:\/\/coooaoptometria.com\/?p=6978"},"modified":"2024-06-11T14:35:26","modified_gmt":"2024-06-11T14:35:26","slug":"ultimas-plazas-para-el-ii-foro-de-optica-y-optometria-sobre-contactologia-avanzada-del-coooa-y-clinica-el-brillante-en-cordoba","status":"publish","type":"post","link":"https:\/\/hlrnet.net\/sites\/actu-es\/2024\/06\/11\/ultimas-plazas-para-el-ii-foro-de-optica-y-optometria-sobre-contactologia-avanzada-del-coooa-y-clinica-el-brillante-en-cordoba\/","title":{"rendered":"\u00daltimas plazas para el II Foro de \u00d3ptica y Optometr\u00eda sobre Contactolog\u00eda Avanzada del COOOA y Cl\u00ednica El Brillante en C\u00f3rdoba"},"content":{"rendered":"\n\n<div class=\"kk-star-ratings kksr-auto kksr-align-left kksr-valign-top\"\n    data-payload='{&quot;align&quot;:&quot;left&quot;,&quot;id&quot;:&quot;3243&quot;,&quot;slug&quot;:&quot;default&quot;,&quot;valign&quot;:&quot;top&quot;,&quot;ignore&quot;:&quot;&quot;,&quot;reference&quot;:&quot;auto&quot;,&quot;class&quot;:&quot;&quot;,&quot;count&quot;:&quot;0&quot;,&quot;legendonly&quot;:&quot;&quot;,&quot;readonly&quot;:&quot;&quot;,&quot;score&quot;:&quot;0&quot;,&quot;starsonly&quot;:&quot;&quot;,&quot;best&quot;:&quot;5&quot;,&quot;gap&quot;:&quot;5&quot;,&quot;greet&quot;:&quot;Rate this post&quot;,&quot;legend&quot;:&quot;0\\\/5 - (0 votes)&quot;,&quot;size&quot;:&quot;24&quot;,&quot;title&quot;:&quot;\u00daltimas plazas para el II Foro de \u00d3ptica y Optometr\u00eda sobre Contactolog\u00eda Avanzada del COOOA y Cl\u00ednica El Brillante en C\u00f3rdoba&quot;,&quot;width&quot;:&quot;0&quot;,&quot;_legend&quot;:&quot;{score}\\\/{best} - ({count} {votes})&quot;,&quot;font_factor&quot;:&quot;1.25&quot;}'>\n            \n<div class=\"kksr-stars\">\n    \n<div class=\"kksr-stars-inactive\">\n            <div class=\"kksr-star\" data-star=\"1\" style=\"padding-right: 5px\">\n            \n\n<div class=\"kksr-icon\" style=\"width: 24px; height: 24px;\"><\/div>\n        <\/div>\n            <div class=\"kksr-star\" data-star=\"2\" style=\"padding-right: 5px\">\n            \n\n<div class=\"kksr-icon\" style=\"width: 24px; height: 24px;\"><\/div>\n        <\/div>\n            <div class=\"kksr-star\" data-star=\"3\" style=\"padding-right: 5px\">\n            \n\n<div class=\"kksr-icon\" style=\"width: 24px; height: 24px;\"><\/div>\n        <\/div>\n            <div class=\"kksr-star\" data-star=\"4\" style=\"padding-right: 5px\">\n            \n\n<div class=\"kksr-icon\" style=\"width: 24px; height: 24px;\"><\/div>\n        <\/div>\n            <div class=\"kksr-star\" data-star=\"5\" style=\"padding-right: 5px\">\n            \n\n<div class=\"kksr-icon\" style=\"width: 24px; height: 24px;\"><\/div>\n        <\/div>\n    <\/div>\n    \n<div class=\"kksr-stars-active\" style=\"width: 0px;\">\n            <div class=\"kksr-star\" style=\"padding-right: 5px\">\n            \n\n<div class=\"kksr-icon\" style=\"width: 24px; height: 24px;\"><\/div>\n        <\/div>\n            <div class=\"kksr-star\" style=\"padding-right: 5px\">\n            \n\n<div class=\"kksr-icon\" style=\"width: 24px; height: 24px;\"><\/div>\n        <\/div>\n            <div class=\"kksr-star\" style=\"padding-right: 5px\">\n            \n\n<div class=\"kksr-icon\" style=\"width: 24px; height: 24px;\"><\/div>\n        <\/div>\n            <div class=\"kksr-star\" style=\"padding-right: 5px\">\n            \n\n<div class=\"kksr-icon\" style=\"width: 24px; height: 24px;\"><\/div>\n        <\/div>\n            <div class=\"kksr-star\" style=\"padding-right: 5px\">\n            \n\n<div class=\"kksr-icon\" style=\"width: 24px; height: 24px;\"><\/div>\n        <\/div>\n    <\/div>\n<\/div>\n                \n\n<div class=\"kksr-legend\" style=\"font-size: 19.2px;\">\n            <span class=\"kksr-muted\">Rate this post<\/span>\n    <\/div>\n    <\/div>\n\n<p>El <strong>Colegio Oficial de \u00d3pticos-Optometristas de Andaluc\u00eda<\/strong> y la <strong>Cl\u00ednica El Brillante de C\u00f3rdoba<\/strong> organizan el pr\u00f3ximo s\u00e1bado 15 de junio el II Foro de \u00d3ptica y Optometr\u00eda, que en esta edici\u00f3n tendr\u00e1 la Contactolog\u00eda Avanzada como tem\u00e1tica principal.<\/p>\n<p>Se trata de un <strong>foro de alto nivel formativo<\/strong>, que se celebrar\u00e1 en el Palacio de Congresos y Exposiciones de la capital cordobesa, frente a la Mezquita Catedral, con una previsi\u00f3n de asistencia de 200 profesionales sanitarios de la visi\u00f3n andaluces y a nivel nacional.<\/p>\n<p>Este encuentro profesional estar\u00e1 <strong>dirigido a profesionales sanitarios \u00f3pticos-optometristas<\/strong> que desarrollan su trabajo en establecimientos \u00f3pticos y\/o entornos sanitarios (cl\u00ednicas y hospitales), as\u00ed como a oftalm\u00f3logos y farmac\u00e9uticos con establecimientos con secci\u00f3n de \u00f3ptica.<\/p>\n<p>El Foro constar\u00e1 de <strong>doce conferencias impartidas por profesionales de referencia del \u00e1mbito de la \u00f3ptica y la oftalmolog\u00eda<\/strong>, proveedores y laboratorios del sector, en las que se abordar\u00e1n \u00e1mbitos de la Contactolog\u00eda como queratocono, topograf\u00eda corneal, ojo seco, IPL, lentes de contacto esclerales, terap\u00e9uticas, multifocales o para el control de la miop\u00eda, etc.<\/p>\n<p>Adem\u00e1s, participar\u00e1n los principales proveedores de los productos m\u00e1s relevantes relacionados con la Contactolog\u00eda y \u00d3ptica (CooperVision, Markennovy, Alcon, Zeiss, Thea Pharma, Optomap\u2026) que participar\u00e1n en conferencias y contar\u00e1n con stands propios.<\/p>\n<p>Todos aquellos colegiados que se inscriban en el foto podr\u00e1n obtener cr\u00e9ditos para el programa de Validaci\u00f3n Peri\u00f3dica Colegial VPC. Adem\u00e1s de la asistencia, incluye el programa de exposiciones y espacio de networking, desayuno completo, comida almuerzo de mediod\u00eda y dos coffe breaks.<\/p>\n<p><img decoding=\"async\" loading=\"lazy\" data-attachment-id=\"7112\" data-permalink=\"https:\/\/coooaoptometria.com\/2024\/06\/11\/ultimas-plazas-para-el-ii-foro-de-optica-y-optometria-sobre-contactologia-avanzada-del-coooa-y-clinica-el-brillante-en-cordoba\/foro-el-brllante\/\" data-orig-file=\"https:\/\/coooaoptometria.com\/wp-content\/uploads\/2024\/06\/foro-el-brllante.jpg\" data-orig-size=\"1258,780\" data-comments-opened=\"1\" data-image-meta=\"{&quot;aperture&quot;:&quot;0&quot;,&quot;credit&quot;:&quot;Daniel&quot;,&quot;camera&quot;:&quot;&quot;,&quot;caption&quot;:&quot;&quot;,&quot;created_timestamp&quot;:&quot;1718123697&quot;,&quot;copyright&quot;:&quot;&quot;,&quot;focal_length&quot;:&quot;0&quot;,&quot;iso&quot;:&quot;0&quot;,&quot;shutter_speed&quot;:&quot;0&quot;,&quot;title&quot;:&quot;&quot;,&quot;orientation&quot;:&quot;0&quot;}\" data-image-title=\"foro el brllante\" data-image-description=\"\" data-image-caption=\"\" data-medium-file=\"https:\/\/coooaoptometria.com\/wp-content\/uploads\/2024\/06\/foro-el-brllante.jpg?w=300\" data-large-file=\"https:\/\/coooaoptometria.com\/wp-content\/uploads\/2024\/06\/foro-el-brllante.jpg?w=700\" class=\"aligncenter size-large wp-image-7112\" src=\"https:\/\/coooaoptometria.com\/wp-content\/uploads\/2024\/06\/foro-el-brllante.jpg?w=700\" alt=\"\" width=\"700\" height=\"434\" \/><\/p>\n<p>Publicado en <a href=\"https:\/\/coooaoptometria.com\/2024\/06\/11\/ultimas-plazas-para-el-ii-foro-de-optica-y-optometria-sobre-contactologia-avanzada-del-coooa-y-clinica-el-brillante-en-cordoba\/\" class=\"autohyperlink\">coooaoptometria.com\/2024\/06\/11\/ultimas-plazas-para-el-ii-foro-de-optica-y-optometria-sobre-contactologia-avanzada-del-coooa-y-clinica-el-brillante-en-cordoba\/<\/a><\/p>\n","protected":false},"excerpt":{"rendered":"<p>El Colegio Oficial de \u00d3pticos-Optometristas de Andaluc\u00eda y la Cl\u00ednica El Brillante de C\u00f3rdoba organizan el pr\u00f3ximo s\u00e1bado 15 de junio el II Foro de \u00d3ptica y Optometr\u00eda, que en esta edici\u00f3n tendr\u00e1 la Contactolog\u00eda Avanzada como tem\u00e1tica principal. Se trata de un foro de alto nivel formativo, que se<\/p>\n","protected":false},"author":2,"featured_media":0,"comment_status":"closed","ping_status":"closed","sticky":false,"template":"","format":"standard","meta":{"footnotes":""},"categories":[10,4],"tags":[],"class_list":["post-3243","post","type-post","status-publish","format-standard","hentry","category-cuidado-ocular","category-espana"],"publishpress_future_action":{"enabled":false,"date":"2026-05-02 08:36:18","action":"change-status","newStatus":"draft","terms":[],"taxonomy":"category","extraData":[]},"publishpress_future_workflow_manual_trigger":{"enabledWorkflows":[]},"_links":{"self":[{"href":"https:\/\/hlrnet.net\/sites\/actu-es\/wp-json\/wp\/v2\/posts\/3243","targetHints":{"allow":["GET"]}}],"collection":[{"href":"https:\/\/hlrnet.net\/sites\/actu-es\/wp-json\/wp\/v2\/posts"}],"about":[{"href":"https:\/\/hlrnet.net\/sites\/actu-es\/wp-json\/wp\/v2\/types\/post"}],"author":[{"embeddable":true,"href":"https:\/\/hlrnet.net\/sites\/actu-es\/wp-json\/wp\/v2\/users\/2"}],"replies":[{"embeddable":true,"href":"https:\/\/hlrnet.net\/sites\/actu-es\/wp-json\/wp\/v2\/comments?post=3243"}],"version-history":[{"count":0,"href":"https:\/\/hlrnet.net\/sites\/actu-es\/wp-json\/wp\/v2\/posts\/3243\/revisions"}],"wp:attachment":[{"href":"https:\/\/hlrnet.net\/sites\/actu-es\/wp-json\/wp\/v2\/media?parent=3243"}],"wp:term":[{"taxonomy":"category","embeddable":true,"href":"https:\/\/hlrnet.net\/sites\/actu-es\/wp-json\/wp\/v2\/categories?post=3243"},{"taxonomy":"post_tag","embeddable":true,"href":"https:\/\/hlrnet.net\/sites\/actu-es\/wp-json\/wp\/v2\/tags?post=3243"}],"curies":[{"name":"wp","href":"https:\/\/api.w.org\/{rel}","templated":true}]}}